{"id":134,"date":"2019-09-19T21:06:50","date_gmt":"2019-09-19T21:06:50","guid":{"rendered":"http:\/\/ricercando.eu\/?p=134"},"modified":"2019-09-19T22:50:19","modified_gmt":"2019-09-19T22:50:19","slug":"zwischenruf-zum-world-climate-day-20-september-2019-ohne-ideologisierung-wuerde-die-energiewende-wahrscheinlich-besser-klappen","status":"publish","type":"post","link":"https:\/\/ricercando.eu\/?p=134","title":{"rendered":"ZWISCHENRUF &#8211; zum &#8222;World Climate Day&#8220;,                20. September 2019 : ohne  Ideologisierung w\u00fcrde die &#8222;Energiewende&#8220; wahrscheinlich besser klappen."},"content":{"rendered":"\n<p><strong>Copyright zu diesem Text liegt vollst\u00e4ndig und ausschliesslich bei:<\/strong><br>FiNiTESTi PUBLISHING, <strong>Berlin<\/strong>,Deutschland \u2013 <strong>North Berwick<\/strong>, Scotland\/UK &#8211;<br><strong>Duino-Aurisina<\/strong>\/TS, Repubblica Italiana<\/p>\n\n\n\n<p class=\"has-text-color has-background has-vivid-red-color has-light-green-cyan-background-color\"><strong>(admin -at- ricercando . eu)<\/strong><\/p>\n\n\n\n<p> <strong>Missachtungen der Eigentums- und Nutzungsrechte, unbefugtes <\/strong><br> <strong>Verwenden, Kopieren, Verlinken, Weiterleiten, Kommentieren usw. <\/strong><br> <strong>von Texten, Textteilen und s\u00e4mtlichen Photos, einzeln, auch in <\/strong><br> <strong>Montagen, Kontexten, Zusammenstellungen ohne Genehmigung <\/strong><br> <strong>werden STRAFRECHTLICH SCH\u00c4RFSTENS VERFOLGT !<\/strong>&nbsp;&nbsp;&nbsp;&nbsp;                                                      <\/p>\n\n\n\n<p>                                                                                    20. September 2019<\/p>\n\n\n\n<p>Die so genannte &#8222;Energiewende&#8220; in Deutschland ist au\u00dferordentlich schlecht und realit\u00e4tsfremd durchgef\u00fchrt worden.<br><br>Es  ist zwar w\u00fcnschenswert, so viel wie m\u00f6glich auf &#8222;regenerative Energien&#8220;  umzustellen, jedoch mu\u00df man daf\u00fcr auch entsprechend ausgereifte Technologien haben und dies kritisch und wissenschaftlich betrachten und durchf\u00fchren.<br><br>Jedoch kann dies nur von Industrien erreicht werden,  die auch entsprechendes Kapital, Manpower und Wissenschaftliche  Mitarbeiter haben.<br>Deutschland jedoch erkl\u00e4rt eine Greta zur Heiligen und l\u00e4\u00dft sich von so genannten &#8222;Kapitalismus- Kritikern&#8220; vor sich  hertreiben, die &#8222;Wissenschaftlichkeit&#8220; f\u00fcr sich reklamieren, sich aber anti-wissenschaftlich, dogmatisch verhalten, wenig Ahnung von der Umsetzbarkeit ihrer Vorstellungen vermitteln,  und ausgerechnet die einzigen zum &#8222;Feind&#8220; erkl\u00e4ren,  die die &#8222;Energiewende&#8220; erreichen und technisch m\u00f6glich machen k\u00f6nnen.<br>Diese  G\u00f6ren scheinen die realen Probleme der Machbarkeit einer  &#8222;Energiewende&#8220; nicht wahrzunehmen und nicht kritisch zu betrachten, sondern erscheinen als  verzogene &#8222;idealistische&#8220; Pubertierende, die lieber die Schule schw\u00e4nzen  statt sich kritisch zu bilden.<\/p>\n\n\n\n<p>Es  erscheint, als wurde z.B. bei der &#8222;Energiewende&#8220; von Frau (Dr. der Physik) Merkel  vermittelt, es ginge nur darum, ein paar Kraftwerke abzuschalten,  Vogelschredder und Sonnenkollektoren in die Gegend zu stellen, dabei ist das Hauptproblem die Fortbewegung, der Verkehr, und die Entwicklung von Kraftstoffen dazu.<br>Mit &#8222;Elektroautos&#8220;  und &#8222;Flugscham&#8220; schafft man die L\u00f6sung dieser Problematik sicher niemals  ! &#8211; sondern eher nur z.B. mit synthetischen Kraftstoffen, die auch CO2-frei  w\u00e4ren.<\/p>\n\n\n\n<p>Hier sind  andere L\u00e4nder wie Japan, aber auch &#8222;klassische&#8220; Erd\u00f6l- Lieferanten-  L\u00e4nder weiter als Deutschland, vielleicht weil sie dort keine verzogenen G\u00f6ren haben, die mit &#8222;Forderungen&#8220; herumpl\u00e4rren,  sondern weil dort eher erwachsen und in Ruhe geforscht werden kann.<\/p>\n\n\n\n<p>In  Deutschland und ganz Mitteleuropa gibt es z.B. einfach nicht genug  erneuerbare Energien, um den Bedarf an synthetischen Kraftstoffen zu  decken.<br>&nbsp;<br>Die Grundidee der &#8222;Energiewende&#8220;, dass Deutschland  &#8222;energieautark&#8220; sein soll, ist unsinnig, allein von den  Gr\u00f6\u00dfenordnungen her unm\u00f6glich.<\/p>\n\n\n\n<p>Auch z.B. das Postulat von den &#8222;Null-Energie-H\u00e4usern&#8220; ist komplett realit\u00e4tsfremd.<br>Die einzige Folge der &#8222;W\u00e4rmeschutzverordnung&#8220; ist, dass diese zu einer deutlichen Steigerung der Baukosten gef\u00fchrt hat<\/p>\n\n\n\n<p>Eine  klimaneutrale Geb\u00e4udeheizung lie\u00dfe sich nur mit synthetischen  Treibstoffen erreichen, z.B. synthetischem Erdgas, also Methan.<br>Man k\u00f6nnte es \u00fcber existierende Leitungen transportieren und in Blockheizkraftwerken verbrennen. <br>In  diesen lie\u00dfe sich das entstehende Kohlendioxid abfangen und dann wieder zu den Produktionsanlagen von synthetischem Erdgas bringen. Das ist nicht einzeln in jedem Wohnhaus m\u00f6glich.<\/p>\n\n\n\n<p>Dazu m\u00fc\u00dfte man &#8222;aber&#8220; die &#8222;Energiekonzerne&#8220; st\u00e4rken und ihnen entsprechende Innovationen erm\u00f6glichen, statt sie zu beschimpfen.<\/p>\n\n\n\n<p>Methanol\n bereitet allerdings erstens noch ein paar technische Schwierigkeiten, \nzweitens wird Deutschland niemals genug Rohstoffe zur Herstellung haben.<\/p>\n\n\n\n<p>Wasserstoff  hingegen g\u00e4be es genug, es hat den gro\u00dfen Vorteil, dass er nicht in  einem Kreislauf gef\u00fchrt werden muss &#8211; \u00fcberall gibt es Wasser, aus dem  Wasserstoff gewonnen werden kann, und \u00fcberall gibt es Sauerstoff, den man zum Verbrennen von Wasserstoff braucht.<\/p>\n\n\n\n<p>Der  gro\u00dfe Nachteil ist hier die niedrige Energiedichte: es muss viel  Energie aufgewendet werden, um Wasserstoff hinreichend zu verdichten.  Der Transport und die Speicherung von Hochdruck-Wasserstoff ist daher nicht einfach, auch der Umgang mit diesem Gas trotz Sicherheitstechnik  nicht ganz ungef\u00e4hrlich.<\/p>\n\n\n\n<p>Japan  (Toyota) hat z.B. ein Schiff gebaut, das nach dem Prinzip der Bindung  von Wasserstoff an ein Tr\u00e4geratom oder -molek\u00fcl 300.000 Tonnen  Wasserstoff transportieren kann; in Fl\u00fcssigkeiten chemisch gespeicherter  Wasserstoff w\u00e4re z.B. eine Option f\u00fcr diverse Anwendungen. <br>In Japan  gibt es wom\u00f6glich weniger Luisas und Gretas, die ha\u00dferf\u00fcllt gegen  &#8222;Gro\u00dfkonzerne&#8220; wie Toyota &#8222;demonstrieren&#8220; &#8211; sondern das klare Bewu\u00dftsein  davon, dass nur solche kapitalstarke Unternehmen etwas voranbringen  k\u00f6nnen, ist dort vielleicht klarer verbreitet als die pubert\u00e4r-&#8222;linke&#8220; Ideologie,  welche von der &#8222;Freien Presse&#8220; und den &#8222;\u00f6ffentlich-rechtlichen  Qualit\u00e4ts&#8220;-&#8222;Journalisten&#8220; hierzulande kolportiert wird.<br>&nbsp;<br>Deutschland  importiert 80 Prozent seiner Energie aus dem Ausland und das wird sich  voraussichtlich in Zukunft nicht wesentlich \u00e4ndern k\u00f6nnen. Also m\u00fcsste man z.B.  erneuerbare Energien in eine transportierbare Form bringen, sie m\u00fcssten  ebenfalls global handelbar sein, damit es hierzulande und weltweit eine  CO2&#8211;neutrale Zukunft geben kann.<\/p>\n\n\n\n<p>Mit Kapitalismus-&#8222;Hass&#8220; wird das schwierig.<\/p>\n\n\n\n<p>Dabei\n sind L\u00e4nder, die heute Erd\u00f6l und -gas exportieren, nach jetzigem Stand \nk\u00fcnftig auch Lieferanten von synthetischen Treibstoffen, wenn nicht \nDeutschland und Europa diese Technologien ENTSCHIEDEN und DIREKT \nF\u00d6RDERN, statt die B\u00fcrger mit absolut SINNLOSEN und KONTRAPRODUKTIVEN \n&#8222;CO2-Steuern&#8220; zu belasten !!, die NIRGENDS ohne explizite entschiedene \nZIELSETZUNG irgendeine &#8222;Regenerative Energiewende&#8220; voranbringen werden, \nsie erh\u00f6hen nur das Steueraufkommen f\u00fcr unf\u00e4hige Politiker und deren \n&#8222;Staaten&#8220;.<\/p>\n\n\n\n<p>Entsprechende\n Anlagen entstehen zum Beispiel bereits in Saudi-Arabien. Da wird in \ngro\u00dfem Ma\u00dfstab Wasser thermisch gespalten und so Wasserstoff gewonnen. \nDieser wird mit CO2 aus Erdgasquellen zu synthetischen Treibstoffen \nverarbeitet. <br>Auch China will ganz gro\u00df in dieses Gesch\u00e4ft \neinsteigen. Da geht es um Anlagen, die im 100-Millionen-Tonnen-Ma\u00dfstab \nKraftstoffe produzieren sollen, die man dann exportieren kann.<\/p>\n\n\n\n<p>**\u00dcberall\n auf der Welt gibt es da Aktivit\u00e4ten, nur nicht in Europa. Dabei k\u00f6nnte \nman die Sonne in L\u00e4ndern wie Spanien oder Griechenland zur Produktion \nsynthetischer Treibstoffe nutzen.**<\/p>\n\n\n\n<p>Dabei kann eben Deutschland nicht &#8222;energieautark&#8220; werden. <br>Europa  insgesamt k\u00f6nnte es aber schon eher, in S\u00fcdeuropa gibt es genug  Sonnenenergie, die nicht lokal gebraucht wird, um ausreichende erhebliche Mengen an synthetischen Kraftstoffen zu produzieren.<\/p>\n\n\n\n<p>Doch\n all das wird man nat\u00fcrlich weder mit &#8222;Menschengemachte Klimakrise \nleugnen&#8220; noch mit &#8222;Hass auf die EU&#8220; noch mit &#8222;Hass auf den Kapitalismus&#8220;\n und mit F\u00e4hnchen schwenkenden in Katastrophen-Szenarien verliebten \nGreta-Girlies erreichen k\u00f6nnen.<\/p>\n\n\n\n<p>Ohne diese krankhafte Ideologisierung w\u00fcrde die &#8222;Energiewende&#8220; wahrscheinlich besser klappen.<\/p>\n\n\n\n<p>Greta und Luisa: geht einfach in die Schule, stoppt Eure Volksverhetzung, und lernt was Ordentliches.<\/p>\n\n\n\n<p>Desgleichen  die AfD und alle &#8222;Freie-Fahrt-f\u00fcr-freie-A&#8230;.l.cher&#8220;- Schreih\u00e4lse: einfach  mal die Fr*sse halten, auch wenn Ihr dann keine Di\u00e4ten vom &#8222;verhassten  Vasallen-Staat der USA&#8220; mehr abgreifen k\u00f6nnt.<\/p>\n\n\n\n<p><\/p>\n","protected":false},"excerpt":{"rendered":"<p>Copyright zu diesem Text liegt vollst\u00e4ndig und ausschliesslich bei:FiNiTESTi PUBLISHING, Berlin,Deutschland \u2013 North Berwick, Scotland\/UK &#8211;Duino-Aurisina\/TS, Repubblica Italiana (admin -at- ricercando . eu) Missachtungen der Eigentums- und Nutzungsrechte, unbefugtes Verwenden, Kopieren, Verlinken, Weiterleiten, Kommentieren usw. von Texten, Textteilen und s\u00e4mtlichen Photos, einzeln, auch in Montagen, Kontexten, Zusammenstellungen ohne Genehmigung werden STRAFRECHTLICH SCH\u00c4RFSTENS VERFOLGT !&nbsp;&nbsp;&nbsp;&nbsp; 20. &hellip; <\/p>\n<p class=\"link-more\"><a href=\"https:\/\/ricercando.eu\/?p=134\" class=\"more-link\"><span class=\"screen-reader-text\">\u201eZWISCHENRUF &#8211; zum &#8222;World Climate Day&#8220;,                20. September 2019 : ohne  Ideologisierung w\u00fcrde die &#8222;Energiewende&#8220; wahrscheinlich besser klappen.\u201c <\/span>weiterlesen<\/a><\/p>\n","protected":false},"author":2,"featured_media":0,"comment_status":"closed","ping_status":"closed","sticky":false,"template":"","format":"aside","meta":{"footnotes":""},"categories":[1],"tags":[],"class_list":["post-134","post","type-post","status-publish","format-aside","hentry","category-uncategorized","post_format-post-format-aside"],"_links":{"self":[{"href":"https:\/\/ricercando.eu\/index.php?rest_route=\/wp\/v2\/posts\/134","targetHints":{"allow":["GET"]}}],"collection":[{"href":"https:\/\/ricercando.eu\/index.php?rest_route=\/wp\/v2\/posts"}],"about":[{"href":"https:\/\/ricercando.eu\/index.php?rest_route=\/wp\/v2\/types\/post"}],"author":[{"embeddable":true,"href":"https:\/\/ricercando.eu\/index.php?rest_route=\/wp\/v2\/users\/2"}],"replies":[{"embeddable":true,"href":"https:\/\/ricercando.eu\/index.php?rest_route=%2Fwp%2Fv2%2Fcomments&post=134"}],"version-history":[{"count":4,"href":"https:\/\/ricercando.eu\/index.php?rest_route=\/wp\/v2\/posts\/134\/revisions"}],"predecessor-version":[{"id":138,"href":"https:\/\/ricercando.eu\/index.php?rest_route=\/wp\/v2\/posts\/134\/revisions\/138"}],"wp:attachment":[{"href":"https:\/\/ricercando.eu\/index.php?rest_route=%2Fwp%2Fv2%2Fmedia&parent=134"}],"wp:term":[{"taxonomy":"category","embeddable":true,"href":"https:\/\/ricercando.eu\/index.php?rest_route=%2Fwp%2Fv2%2Fcategories&post=134"},{"taxonomy":"post_tag","embeddable":true,"href":"https:\/\/ricercando.eu\/index.php?rest_route=%2Fwp%2Fv2%2Ftags&post=134"}],"curies":[{"name":"wp","href":"https:\/\/api.w.org\/{rel}","templated":true}]}}