{"id":224,"date":"2021-03-10T15:29:08","date_gmt":"2021-03-10T15:29:08","guid":{"rendered":"http:\/\/ricercando.eu\/?p=224"},"modified":"2021-03-10T15:29:08","modified_gmt":"2021-03-10T15:29:08","slug":"pas-vraiment-du-cahiers-not-really-from-notebooks-02","status":"publish","type":"post","link":"https:\/\/ricercando.eu\/?p=224","title":{"rendered":"Pas vraiment (du CAHIERS) \u2013 Not really (from NOTEBOOKS) 02"},"content":{"rendered":"\n<p>I\u00b4m in it \u2013 but it\u00b4s not about me \/ J\u2019y suis \u2013 mais c\u00b4est pas de moi<br>als <a rel=\"noreferrer noopener\" href=\"https:\/\/ricercando.eu\/wp-content\/uploads\/2021\/03\/Cahier-Notebooks-02-MISC-MARCH-10-2021.pdf\" data-type=\"URL\" data-id=\"https:\/\/ricercando.eu\/wp-content\/uploads\/2021\/03\/Cahier-Notebooks-02-MISC-MARCH-10-2021.pdf\" target=\"_blank\">pdf<\/a> : <a rel=\"noreferrer noopener\" href=\"https:\/\/ricercando.eu\/wp-content\/uploads\/2021\/03\/Cahier-Notebooks-02-MISC-MARCH-10-2021.pdf\" target=\"_blank\">HIER<\/a><br><\/p>\n\n\n\n<p class=\"has-text-color\" style=\"color:#466ba4\"><strong>06.Ein \u201eNiki The Blogger\u201c stellt eine \u201eFrage\u201c:<br>&lt;&lt;&nbsp;&nbsp; Was mir nie jemand logisch beantworten konnte:<\/strong><strong><\/strong><\/p>\n\n\n\n<p class=\"has-text-color\" style=\"color:#466ba4\"><strong>Wenn jemand freiwillig nach Deutschland kommt, warum soll er sich dann nicht anpassen m\u00fcssen und deutsch leben ? Warum kommt man \u00fcberhaupt in ein Land, wenn man das Leben dort gar nicht attraktiv findet?\u201c&nbsp; &gt;&gt; <\/strong><strong><\/strong><\/p>\n\n\n\n<p class=\"has-text-color\" style=\"color:#466ba4\"><strong>&#8222;Deutsch Leben&#8220; wird aber bereits von Deutschen selbst h\u00f6chst unterschiedlich interpretiert.<\/strong><strong><\/strong><\/p>\n\n\n\n<p class=\"has-text-color\" style=\"color:#466ba4\"><strong>Ein &#8222;Deutsch Leben&#8220; kann es gerade in Deutschland nicht geben, weil es z.B. auch keine Kollektivrechtsprechung gibt, nur Individualrecht.<\/strong><strong><\/strong><\/p>\n\n\n\n<p class=\"has-text-color\" style=\"color:#466ba4\"><strong>Von daher wirkt diese Frage etwas widerspr\u00fcchlich: man hat einen schweren Stand dabei, z.B. &#8222;Kleidungsvorschriften&#8220; in anderen L\u00e4ndern zu kritisieren, wenn man selbst &#8222;f\u00fcr Deutsche&#8220; eine bestimmte Lebensweise als allgemein verbindlich behaupten will.<\/strong><strong><\/strong><\/p>\n\n\n\n<p class=\"has-text-color\" style=\"color:#466ba4\"><strong>Ein krachlederner Oberbayer lebt anders &#8222;deutsch&#8220; als Start-Up-Unternehmer in Hamburg, Professoren in Frankfurt, \u00d6ko-Bauern in Brandenburg oder ein Pfarrer auf der Schw\u00e4bischen Alb.<\/strong><strong><\/strong><\/p>\n\n\n\n<p class=\"has-text-color\" style=\"color:#466ba4\"><strong>Daher k\u00f6nnen und d\u00fcrfen nat\u00fcrlich auch Einwanderer sehr unterschiedlich leben, ein einheitliches &#8222;Deutsch Leben&#8220; gibt es ja gerade nicht.<\/strong><strong><\/strong><\/p>\n\n\n\n<p class=\"has-text-color\" style=\"color:#466ba4\"><strong>Deshalb d\u00fcrfen Einwanderer nat\u00fcrlich *pers\u00f6nlich* so leben, wie sie es z.B. &#8222;streng gl\u00e4ubig&#8220; nennen, aber &#8222;nicht deutsch&#8220; w\u00e4re auf jeden Fall, dann anderen Eingewanderten die eigene Lebensweise vorzuschreiben, sie als &#8222;Ungl\u00e4ubige&#8220; oder auch &#8222;Unangepasste&#8220; zu verfolgen, da im deutschen Grundgesetz die W\u00fcrde und grunds\u00e4tzliche Freiheit der Person festgeschrieben ist, das Individualrecht, w\u00e4hrend es kein Kollektivrecht gibt, aber &#8222;deutsch&#8220; ist das nicht, weil das auch in allen anderen &#8222;westlichen&#8220; L\u00e4ndern so ist.<\/strong><strong><\/strong><\/p>\n\n\n\n<p class=\"has-text-color\" style=\"color:#466ba4\"><strong>In allen L\u00e4ndern mit &#8222;Islam&#8220; als &#8222;Mehrheits&#8220;- oder &#8222;Staats&#8220;- Religion ist dies beispielsweise nicht der Fall, dort gibt es das Kollektivrecht, die Menschenrechte werden unter &#8222;Gottesvorbehalt&#8220; gestellt, &#8222;Ungl\u00e4ubige&#8220; werden diskriminiert. Sehr vielen, die ohne Bedenken dem Islam \u201eReligionsfreiheit\u201c zugestehen wollen, gehen davon aus, in \u201eislamischen Staaten\u201c bestehe grunds\u00e4tzlich der gleiche Zustand gesetzlich garantierter pers\u00f6nlicher Freiheit wie \u201eim Westen\u201c.<br>Sie sind nicht informiert \u00fcber die Realit\u00e4t in der gesamten \u201eIslamischen Welt\u201c, wollen aber sehr genau wissen, diese Realit\u00e4t der gesamten \u201eIslamischen Welt\u201c habe \u201enichts mit dem Islam zu tun\u201c, und wer etwas anderes feststelle, f\u00fcr den werden Begriffe wie \u201eislamophob\u201c erfunden.<\/strong><strong><\/strong><\/p>\n\n\n\n<p class=\"has-text-color\" style=\"color:#466ba4\"><strong>Wer den beschriebenen real existierenden Islam attraktiv findet, ihn \u201erelativiert\u201c und ihn nicht vollst\u00e4ndig ablehnt, hat jedoch in <em><u>keinem<\/u><\/em> &#8222;westlichen&#8220; Land etwas verloren.<\/strong><\/p>\n\n\n\n<p class=\"has-text-color\" style=\"color:#8c1887\"><strong>07. <\/strong><strong>Wer, wie so viele, es \u201euns\u00e4glich\u201c finden will, \u201eRechts\u201c- und \u201eLinks\u201c- \u201eExtremismus\u201c gegeneinander \u201eaufzurechnen\u201c, sollte vielleicht mal dar\u00fcber nachdenken, ob es diese \u201eUnterscheidung\u201c von \u201eLinks\u201c- und \u201eRechts\u201c-(\u201eExtremismus\u201c) so \u00fcberhaupt geben kann oder sollte, und auch, ob es \u00fcberhaupt eine Unterscheidung zwischen \u201eLinks\u201c-Sein(-Wollen) und \u201eRechts\u201c-Sein(-Wollen) und \u201eExtremismus\u201c geben kann, ob also nicht \u201eLinks\u201c- und \u201eRechts\u201c-Sein unweigerlich in \u201eExtremismus\u201c m\u00fcnden m\u00fcssen, und nicht vielmehr eine solche \u201eUnterscheidung\u201c uns\u00e4glich sein k\u00f6nnte \u2013 \u00e4hnlich wie bei Islam\/ Islam\u201cismus\u201c.<\/strong><\/p>\n\n\n\n<p class=\"has-text-color\" style=\"color:#8c1887\"><strong>Denn befindet man sich einmal auf solchem Pfad, dann gibt es kein Zur\u00fcck mehr, es beginnt eine Endlos- Spirale.<\/strong><\/p>\n\n\n\n<p class=\"has-text-color\" style=\"color:#8c1887\"><strong>Wer die &#8222;Diskussion Rechts oder Links uns\u00e4glich&#8220; finden will, sollte sich dann f\u00fcr die Erkenntnisse der Totalitarismustheorien z.B. von Hannah Arendt einsetzen, welche tats\u00e4chlich die behaupteten &#8222;Dichotomien&#8220; von &#8222;Links&#8220;\/&#8220;Rechts&#8220;, &#8222;Faschismus&#8220;\/ &#8222;Antifaschismus&#8220; als irreal darlegen und z.B. klar aufzeigen, dass &#8222;Hitler weitaus n\u00e4her an Stalin als an Mussolini&#8220; war.<\/strong><\/p>\n\n\n\n<p class=\"has-text-color\" style=\"color:#8c1887\"><strong>WARUM wohl kommt genau das nicht als bestimmend in die \u00f6ffentliche Diskussion ? Weil es von &#8222;Links&#8220; \u2013 also eher oder gerade von denen, die sich \u00fcber die &#8222;uns\u00e4gliche &#8218;Rechts&#8217;\/&#8217;Links&#8216;- &#8218;Diskussion'&#8220; ereifern \u2013 verhindert wird, die ihre unver\u00e4nderbare N\u00e4he zum Totalit\u00e4ren und Faschistoiden nicht erkennen, und nicht eingestehen wollen, und die ihre vorgebliche &#8222;Daseinsberechtigung&#8220; allein aus dem k\u00fcnstlichen Herstellen eines &#8222;Antifaschismus&#8220; herzustellen versuchen.<\/strong><\/p>\n\n\n\n<p class=\"has-text-color\" style=\"color:#8c1887\"><strong>In Wahrheit provozieren sie den Faschismus selbst, sie stellen &#8222;Rechte&#8220; selbst her durch Zensur und Tabuisierung \u2013 ohne diese von ihnen selbst verst\u00e4rkte &#8222;Gefahr&#8220; g\u00e4be es keine SED(&#8222;Linke&#8220;) mehr, und faschistoide Haltungen verst\u00e4rken sich wesentlich durch Abdr\u00e4ngung des Tabuisierten in das \u201erechtsextreme Milieu\u201c.<\/strong><\/p>\n\n\n\n<p class=\"has-text-color\" style=\"color:#8c1887\"><strong>Ganz \u00e4hnlich wie Islam-\u201eGl\u00e4ubige\u201c selbst durch Verbot von Kritik und \u201eSchm\u00e4hung\u201c ihres \u201eGlaubens\u201c oder des \u201ePropheten\u201c so genannte \u201eIslamophobie\u201c selbst herstellen bzw. deren Berechtigung ja gerade best\u00e4tigen: denn vor einer \u201eReligion\u201c, die ihre Ablehnung untersagt, verfolgt und bedroht, kann man vollkommen zu Recht nur Angst haben, und lehnt diese selbstverst\u00e4ndlich mit vollem Recht ab.<\/strong><\/p>\n\n\n\n<p class=\"has-text-color\" style=\"color:#8c1887\"><strong>So wie es keine &#8222;Wohnungsnot&#8220; mehr g\u00e4be, wenn SED(&#8222;Linke&#8220;) und Bruderparteien ihre eigenen Fehler zugeben und korrigieren w\u00fcrden, Wohnungsbau, Eigentumsf\u00f6rderung oder andere Formen \u201ebezahlbaren Wohnens\u201c forcieren w\u00fcrden.<\/strong><\/p>\n\n\n\n<p class=\"has-text-color\" style=\"color:#8c1887\"><strong>Aber dann k\u00f6nnten sie ja nicht mehr der &#8222;b\u00f6sen Wohnungswirtschaft&#8220; und \u201egierigen Investoren\u201c die Schuld geben und nicht mehr terroristisch &#8222;Enteignung&#8220; kreischend und Volksverhetzung betreibend durch die Stra\u00dfen marodieren, und niemand w\u00fcrde sie mehr &#8222;w\u00e4hlen&#8220;, so wie ohne permanenten gewaltt\u00e4tigen Druck, \u201eApostasie-Verbot\u201c und Entrechtung und Verfolgung aller \u201eUngl\u00e4ubigen\u201c kaum jemand mehr dem \u201eIslam\u201c anh\u00e4ngen w\u00fcrde.<\/strong><\/p>\n\n\n\n<p class=\"has-text-color\" style=\"color:#8c1887\"><strong>Aufgrund dieser frappierenden \u00c4hnlichkeiten wird die \u201eSympathie\u201c von \u201eLinken\u201c gegen\u00fcber dem Islam offensichtlich, es wird klar, warum gerade so viele SED(\u201eLinke\u201c)-W\u00e4hler des Stalinismus zum Rechtspopulismus abwandern \u2013 und die scheinbare \u201eGegnerschaft\u201c von Rechtsradikalen\/ Rechtspopulisten und dem ungeistes\u00e4hnlichen \u201eIslam\u201c wird unerkl\u00e4rlich: man schaue sich nur mal \u201eWahl\u201c- Postillen \u201eIslamischer\u201c Parteien wie \u201eBiG\u201c an und vergleiche deren Aussagen mit denen der \u201eAfD\u201c. Da w\u00e4chst zusammen, was zusammen auf den Schrotthaufen geh\u00f6rt.<\/strong><\/p>\n\n\n\n<p><strong>Buchempfehlung \u00fcber<\/strong><strong>\/<\/strong><strong>gegen die Mythen von<\/strong><strong> <\/strong><strong>\u201e<\/strong><strong>Kapitalismus<\/strong><strong>&#8211;<\/strong><strong>Kritikern<\/strong><strong>\u201c:<\/strong><\/p>\n\n\n\n<p><strong>PLUMPE,Werner: \u201eDas kalte Herz \u2013 Kapitalismus: die Geschichte einer andauernden Revoution\u201c (Berlin, Rowohlt Berlin\/ 2019, ISBN 978 387 134 7542) 800 S., 34 \u20ac<\/strong><\/p>\n\n\n\n<p class=\"has-text-color has-background\" style=\"background-color:#eef3f4;color:#3b751a\"><strong>08. <\/strong><strong>Dass Hitler eindeutig n\u00e4her an Stalin einzuordnen ist als an Mussolini, stellte also u.a. Hannah Arendt fest.<\/strong><strong><\/strong><\/p>\n\n\n\n<p class=\"has-text-color has-background\" style=\"background-color:#eef3f4;color:#3b751a\"><strong>Die entscheidende Frage ist aber doch, was wir aus der Vergangenheit lernen sollten ?<\/strong><strong><\/strong><\/p>\n\n\n\n<p class=\"has-text-color has-background\" style=\"background-color:#eef3f4;color:#3b751a\"><strong>Auch heute sehen wir *wieder* eine solche *Zangenbewegung* gegen den Kapitalismus\/ Liberalismus, auf der einen Seite erneut von &#8222;Linken&#8220; und &#8222;Links&#8220;-&#8222;Liberalen&#8220;\/ selbst ernannten &#8222;Anti-Rassisten&#8220; (die vorgeblichen &#8222;Antirassismus&#8220; perfide f\u00fcr ihren Kapitalismus-Hass benutzen (die &#8222;Unterdr\u00fcckten&#8220; sind ihnen egal), auf der anderen Seite vom (gerade f\u00fcr &#8222;Linke&#8220; bezeichnend offensichtlich attraktiv) Totalitarismus des Islam, dessen Staatskapitalismus wie auch demselben z.B. in China oder auch dem &#8222;national&#8220;-&#8222;liberalen&#8220; Russland.<\/strong><strong><\/strong><\/p>\n\n\n\n<p class=\"has-text-color has-background\" style=\"background-color:#eef3f4;color:#3b751a\"><strong>Auch heute ger\u00e4t der Liberalismus wieder unter Druck, da er nun mal keine einfachen &#8222;L\u00f6sungen&#8220; bereitstellt, sondern an die *Selbst*verantwortung der Menschen appelliert.<\/strong><strong><\/strong><\/p>\n\n\n\n<p class=\"has-text-color has-background\" style=\"background-color:#eef3f4;color:#3b751a\"><strong>Das ist nat\u00fcrlich viel schwieriger als, nur &#8222;Forderungen&#8220; an &#8222;den Staat&#8220; zu stellen oder die &#8222;Schuld&#8220; an allem \u00dcbel in &#8222;den Besitzverh\u00e4ltnissen&#8220; sehen zu wollen, was aber gerade heute zunehmend irreal ist, denn gerade in &#8222;ges\u00e4ttigten&#8220; M\u00e4rkten k\u00f6nnen Unternehmen und Hersteller nicht mehr jeden Sch&#8230; an alle m\u00f6glichen Leute verscherbeln, &#8222;sogar Arme&#8220; sind l\u00e4ngst anspruchsvoller.<\/strong><strong><\/strong><\/p>\n\n\n\n<p class=\"has-text-color has-background\" style=\"background-color:#eef3f4;color:#3b751a\"><strong>Doch solange &#8222;Linke&#8220; diese Anspr\u00fcche ungebrochen als &#8222;Nebenwiderspr\u00fcche&#8220; sehen wollen und verzweifelt nach Anspruchslosen und &#8222;Ausgebeuteten&#8220; suchen, um ihre Engsicht zu &#8222;best\u00e4tigen&#8220;, erreichen sie die Menschen eben nicht.<\/strong><strong><\/strong><\/p>\n\n\n\n<p class=\"has-text-color has-background\" style=\"background-color:#eef3f4;color:#3b751a\"><strong>&#8222;Linke&#8220; wollen in ihrer R\u00fcckst\u00e4ndigkeit und Verbissenheit nicht erkennen, dass doch genau in dieser &#8222;Anspruchshaltung&#8220; das beschworene selbstbestimmte Wesen des &#8222;neuen Menschen&#8220; aufscheinen k\u00f6nnte, dass hier das entstehen k\u00f6nnte, was der &#8222;Kommunismus&#8220; anzustreben behauptet, &#8222;Erbe der b\u00fcrgerlichen Werte der Aufkl\u00e4rung&#8220; zu sein.<\/strong><strong><\/strong><\/p>\n\n\n\n<p class=\"has-text-color has-background\" style=\"background-color:#eef3f4;color:#3b751a\"><strong>Sie rennen weiterhin den von ihnen aufgestellten Dichotomien und &#8222;Widerspr\u00fcchen&#8220; hinterher, statt zu erkennen, dass der Liberalismus \/ Kapitalismus nicht per se &#8222;Ausbeutung&#8220; sein mu\u00df, sondern lediglich so entstanden ist, aber eben nicht so bleiben mu\u00df.<\/strong><strong><\/strong><\/p>\n\n\n\n<p class=\"has-text-color has-background\" style=\"background-color:#eef3f4;color:#3b751a\"><strong>Der Kapitalismus kann auf (zu viel) Ausbeutung verzichten, er kann aus anderen Werten sch\u00f6pfen.<\/strong><strong><\/strong><\/p>\n\n\n\n<p class=\"has-text-color has-background\" style=\"background-color:#eef3f4;color:#3b751a\"><strong>Der &#8222;Kommunismus&#8220; kann hierauf NICHT verzichten: er braucht f\u00fcr seine &#8222;Existenzberechtigung&#8220; einen &#8222;b\u00f6sen&#8220; Kapitalismus: deshalb versucht er verzweifelt, daran festzuhalten und ihn zu bewahren &#8230; zu &#8222;beweisen&#8220;.<\/strong><strong><\/strong><\/p>\n\n\n\n<p class=\"has-text-color has-background\" style=\"background-color:#eef3f4;color:#3b751a\"><strong>Er &#8222;sieht&#8220; ihn \u00fcberall: wie ein Geisteskranker.<\/strong><strong><\/strong><\/p>\n\n\n\n<p class=\"has-text-color has-background\" style=\"background-color:#eef3f4;color:#3b751a\"><strong>Der &#8222;Kommunismus&#8220;,&#8220;die Linken&#8220; bejammern scheinheilig z.B. die &#8222;ungleiche Verteilung von Eigentum&#8220;.<\/strong><strong><\/strong><\/p>\n\n\n\n<p class=\"has-text-color has-background\" style=\"background-color:#eef3f4;color:#3b751a\"><strong>Doch der Kapitalismus muss eine gleichere Verteilung nicht f\u00fcrchten &#8211; seine Mechanismen und Ertr\u00e4ge blieben attraktiv auch f\u00fcr Menschen, die es &#8222;nicht n\u00f6tig haben&#8220;, f\u00fcr ihre Existenz zu arbeiten.<\/strong><strong><\/strong><\/p>\n\n\n\n<p class=\"has-text-color has-background\" style=\"background-color:#eef3f4;color:#3b751a\"><strong>Der Kommunismus hingegen ist dringend angewiesen auf Abh\u00e4ngige: abh\u00e4ngig von &#8222;Mieten&#8220; z.B.<\/strong><strong><\/strong><\/p>\n\n\n\n<p class=\"has-text-color has-background\" style=\"background-color:#eef3f4;color:#3b751a\"><strong>Sonst w\u00fcrde er ja nicht *Eigentum bek\u00e4mpfen*, nicht Anteilseigentum schaffende Syndikate (Genossenschaften) sch\u00e4digen, sondern eine riesige Kampagne F\u00dcR Eigentum schaffen &#8230;!?<\/strong><strong><\/strong><\/p>\n\n\n\n<p class=\"has-text-color has-background\" style=\"background-color:#eef3f4;color:#3b751a\"><strong><br>Aber die &#8222;Kommunisten&#8220; wissen ja genau, dass sie dann niemand mehr br\u00e4uchte, niemand mehr &#8222;w\u00e4hlen&#8220; w\u00fcrde.<\/strong><strong><\/strong><\/p>\n\n\n\n<p class=\"has-text-color has-background\" style=\"background-color:#eef3f4;color:#3b751a\"><strong>Der Liberalismus hingegen hat die M\u00f6glichkeit &#8211; ohne sich selbst zu zerst\u00f6ren -, die Werte des Liberalismus, der M\u00fcndigkeit, der Selbstbestimmung und Selbstverantwortung auf so viele wie m\u00f6glich auszudehnen.<\/strong><strong><\/strong><\/p>\n\n\n\n<p class=\"has-text-color has-background\" style=\"background-color:#eef3f4;color:#3b751a\"><strong>Der Unternehmer\/ Unternehmen &#8222;alter Schule&#8220; &#8211; des Wilhelminischen &#8222;bei mir wird produziert was auf den Tisch kommt&#8220; &#8211; wird bald ausgedient haben, er wird zunehmend unpopul\u00e4rer, ebenso wie &#8222;Gewerkschaften&#8220;, die davon abh\u00e4ngig sind, &#8222;Rechte&#8220; zentral und pauschal durchzusetzen, und daf\u00fcr ein &#8222;Bekenntnis&#8220; zum &#8222;Kollektivismus&#8220; erwarten.<\/strong><strong><\/strong><\/p>\n\n\n\n<p class=\"has-text-color has-background\" style=\"background-color:#eef3f4;color:#3b751a\"><strong>Doch Bekenntnisse geh\u00f6ren in das Reich des &#8222;Glaubens&#8220;, nicht der Aufkl\u00e4rung.<\/strong><strong><\/strong><\/p>\n\n\n\n<p class=\"has-text-color has-background\" style=\"background-color:#e3d7da;color:#7d6c3b\"><strong>09. <\/strong><strong>Und weiter an diesem Punkt:<br>Immer wieder wird \u201eUns\u201c die \u201eVolksabstimmung\u201c als \u201ebesonders demokratisch\u201c und die Spiesser-Volksgemeinschaft der Helvetischen Eidgenossenschaft als \u201evorbildlich\u201c angedient \u2013 so auch wieder beim k\u00fcrzlichen \u201eVolksentscheid\u201c dar\u00fcber, ob \u201eBedeckende Kleidung\u201c bzw. \u201eVollverschleierung\u201c erlaubt sein soll oder nicht.<br>Dabei k\u00f6nnen \u201eindividuelle\u201c Fragen wie die des \u201eGlaubens\u201c niemals ohne Entscheidung \u00fcber fundamentale Fragen und den staatlich-rechtlichen Hintergrund der \u201eindividuellen Entscheidungen\u201c betrachtet werden.<br>Wenn \u201eder Staat\u201c nicht in der Lage sein will, anhand der Verfassung klare Richtlinien zu entwerfen und durchzusetzen, \u201ebefragt\u201c er stattdessen \u201edas Volk\u201c ?<\/strong><strong><\/strong><\/p>\n\n\n\n<p class=\"has-text-color has-background\" style=\"background-color:#e3d7da;color:#7d6c3b\"><strong>Fundamentale Fragen jedoch sollten tats\u00e4chlich keinem &#8222;Volksbegehren&#8220; \u00fcberlassen werden; statt dies klarzustellen, wurde auch hier (\u201edem Volk\u201c) suggeriert, es ginge um \u201epers\u00f6nliche\u201c Entscheidungen oder \u201eindividuelle\u201c Freiheit.<\/strong><\/p>\n\n\n\n<p class=\"has-text-color has-background\" style=\"background-color:#e3d7da;color:#7d6c3b\"><strong>Es ist aber *<em><u>Pflicht<\/u><\/em>* des *<em><u>Staates<\/u><\/em>*, <em><u>s\u00e4mtliche muslimischen<\/u><\/em> &#8222;<em><u>Verb\u00e4nde<\/u><\/em>&#8220; und organisierten <em><u>Vertreter verbindlich und unwiderruflich<\/u><\/em> darauf zu <em><u>verpflichten<\/u><\/em>, die Trennung von Staat und Kirche\/ Religion, den grunds\u00e4tzlich <em><u>s\u00e4kularen Staat <\/u><\/em>und dessen Oberhoheit anzuerkennen, was auch bedeutet, dass es **keine &#8222;Unteilbarkeit der Ummah&#8220;** geben kann, dass es absolute Glaubensfreiheit, Individualrecht statt Kollektivrecht zu geben hat, usw., also alles das was es in ALLEN 57 Staaten mit Islam als &#8222;Staats&#8220;(!)religion und\/oder &#8222;Mehrheits&#8220;-Religion *<em><u>nicht <\/u>g<u>ibt<\/u><\/em>*, gem\u00e4\u00df &#8222;Kairoer Erkl\u00e4rung&#8220;, die von ALLEN diesen Staaten unterschrieben wurde und &#8222;Ungl\u00e4ubige&#8220; bestenfalls zu Menschen 2. Klasse macht.<br>Daraus FOLGT eigentlich unabweisbar, dass DER Islam offensichtlich PER SE NICHT mit einem freiheitlichen Rechtsstaat auf Grundlage des Individualrechts vereinbar IST.<br><\/strong><\/p>\n\n\n\n<p class=\"has-text-color has-background\" style=\"background-color:#e3d7da;color:#7d6c3b\"><strong>W\u00fcrde der Staat die Unterschrift unter solche unwiderrufliche Anerkennung der Trennung von Staat und Geistlichkeit verlangen, m\u00fc\u00dften so gut wie alle &#8222;islamischen Verb\u00e4nde&#8220;, &#8222;Auslegungen&#8220;, &#8222;Richtungen&#8220; die Unterschrift verweigern, folglich h\u00e4tte ihre Religionsaus\u00fcbung UNTERSAGT zu werden &#8211; WENN jedoch diese Verb\u00e4nde doch diese unwiderruflichen Erkl\u00e4rungen unterschreiben w\u00fcrden, DANN k\u00f6nnte sich auch jede sich als &#8222;Gl\u00e4ubige(r)&#8220; auff\u00fchren wollende Person sich so vermeintlich &#8222;religi\u00f6s&#8220; kleiden wie sie wollte : es w\u00e4re KEINE BEDROHUNG mehr.<\/strong><\/p>\n\n\n\n<p class=\"has-text-color has-background\" style=\"background-color:#e3d7da;color:#7d6c3b\"><strong>Doch, statt DIES vom STAAT zu fordern &#8211; wie es in Frankreich derzeit versucht wird -, l\u00e4sst \u201eder Staat\u201c die B\u00fcrger allein wie \u201eanti-autorit\u00e4re\u201c Eltern es tun, mit der Folge, dass die B\u00fcrger Kindergarten spielen und trotzig auf ihrem Spielzeug des \u201eVolksentscheid\u201cs bestehen, und so kolportiert die &#8222;Freie Presse&#8220; seit Monaten in Yellow Press-Manier Geschichtchen von &#8222;individuell glaubenden&#8220; Frauen, die &#8222;erkl\u00e4ren&#8220;, warum ihr Kleidungs-Gehabe &#8222;individuell&#8220; sei, &#8222;pers\u00f6nlichen Glauben&#8220; ausdr\u00fccke, als g\u00e4be es die bittere und grausame Realit\u00e4t DES Islam nicht, die absolut unmi\u00dfverst\u00e4ndlich zeigt, dass DER Islam absolut keinerlei Begriff von &#8222;individueller&#8220; Glaubensfreiheit hat und nie haben wird, und dass er dazu GEZWUNGEN werden mu\u00df.<br>DER Islam m\u00f6chte diesen Zwang abwenden, da ihm bewu\u00dft ist, dass er mit Glaubensfreiheit einfach verschwinden w\u00fcrde und tats\u00e4chlich nur noch ein paar Leutchen &#8222;indivduell&#8220; diesem Schwachsinns- &#8222;Glauben&#8220; anh\u00e4ngen w\u00fcrden.<br><\/strong><\/p>\n\n\n\n<p class=\"has-text-color has-background\" style=\"background-color:#e3d7da;color:#7d6c3b\"><strong>Und auf der &#8222;anderen Seite&#8220; der Yellow Press- Darstellungen dann &#8222;k\u00e4mpferische&#8220; Damen wie &#8222;Keller-Messahli&#8220;, die ebenfalls keine solchen Forderungen an DEN STAAT stellt, sondern die Entscheidung dar\u00fcber, ob einer totalit\u00e4ren Ideologie Ausdruck verschafft werden darf oder nicht, allen Ernstes &#8222;dem Volk&#8220; \u00fcberantworten und das dann auch noch &#8222;demokratisch&#8220; nennen wollen.<br><\/strong><\/p>\n\n\n\n<p class=\"has-text-color has-background\" style=\"background-color:#e3d7da;color:#7d6c3b\"><strong>Dabei besteht eine Demokratie nur dann, wenn solche fundamentalen Bedrohungen AUSGESCHLOSSEN und explizit VERBOTEN sind und &#8222;das Volk&#8220; OHNE solche Bedrohung FREI leben und entscheiden kann.<\/strong><strong><\/strong><\/p>\n\n\n\n<p class=\"has-text-color has-background\" style=\"background-color:#e3d7da;color:#7d6c3b\"><strong>Wenn 49% eines &#8222;Volkes&#8220; so dumm sind, daf\u00fcr zu entscheiden, dass Symbole einer totalit\u00e4ren gewaltt\u00e4tigen Verbrecher- Ideologie im Gewand der &#8222;Religion&#8220; zu Recht getragen werden d\u00fcrften mit der logischen Folge, dass dann, wenn eine &#8222;Mehrheit&#8220; irgendwann mal &#8222;f\u00fcr&#8220; eine solche Verbrecher-Ideologie &#8222;demokratisch&#8220; entscheiden sollte, diese Verbrecher- Ideologie dann auch den &#8222;Staat&#8220; \u00fcbernehmen d\u00fcrfte, dann zeigt dies ganz klar, dass &#8222;das Volk&#8220; hier nichts zu &#8222;entscheiden&#8220; haben darf, denn verfassungswidrige und verfassungsgef\u00e4hrdende Inhalte d\u00fcrfen niemals in &#8222;Volksentscheidungen&#8220; zur Abstimmung stehen.<\/strong><strong><\/strong><\/p>\n\n\n\n<p class=\"has-text-color has-background\" style=\"background-color:#e3d7da;color:#7d6c3b\"><strong><br><\/strong><strong>Diese Yellow Press-Suggestion, es ginge um &#8222;individuelle Entscheidungen&#8220;, hat zu verschwinden und als die Volksverdummung erkannt zu werden, die sie ist.<\/strong><strong><\/strong><\/p>\n\n\n\n<p class=\"has-text-color has-background\" style=\"background-color:#e3d7da;color:#7d6c3b\"><strong>Wenn das Volk verdummt werden darf und vom \u201eStaat\u201c alleingelassen wird, k\u00f6nnen &#8222;Volks&#8220;-&#8222;Entscheidungen&#8220; auch nur mehr oder weniger dem gem\u00e4\u00df ausfallen.<\/strong><\/p>\n\n\n\n<p><br>&#8212;&#8212;&#8212;&#8212;&#8212;&#8212;&#8212;&#8212;&#8212;&#8212;&#8212;&#8212;&#8212;&#8212;&#8212;&#8212;&#8212;&#8212;&#8212;&#8212;&#8212;&#8212;&#8212;&#8212;&#8212;&#8212;&#8212;-<\/p>\n\n\n\n<p><br><strong>Copyright zu diesem Text liegt vollst\u00e4ndig und ausschliesslich bei:<\/strong><br>FiNiTESTi PUBLISHING, <strong>Berlin<\/strong>,Deutschland \u2013 <strong>Duino-Aurisina<\/strong>\/TS, Repubblica Italiana \u2013 <strong>North Berwick<\/strong>, East Lothian, Scotland\/UK<\/p>\n\n\n\n<p><strong>Missachtungen der Eigentums- und Nutzungsrechte, unbefugtes Verwenden, Kopieren, Verlinken, Weiterleiten, Kommentieren usw. von Texten, Textteilen und s\u00e4mtlichen Photos, einzeln, auch in Montagen, Kontexten, Zusammenstellungen ohne Genehmigung<\/strong><br><strong>werden STRAFRECHTLICH SCH\u00c4RFSTENS VERFOLGT !<\/strong>\u00a0\u00a0\u00a0\u00a0\u00a0\u00a0\u00a0\u00a0\u00a0\u00a0\u00a0\u00a0\u00a0\u00a0\u00a0\u00a0\u00a0\u00a0\u00a0\u00a0\u00a0\u00a0\u00a0\u00a0\u00a0\u00a0\u00a0\u00a0\u00a0\u00a0\u00a0\u00a0\u00a0 \u00a0\u00a0\u00a0\u00a0\u00a010. M\u00e4rz 2021<\/p>\n\n\n\n<p><strong>Copyright for this text is entirely and exclusively with:<\/strong><\/p>\n\n\n\n<p>FiNiTESTi PUBLISHING, <strong>Berlin<\/strong>, Germany \u2013 <strong>Duino-Aurisina<\/strong>\/TS, Repubblica Italiana \u2013 <strong>North Berwick<\/strong>, East Lothian, Scotland\/UK<\/p>\n\n\n\n<p><strong>Disregard of property and usage rights, unauthorized use, copying, linking, forwarding, commenting etc. of texts, parts of texts and all photos, individually, also in montage, contexts, compilations without permission will indictably be PROSECUTED !\u00a0\u00a0\u00a0\u00a0 <\/strong>\u00a0\u00a0\u00a0\u00a0\u00a0\u00a0\u00a0<\/p>\n\n\n\n<p>March 10th, 2021<\/p>\n","protected":false},"excerpt":{"rendered":"<p>I\u00b4m in it \u2013 but it\u00b4s not about me \/ J\u2019y suis \u2013 mais c\u00b4est pas de moials pdf : HIER 06.Ein \u201eNiki The Blogger\u201c stellt eine \u201eFrage\u201c:&lt;&lt;&nbsp;&nbsp; Was mir nie jemand logisch beantworten konnte: Wenn jemand freiwillig nach Deutschland kommt, warum soll er sich dann nicht anpassen m\u00fcssen und deutsch leben ? Warum kommt &hellip; <\/p>\n<p class=\"link-more\"><a href=\"https:\/\/ricercando.eu\/?p=224\" class=\"more-link\"><span class=\"screen-reader-text\">\u201ePas vraiment (du CAHIERS) \u2013 Not really (from NOTEBOOKS) 02\u201c <\/span>weiterlesen<\/a><\/p>\n","protected":false},"author":2,"featured_media":0,"comment_status":"closed","ping_status":"closed","sticky":false,"template":"","format":"standard","meta":{"footnotes":""},"categories":[18],"tags":[],"class_list":["post-224","post","type-post","status-publish","format-standard","hentry","category-esposito-uno-straniero-qui"],"_links":{"self":[{"href":"https:\/\/ricercando.eu\/index.php?rest_route=\/wp\/v2\/posts\/224","targetHints":{"allow":["GET"]}}],"collection":[{"href":"https:\/\/ricercando.eu\/index.php?rest_route=\/wp\/v2\/posts"}],"about":[{"href":"https:\/\/ricercando.eu\/index.php?rest_route=\/wp\/v2\/types\/post"}],"author":[{"embeddable":true,"href":"https:\/\/ricercando.eu\/index.php?rest_route=\/wp\/v2\/users\/2"}],"replies":[{"embeddable":true,"href":"https:\/\/ricercando.eu\/index.php?rest_route=%2Fwp%2Fv2%2Fcomments&post=224"}],"version-history":[{"count":1,"href":"https:\/\/ricercando.eu\/index.php?rest_route=\/wp\/v2\/posts\/224\/revisions"}],"predecessor-version":[{"id":226,"href":"https:\/\/ricercando.eu\/index.php?rest_route=\/wp\/v2\/posts\/224\/revisions\/226"}],"wp:attachment":[{"href":"https:\/\/ricercando.eu\/index.php?rest_route=%2Fwp%2Fv2%2Fmedia&parent=224"}],"wp:term":[{"taxonomy":"category","embeddable":true,"href":"https:\/\/ricercando.eu\/index.php?rest_route=%2Fwp%2Fv2%2Fcategories&post=224"},{"taxonomy":"post_tag","embeddable":true,"href":"https:\/\/ricercando.eu\/index.php?rest_route=%2Fwp%2Fv2%2Ftags&post=224"}],"curies":[{"name":"wp","href":"https:\/\/api.w.org\/{rel}","templated":true}]}}