{"id":230,"date":"2021-03-28T21:03:37","date_gmt":"2021-03-28T21:03:37","guid":{"rendered":"http:\/\/ricercando.eu\/?p=230"},"modified":"2021-03-28T21:03:37","modified_gmt":"2021-03-28T21:03:37","slug":"pas-vraiment-du-cahiers-not-really-from-notebooks-03","status":"publish","type":"post","link":"https:\/\/ricercando.eu\/?p=230","title":{"rendered":"\u201ePas vraiment (du CAHIERS) \u2013 Not really (from NOTEBOOKS) -03-\u201c"},"content":{"rendered":"\n<p style=\"font-size:28px\">&lt;I\u00b4m in it \u2013 but it\u00b4s not about me \/ J\u2019y suis \u2013 mais c\u00b4est pas de moi><br>Als <a rel=\"noreferrer noopener\" href=\"https:\/\/ricercando.eu\/wp-content\/uploads\/2021\/03\/RICERCANDO-BLOG-Cahier-Notebooks-03-MISC-MARCH-28-2021.pdf\" target=\"_blank\">pdf <\/a>: <strong><a rel=\"noreferrer noopener\" href=\"https:\/\/ricercando.eu\/wp-content\/uploads\/2021\/03\/RICERCANDO-BLOG-Cahier-Notebooks-03-MISC-MARCH-28-2021.pdf\" target=\"_blank\">HIER<\/a><\/strong> !<\/p>\n\n\n\n<p class=\"has-text-color has-background\" style=\"background-color:#dae4ec;color:#0b487a;font-size:12px\"><strong>Copyright zu diesem Text liegt vollst\u00e4ndig und ausschliesslich bei:<\/strong><br>FiNiTESTi PUBLISHING, <strong>Berlin<\/strong>,Deutschland \u2013<strong>Duino-Aurisina<\/strong>\/TS, Repubblica Italiana \u2013 <strong>North Berwick<\/strong>, East Lothian, Scotland\/UK<\/p>\n\n\n\n<p class=\"has-text-color has-background\" style=\"background-color:#d9e4ed;color:#09416f;font-size:12px\"><strong>Missachtungen der Eigentums- und Nutzungsrechte, unbefugtes Verwenden, Kopieren, Verlinken, Weiterleiten, Kommentieren usw. von Texten, Textteilen und s\u00e4mtlichen Photos, einzeln, auch in Montagen, Kontexten, Zusammenstellungen ohne Genehmigung werden STRAFRECHTLICH SCH\u00c4RFSTENS VERFOLGT !<\/strong>\u00a0\u00a0\u00a0\u00a0\u00a028. M\u00e4rz 2021<\/p>\n\n\n\n<p class=\"has-text-color has-background\" style=\"background-color:#f2d0d9;color:#a40a0a\"><strong>Copyright for this text is entirely and exclusively with:<\/strong> FiNiTESTi PUBLISHING, <strong>Berlin<\/strong>, Germany \u2013 <strong>Duino-Aurisina<\/strong>\/TS, Repubblica Italiana \u2013 <strong>North Berwick<\/strong>, East Lothian, Scotland\/UK  &#8211; &#8211; <strong>Disregard of property and usage rights, unauthorized use, copying, linking, forwarding, commenting etc. of texts, parts of texts and all photos, individually, also in montage, contexts, compilations without permission will indictably be  PROSECUTED !\u00a0\u00a0\u00a0\u00a0 <\/strong>                                                                                           March 28th, 2021<\/p>\n\n\n\n<p class=\"has-text-color has-background\" style=\"background-color:#efeea9;color:#095e3f\"><strong>10.<\/strong> <em>Von Orb\u00e1n lernen: Diffamierung statt Inhalt<\/em> &#8211; <strong>Die bayerische<\/strong><strong> &#8222;First Lady\u201c, Ehefrau von Herrn S\u00f6der, soll(e) \u201abem\u00fcht sein\u2018,&nbsp;\u201aihre Rolle\u2018 &#8222;nicht mit jener der Unternehmensinhaberin zu vermischen. <em><u>Ist<\/u><\/em> es aber nicht gerade \u201eihre Rolle\u201c, dass sie nun mal beides ist, \u201eFirst Lady\u201cund Unternehmerin ?<\/strong><strong><\/strong><\/p>\n\n\n\n<p class=\"has-text-color has-background\" style=\"background-color:#efeea9;color:#095e3f\"><strong>Mich selbst interessiert es nicht im Geringsten, wer welche &#8222;Gesch\u00e4fte&#8220; macht, auch nicht ob er damit &#8222;Provisionen&#8220; oder sonstwas erlangt.<\/strong><strong><\/strong><\/p>\n\n\n\n<p class=\"has-text-color has-background\" style=\"background-color:#efeea9;color:#095e3f\"><strong>Wichtig ist nur, was dabei \u00b4rauskommt.<\/strong><strong><\/strong><\/p>\n\n\n\n<p class=\"has-text-color has-background\" style=\"background-color:#efeea9;color:#095e3f\"><strong>&#8222;Neid-Debatten&#8220; sind was f\u00fcr die StaSi und andere Inquisitoren, erstaunlich, dass sich so viele Schreiberlinge oder Leser der \u201eFreien Presse&#8220; daran beteiligen.<\/strong><strong><\/strong><\/p>\n\n\n\n<p class=\"has-text-color has-background\" style=\"background-color:#efeea9;color:#095e3f\"><strong>Manche geben dann vor, es interessiere sie sehr wohl, inwieweit &#8222;politische Entscheidungen dadurch betroffen&#8220; seien.&nbsp;<\/strong><strong>\u201eO<\/strong><strong>rb\u00e1n\u201c, z.B. &#8222;mache es ja vor, was dabei herauskommen kann\u201c.<\/strong><strong><\/strong><\/p>\n\n\n\n<p class=\"has-text-color has-background\" style=\"background-color:#efeea9;color:#095e3f\"><strong>Ob S\u00f6ders das &#8222;wirklich sauber trennen k\u00f6nnten\u201c, falle ihnen zu glauben schwer.<\/strong><\/p>\n\n\n\n<p class=\"has-text-color has-background\" style=\"background-color:#efeea9;color:#095e3f\"><a href=\"https:\/\/www.facebook.com\/sottigliezza?comment_id=Y29tbWVudDo1MjAxMDUyMDI2NjMyNzE5XzUyMDE3NjY5NzY1NjEyMjQ%3D&amp;__cft__%5B0%5D=AZXRkLIw8CKmKnAR7KyqodrpFMDLfxWFygPB-iDmcfVi4SPtQTmnkEvFkL5QX_uow51cgGwAJwM6Lj-d-RfhV-WFA9_3HthXKGi2M_AALPsDCQI8o22pSHQtQYYZyMleed9pSXw6-xw8loTRpO75NEFyMKXSEw80gnbSWgTfXBQoCg&amp;__tn__=R%5D-R\"><strong>Erstens, scheint hier aber mit zweierlei Mass gemessen zu werden &#8211; wenn jemand\/ eine Partei &#8222;direkt von der Wirtschaft&#8220; Spenden erh\u00e4lt, wird es als &#8222;Lobbyismus&#8220; bezeichnet &#8211; wenn z.B. die &#8222;Gr\u00fcnen&#8220; von einem Milliard\u00e4rs-Erben, der &#8222;NGO&#8220;s unterst\u00fctzt, eine halbe Million erhalten, kommt niemand auf die Idee, dass das &#8222;Lobbyismus&#8220; sei, es wird ihm einfach zugebilligt, eine &#8222;gute Sache zu unterst\u00fctzen&#8220;, die die &#8222;Gr\u00fcnen&#8220; allerdings auch ohne diese Spende unterst\u00fctzen w\u00fcrden.<\/strong><\/a><\/p>\n\n\n\n<p class=\"has-text-color has-background\" style=\"background-color:#efeea9;color:#095e3f\"><strong>&nbsp;<\/strong><strong>&#8222;Die Wirtschaft&#8220; gilt offenbar nicht als gute Sache.<\/strong><strong><\/strong><\/p>\n\n\n\n<p class=\"has-text-color has-background\" style=\"background-color:#efeea9;color:#095e3f\"><strong>Parteien, welche &#8222;die Wirtschaft&#8220; unterst\u00fctzen, tun dies jedoch *auch* ohne, dass sie Spenden erhalten.<\/strong><strong><\/strong><\/p>\n\n\n\n<p class=\"has-text-color has-background\" style=\"background-color:#efeea9;color:#095e3f\"><strong>Bei ihnen wird jedoch geargw\u00f6hnt, sie t\u00e4ten das nur &#8222;weil sie Geld von denen bekommen\u201c.<\/strong><strong><\/strong><\/p>\n\n\n\n<p class=\"has-text-color has-background\" style=\"background-color:#efeea9;color:#095e3f\"><strong>Das heisst, zweitens, *warum* und *wie* soll man &#8222;das von einander trennen\u201c&nbsp;?<\/strong><strong><\/strong><\/p>\n\n\n\n<p class=\"has-text-color has-background\" style=\"background-color:#efeea9;color:#095e3f\"><strong>Auch hier interessiert es mich kein St\u00fcck, &#8222;inwieweit seine politischen Entscheidungen dadurch betroffen sind&#8220;, weil das lediglich Unterstellungen sind.<\/strong><strong><\/strong><\/p>\n\n\n\n<p class=\"has-text-color has-background\" style=\"background-color:#efeea9;color:#095e3f\"><strong>Entscheidend ist, was *ich* von NGOs oder bestimmten &#8222;Wirtschafts&#8220;-Unternehmen halte, und *warum*.<\/strong><strong><\/strong><\/p>\n\n\n\n<p class=\"has-text-color has-background\" style=\"background-color:#efeea9;color:#095e3f\"><strong>Es sei wichtig, heisst es dann, dass sich Politiker unbeeinflusst von eigenen wirtschaftlichen und sonstigen Interessen f\u00fcr das entscheiden, was im Sinne ihrer Aufgabe das Beste nach eigenem Wissen und Gewissen sei :&nbsp; das ist selbstverst\u00e4ndlich richtig -, aber ich bin mir z.B. einigerma\u00dfen sicher, dass etwa Frau Merkel keine Zuwendungen z.B. von der &#8222;Pharma-Industrie&#8220; o.a. erh\u00e4lt, sie kann sich &#8218;trotzdem&#8216; offenbar nicht daf\u00fcr &#8218;entscheiden, was im Sinne ihrer Aufgabe das Beste nach eigenem Wissen und Gewissen ist<\/strong><strong>\u2018<\/strong><strong>, &nbsp;denn dass sich jemand nicht entsprechend beeinflussen l\u00e4sst, ist ja noch keine Garantie, dass er die Aufgabe erf\u00fcllen kann.<\/strong><\/p>\n\n\n\n<p class=\"has-text-color has-background\" style=\"background-color:#efeea9;color:#095e3f\"><strong>Es gibt keine &#8222;Unabh\u00e4ngigkeit&#8220;, sondern nur ein mehr oder weniger hohes &#8222;Bewu\u00dftsein von den Abh\u00e4ngigkeiten&#8220; &#8211; so gibt es auch keine &#8222;Unbeeinflussbarkeit&#8220; &#8211; nur ein mehr oder weniger gro\u00dfes, kritisches Bewu\u00dftsein von den Beeinflussungen und Beeinflu\u00dfbarkeiten.<\/strong><strong><\/strong><\/p>\n\n\n\n<p class=\"has-text-color has-background\" style=\"background-color:#efeea9;color:#095e3f\"><strong>Entscheidend f\u00fcr die, welche &#8222;NGO&#8220;s wom\u00f6glich per se f\u00fcr besser und f\u00fcr &#8222;keine Lobbyisten&#8220; halten wollen, &#8222;die Wirtschaft&#8220; aber schon, scheint aber eher zu sein, dass sie die Spenden oder die Zusammenarbeit von Politikern mit &#8222;der Wirtschaft&#8220; zur Diskreditierung und zur Vermeidung von inhaltlicher Auseinandersetzung verwenden oder missbrauchen.<\/strong><strong><\/strong><\/p>\n\n\n\n<p class=\"has-text-color has-background\" style=\"background-color:#efeea9;color:#095e3f\"><strong>So wie Orb\u00e1n es tut.<\/strong><\/p>\n\n\n\n<p class=\"has-text-color has-background\" style=\"background-color:#e4e1e8;color:#035d91\"><strong>11.<\/strong> <strong>\u201eIslam\u201c oder \u201eLockdown\u201c als Versuchslabore des DDR 2.0 -Einsickerungs-Modus:<\/strong><strong><\/strong><\/p>\n\n\n\n<p class=\"has-text-color has-background\" style=\"background-color:#e4e1e8;color:#035d91\"><strong>Was in Diskussionen \u00fcber &#8222;Bedeckende Kleidung Ja oder Nein&#8220; nirgends deutlich wird &#8211; und was klarzustellen eigentlich die <\/strong><strong>PFLICHT<\/strong><strong> der &#8222;Freien Presse&#8220; w\u00e4re statt &#8222;Interviews&#8220; mit irgendwelchen politischen Aktivistinnen mit Kopftuch zu verblasen:<\/strong><strong><\/strong><\/p>\n\n\n\n<p class=\"has-text-color has-background\" style=\"background-color:#e4e1e8;color:#035d91\"><strong>das Problem besteht darin, dass die Thematik *individualisiert* statt *von der Politik bew\u00e4ltigt* wird !<\/strong><strong><\/strong><\/p>\n\n\n\n<p class=\"has-text-color has-background\" style=\"background-color:#e4e1e8;color:#035d91\"><strong>Auch vor der k\u00fcrzlichen &#8222;Volks&#8220;abstimmung in der Schweiz gab es fast ausschliesslich &#8222;pers\u00f6nliche&#8220; Interviews und Stellungnahmen von &#8222;Kopftuchtr\u00e4gerinnen&#8220; oder &#8222;Ablehnerinnen&#8220;, von Aktivistinnen, aber keine grundlegende Betrachtung dazu, *warum* man denn den Islam oder bestimmte sich vordr\u00e4ngelnde &#8222;Richtungen&#8220; ablehnen sollte und wie das politisch umgesetzt werden m\u00fc\u00dfte &#8211; bestimmt nicht mit &#8222;Abstimmungen&#8220; \u00fcber &#8222;Bedeckende Kleidung Ja oder Nein&#8220; !<\/strong><strong><\/strong><\/p>\n\n\n\n<p class=\"has-text-color has-background\" style=\"background-color:#e4e1e8;color:#035d91\"><strong>Die Politik hat es gerade in Deutschland weithin erm\u00f6glicht, dass der f\u00fcr politische Zwecke ausgenutzte Islam in Deutschland \u00fcberall v\u00f6llig unbehelligt Fu\u00df fassen, und allen suggerieren konnte, er sei &#8222;der offizielle einzig richtige Islam&#8220;.<\/strong><strong><\/strong><\/p>\n\n\n\n<p class=\"has-text-color has-background\" style=\"background-color:#e4e1e8;color:#035d91\"><strong>Das Kopftuch ist v\u00f6llig unbestreitbar ein Symbol dieses reaktion\u00e4ren, konservativen Islam &#8211; dabei ist der Islam, den es seit Jahrhunderten in Europa gibt, weitaus vielf\u00e4ltiger.<\/strong><strong><\/strong><\/p>\n\n\n\n<p class=\"has-text-color has-background\" style=\"background-color:#e4e1e8;color:#035d91\"><strong>Man darf sich nicht angew\u00f6hnen, die beschr\u00e4nkte Auffassung anatolischer Hinterw\u00e4ldler f\u00fcr &#8222;den Islam&#8220; zu halten, denn es h\u00e4lt ja auch niemand die Auffassung ugandischer oder russischer Homophober oder niederbayerischer Kirchg\u00e4nger f\u00fcr &#8222;das&#8220; Christentum.<\/strong><strong><\/strong><\/p>\n\n\n\n<p class=\"has-text-color has-background\" style=\"background-color:#e4e1e8;color:#035d91\"><strong>Auch hier hat leider die Regierung Merkel \u2013 und nicht nur diese, denn in etlichen \u201ewestlichen\u201c L\u00e4ndern gibt es massive Probleme mit dem Islam \u2013&nbsp; in 15 Jahren komplett versagt: leider mit Unterst\u00fctzung einer mehrheitlich \u201elinken\u201c und damit pseudo-&#8222;aufkl\u00e4rerischen&#8220; &nbsp;&#8222;Freien Presse&#8220;.<\/strong><strong><\/strong><\/p>\n\n\n\n<p class=\"has-text-color has-background\" style=\"background-color:#e4e1e8;color:#035d91\"><strong>In solcher DDR-Manier ist es auch pervertiert worden,&nbsp; so genannte \u201eQuerdenker&#8220; als &#8222;die&#8220; Lockdown-Kritiker &#8222;gegen die Wissenschaft&#8220; hinzustellen, obwohl etliche Wissenschaftler, wenn sie sich nicht eher als staatlich angestellte Aktivistenauff\u00fchren, selbst den Lockdown erheblich kritisieren &#8211; nur leider von der DDR-Pfarrerstochter nicht ber\u00fccksichtigt werden -, und \u00e4hnlich haben Merkel + Co. mit ihrem DDR-Grauschleier es vermocht, dass sich von Erdogan oder Saudi-Arabien gesponsorte (Semi-)Faschisten als &#8222;der Islam&#8220; darstellen durften, und dass alle v\u00f6llig berechtigte Kritik daran als &#8222;-phob&#8220; oder &#8222;fremdenfeindlich&#8220; diffamiert wird.<\/strong><strong><\/strong><\/p>\n\n\n\n<p class=\"has-text-color has-background\" style=\"background-color:#e4e1e8;color:#035d91\"><strong>Hier bemerken zu wenige, dass dies DDR-Methoden sind, die Merkel \u00fcber das Land gelegt hat: nach diesem \u00e4hnlichen Mustern wurden in der DDR Oppositionelle diffamiert, und dazu noch sind es gerade &#8222;Linke&#8220;, die sich dann realit\u00e4tswidrig auch noch als besonders &#8222;tolerant&#8220; auff\u00fchren und darstellen wollen : diejenigen welche ja den DDR 2.0-Modus &#8222;gut finden&#8220;.<\/strong><strong><\/strong><\/p>\n\n\n\n<p class=\"has-text-color has-background\" style=\"background-color:#e4e1e8;color:#035d91\"><strong>Und in dieser Gemengelage vertreten sie dann v\u00f6llig widerspr\u00fcchlich eine komplett reaktion\u00e4re &#8222;Religions&#8220;-Auffassung, die bereits jedem &#8222;Links&#8220;-Sein total widerspricht, ganz zu schweigen von anti-totalit\u00e4ren und freiheitlichen Denkweisen, die nur leider in Deutschland seit jeher unterbelichtet sind: \u201eDer Wahnsinn, wenn er epidemisch wird, nennt sich \u201aPolitik\u2018\u201c (frei nach Oscar Panizza).<\/strong><strong><\/strong><\/p>\n\n\n\n<p class=\"has-text-color has-background\" style=\"background-color:#e4e1e8;color:#035d91\"><strong>Dabei sind solche beileibe nicht die einzigen eklatanten ungekl\u00e4rten Widerspr\u00fcche &#8222;Linker&#8220;, die jedoch kaum von der &#8222;Freien Presse&#8220; je irgendwo gr\u00fcndlich attackiert werden, weshalb es ausgerechnet diesen &#8222;Linken&#8220; gew\u00e4hrt wird, sich als &#8222;gut&#8220; und &#8222;tolerant&#8220; aufspielen zu d\u00fcrfen, um gleichzeitig das freie kritische Denken \u00fcberall weithin zu kontrollieren, zu ma\u00dfregeln und zu &#8222;verbieten&#8220;. <\/strong><strong><\/strong><\/p>\n\n\n\n<p class=\"has-text-color has-background\" style=\"background-color:#e4e1e8;color:#035d91\"><strong>&#8222;Linke&#8220; sind es daher auch, die mit Abstand am meisten &#8222;melden&#8220;, &#8222;verbieten&#8220;, &#8222;anzeigen&#8220; und Unliebsames mit undefinierbaren Totschlagbegriffen wie \u201eHassrede\u201c zu belegen belieben, wobei ihr eigener Hass nicht thematisiert oder als \u201eWiderstand\u201c und \u00e4hnliches eupemisiert wird.<\/strong><strong><\/strong><\/p>\n\n\n\n<p class=\"has-text-color has-background\" style=\"background-color:#e4e1e8;color:#035d91\"><strong><br>Statt dass also Diskutanten sich beim Thema Islam mit ihren \u201eMeinungen\u201c die K\u00f6pfe einschlagen, sollten sie sich besser erstmal&nbsp; solche \u00dcberwachung, Bevormundung und &#8222;Rassismus&#8220;-\/&#8220;Fremdenfeindlichkeits&#8220;- Diffamierung nach DDR-Manier ganz entschieden verbitten, und endlich an <\/strong><strong>DIE POLITIK<\/strong><strong> die n\u00f6tigen Forderungen stellen statt an einzelne \u201eGl\u00e4ubige\u201c:<\/strong><strong><\/strong><\/p>\n\n\n\n<p class=\"has-text-color has-background\" style=\"background-color:#e4e1e8;color:#035d91\"><strong>dass islamische Verb\u00e4nde und Religionsgemeinschaften, die anerkannt werden wollen, die <\/strong><strong>UNVERBR\u00dcCHLICHE<\/strong><strong> Anerkennung der Trennung von Staat und Religion zu bejahen haben, f\u00fcr alle Zeiten, die absolute Religionsfreiheit, das Individualrecht statt des Sharia-Kollektivrechts usw.: <\/strong><strong>SO<\/strong><strong>, wie es scheinbar <\/strong><strong>ENDLICH<\/strong><strong> jetzt Frankreich &#8211; nach Jahrzehnten des Terrors, der Ausbreitung des islamischen Aktivismus, der Bedrohung und Ermordung und Vertreibung von Juden und teils Christen &#8211; begonnen hat !<\/strong><strong><\/strong><\/p>\n\n\n\n<p class=\"has-text-color has-background\" style=\"background-color:#e4e1e8;color:#035d91\"><strong>Und hier werden eben viele, sehr viele Islam-Gemeinschaften <\/strong><strong>NICHT<\/strong><strong> mitmachen: denn <\/strong><strong>ALLE <\/strong><strong>&#8222;Hauptstr\u00f6mungen&#8220; <\/strong><strong><em><u>DES<\/u><\/em><\/strong><strong> Islam *kennen keine* Trennung von geistlicher und politischer Sph\u00e4re ! &#8211; sondern verurteilen diese als &#8222;Irrlehre&#8220;.<\/strong><strong><\/strong><\/p>\n\n\n\n<p class=\"has-text-color has-background\" style=\"background-color:#e4e1e8;color:#035d91\"><strong>Und DAS unterst\u00fctzen &#8222;Linke&#8220;, wenn sie etwa Kopftuch-Aktivistinnen &#8222;tolerant&#8220; gegen\u00fcbertreten zu m\u00fcssen &#8222;meinen&#8220;. Warum sollten sie es auch nicht unterst\u00fctzen ? Denn \u201eLinke\u201c kennen selbst keinerlei Trennung von Staat und Individuum\/Gesellschaft, sie kennen nur \u201eVergesellschaftung\u201c, das ist ihr \u201eeinzig richtiger\u201c Glaube, gegen den Widerspruch Ketzerei, Abirrung, Irrglaube ist.<br><\/strong><\/p>\n\n\n\n<p class=\"has-text-color has-background\" style=\"background-color:#e4e1e8;color:#035d91\"><strong>Aber nur so &#8211; durch klare Forderungen des Bekenntnisses zum Freiheitlichen Rechtsstaat &#8211; kann die Spreu vom Weizen getrennt werden: bei &#8222;Linken&#8220; wie bei &#8222;Gl\u00e4ubigen&#8220; &#8230;<\/strong><strong><\/strong><\/p>\n\n\n\n<p class=\"has-text-color has-background\" style=\"background-color:#e4e1e8;color:#035d91\"><strong>Wer das Grundgesetz und die absolute Glaubensfreiheit nicht anerkennt, was hat der hier zu suchen ? \u2013 \u201eprivat\u201c kann er doch solcher \u201eMeinung\u201c sein, aber weshalb sollten \u00f6ffentliche grundgesetzwidrige Handlungen oder Satzungen erlaubt sein oder gar gef\u00f6rdert werden ? Dies gilt auch praktisch f\u00fcr die gesamte SED\/&#8220;Linke, die v\u00f6llig ungebrochen auch \u00fcber 30 Jahre nach dem Zusammenbruch ihrer Ideologie &#8222;den Kapitalismus \u00fcberwinden&#8220; wollen.<\/strong><strong><\/strong><\/p>\n\n\n\n<p class=\"has-text-color has-background\" style=\"background-color:#e4e1e8;color:#035d91\"><strong>Die also eine grunds\u00e4tzlich Freie Wirtschaft, mit v\u00f6llig unausweichlichen konsequenten Folgen f\u00fcr *alle* individuelle Freiheit, ablehnen: deshalb haben besonders &#8222;Linke&#8220; wie Lauterbach ja auch keinerlei Problem mit Lockdowns, sie halten solche Freiheitsberaubung f\u00fcr selbstverst\u00e4ndlich, so wie es <\/strong><strong>DER<\/strong><strong> Islam &#8211; jedenfalls in allen vier &#8222;Hauptrichtungen&#8220; &#8211; seit \u00fcber einem Jahrtausend ungebrochen tut.<br><br><\/strong><strong><\/strong><\/p>\n\n\n\n<p class=\"has-text-color has-background\" style=\"background-color:#e4e1e8;color:#035d91\"><strong>Und wenn der Staat dies endlich l\u00f6sen und kl\u00e4ren w\u00fcrde, br\u00e4uchte auch niemand mehr Angst und Vorbehalte gegen\u00fcber sich &#8222;Bedeckend Kleidenden&#8220; zu haben: es w\u00e4re <\/strong><strong>DANN<\/strong><strong> *tats\u00e4chlich* deren Pers\u00f6nliche Entscheidung, denn politische Einflussnahme von &#8222;Rechtgl\u00e4ubigen&#8220;, von Macht mi\u00dfbrauchenden &#8222;Ober- Geistlichen&#8220; w\u00e4re dann keine reale Gefahr mehr, mit der \u201eGl\u00e4ubige\u201c und \u201eUngl\u00e4ubige\u201c allein gelassen w\u00fcrden.<br><br><\/strong><strong><\/strong><\/p>\n\n\n\n<p class=\"has-text-color has-background\" style=\"background-color:#e4e1e8;color:#035d91\"><strong>Dazu m\u00fc\u00dfte freilich auch etwa endlich der uns\u00e4gliche &#8222;Blasphemie&#8220; -Paragraph ERSATZLOS GESTRICHEN werden !<br><br><\/strong><\/p>\n\n\n\n<p class=\"has-text-color has-background\" style=\"background-color:#e4e1e8;color:#035d91\"><strong>Es <\/strong><strong>HAT<\/strong><strong> jeder das <\/strong><strong>RECHT<\/strong><strong>, &#8222;gl\u00e4ubig&#8220; zu sein und einen &#8222;Gott&#8220; anzubeten &#8211; aber es hat <\/strong><strong>AUCH<\/strong><strong> jeder das <\/strong><strong>RECHT <\/strong><strong>zu haben, dies <\/strong><strong>L\u00c4CHERLICH<\/strong><strong> zu finden, ohne deshalb verfolgt und bestraft zu werden !<\/strong><\/p>\n\n\n\n<p class=\"has-text-color has-background\" style=\"background-color:#dceaf2;color:#733e3e\"><strong>12. \u201e<em>Aus der Vergangenheit nichts gelernt<\/em>\u201c:<br>Mit \u201ePolitischer Bildung besonderer Art\u201c wird man in \u201eSozialen Netzwerken\u201c und \u00e4hnlichen Gefilden der Unbildung stets reichlich begl\u00fcckt. &nbsp;<\/strong><\/p>\n\n\n\n<p class=\"has-text-color has-background\" style=\"background-color:#dceaf2;color:#733e3e\"><strong>Zu so genannten \u201eQuerfront\u201c-, \u201eHufeisen\u201c- oder \u201eTotalitarismus\u201c- \u201eTheorien\u201c \u2013 in denen belegt wird, dass etwa Hitler n\u00e4her an Stalin als an Mussolini oder auch Franco war, und sich \u201elinke\u201c und \u201erechte\u201c Sozialisten eher nur leicht in der \u201eBegr\u00fcndung\u201c ihres Totalitarismus unterscheiden, die allen Menschen von \u201eOben\u201c her ihren \u201ePlatz\u201c im \u201eVolk\u201c zuweist und individuelle Freiheit hasst, wollen heutige \u201eLinke\u201c etwa wissen, es sei \u201edamals\u201c durchaus eine gezielte Strategie der Nazis gewesen, sich als &#8222;links&#8220; darzustellen. Die Nazis h\u00e4tten bewusst eine Sprache gew\u00e4hlt, die &#8222;links&#8220; klingt, um damit rechte Positionen zu vertreten.<\/strong><\/p>\n\n\n\n<p class=\"has-text-color has-background\" style=\"background-color:#dceaf2;color:#733e3e\"><strong>Dann h\u00e4tten die Nazis nach der Machtergreifung Linke festgenommen und nicht Leute aus dem \u201eZentrum\u201c: weil es eben Rechtsextreme seien, und keine Linken. \u00a0\u00a0\u00a0\u00a0\u00a0\u00a0\u00a0\u00a0\u00a0\u00a0\u00a0\u00a0\u00a0\u00a0\u00a0\u00a0\u00a0\u00a0\u00a0\u00a0\u00a0\u00a0\u00a0\u00a0\u00a0\u00a0\u00a0\u00a0\u00a0\u00a0\u00a0\u00a0\u00a0\u00a0\u00a0\u00a0\u00a0\u00a0\u00a0\u00a0\u00a0\u00a0\u00a0\u00a0\u00a0\u00a0\u00a0\u00a0\u00a0\u00a0\u00a0\u00a0\u00a0\u00a0\u00a0\u00a0\u00a0\u00a0\u00a0\u00a0\u00a0\u00a0\u00a0\u00a0\u00a0\u00a0\u00a0\u00a0\u00a0\u00a0\u00a0\u00a0\u00a0\u00a0\u00a0\u00a0\u00a0\u00a0\u00a0\u00a0\u00a0\u00a0\u00a0\u00a0\u00a0\u00a0\u00a0\u00a0\u00a0\u00a0\u00a0\u00a0\u00a0\u00a0\u00a0\u00a0\u00a0\u00a0\u00a0\u00a0\u00a0\u00a0\u00a0\u00a0\u00a0\u00a0\u00a0\u00a0\u00a0\u00a0\u00a0\u00a0\u00a0\u00a0\u00a0\u00a0\u00a0\u00a0\u00a0\u00a0\u00a0\u00a0\u00a0\u00a0\u00a0\u00a0\u00a0\u00a0\u00a0\u00a0\u00a0\u00a0\u00a0\u00a0\u00a0\u00a0\u00a0\u00a0\u00a0\u00a0\u00a0\u00a0\u00a0\u00a0\u00a0\u00a0\u00a0\u00a0\u00a0\u00a0\u00a0\u00a0\u00a0\u00a0\u00a0\u00a0\u00a0\u00a0\u00a0\u00a0\u00a0\u00a0\u00a0\u00a0\u00a0\u00a0\u00a0\u00a0\u00a0\u00a0\u00a0\u00a0\u00a0\u00a0\u00a0\u00a0\u00a0\u00a0\u00a0\u00a0\u00a0\u00a0\u00a0\u00a0\u00a0\u00a0\u00a0\u00a0\u00a0\u00a0\u00a0\u00a0\u00a0\u00a0\u00a0\u00a0\u00a0\u00a0\u00a0\u00a0\u00a0\u00a0Dass zun\u00e4chst auch dies dem \u201eKonkurrenz\u201c-Gedanken durchaus ent- und nicht widerspr\u00e4che, sollte sogleich auffallen, auch dass z.B. Juden, Schwule oder Zigeuner (\u201eSinti\u201c\/\u201cRoma\u201c) \u2013 auch bei Stalin \u2013 ganz unber\u00fccksichtigt politischer Einstellung \u201efestgenommen\u201c wurden.<\/strong><\/p>\n\n\n\n<p class=\"has-text-color has-background\" style=\"background-color:#dceaf2;color:#733e3e\"><strong>Aktuell machten die \u201eneuen Nazis\u201c im \u00dcbrigen das Gleiche mit dem Liberalismus bzw. Libertarismus. Da gehe es dann bspw. um die &#8222;Freiheit&#8220;, die Freiheit anderer einzuschr\u00e4nken.<\/strong><strong><\/strong><\/p>\n\n\n\n<p class=\"has-text-color has-background\" style=\"background-color:#dceaf2;color:#733e3e\"><strong>Dabei betrieben die \u201eneuen Nazis\u201c Liberalismus-Mimikry, und wenn darauf zu viele \u201ehereinfallen\u201c, w\u00fcrde dann \u2013 dies zitierend \u2013 &nbsp;in 70 Jahren gesagt werden, diese Faschisten seien doch \u201eLiberale\u201cgewesen.<\/strong><\/p>\n\n\n\n<p class=\"has-text-color has-background\" style=\"background-color:#dceaf2;color:#733e3e\"><strong>Auch hier wird wieder v\u00f6llig \u00fcbersehen, dass doch bei der Abw\u00e4gung \u2013 wie ansonsten in einem Freiheitlichen Rechtsstaat \u00fcblich \u2013 etwa der G\u00fcter einerseits des Schutzes vor dem Virus und andererseits des Erhaltes der Pers\u00f6nlichen Freiheit auch eine ganze Reihe \u201eWissenschaftler\u201c, Juristen, Politiker usw. die pers\u00f6nliche Freiheit massiv vernachl\u00e4ssigt sehen, die weder \u201eCorona-Leugner\u201c sind noch irgendwas mit \u201eNazis\u201c zu tun haben \u2013 nur finden deren Einlassungen in der \u201ePolitik\u201c kaum Beachtung, sie werden zerrieben zwischen \u201elinken\u201c und \u201erechten\u201c Schreih\u00e4lsen und \u201eb\u00fcrgerlich\u201c-\u00e4ngstlichen Hysterikern, und in die Ecke \u201eCorona-Leugner\u201c \/ \u201eQuerdenker\u201c abgedr\u00e4ngt, sh. oben, so wie \u201evor 80 Jahren\u201c alle, die sowohl vor Hitler wie auch den \u201eLinken\u201c\/ Kommunisten warnten, kaum durchdrangen, und zerrieben wurden im Geschrei \u201edes Volkes\u201c und dem Geschacher \u201eder Politik\u201c.<\/strong><\/p>\n\n\n\n<p class=\"has-text-color has-background\" style=\"background-color:#dceaf2;color:#733e3e\"><strong><em><u>Hier<\/u><\/em><\/strong><strong> <em>scheint aus der<\/em> \u201e<em>Vergangenheit<\/em>\u201c <em>nichts gelernt worden zu sein<\/em> \u2026 kein Wunder, wenn man sich in denselben \u201eParteien\u201c- und Grabenk\u00e4mpfen bewegt wie vor 80 Jahren und das verh\u00e4ngnisvolle und realit\u00e4tswidrige \u201eLinks\u201c-\u201eRechts\u201c- Schema nicht ad acta legen will.<\/strong><\/p>\n\n\n\n<p class=\"has-text-color has-background\" style=\"background-color:#dceaf2;color:#733e3e\"><strong>Hier sollen erkennbar wieder nur Teile des Ganzen erz\u00e4hlt werden, je nach \u201eMeinung\u201c.<\/strong><\/p>\n\n\n\n<p class=\"has-text-color has-background\" style=\"background-color:#dceaf2;color:#733e3e\"><strong>&#8222;Vergessen&#8220; wird z.B., dass Hitler und die sp\u00e4teren Nazis solche \u00c4u\u00dferungen \u2013 sie seien \u201edie wahren Sozialisten\u201c \u2013&nbsp; bereits vor\/um 1920 taten, als es f\u00fcr einen &#8222;Wahlkampf&#8220; in dem Sinne noch keinen Anla\u00df gab.<\/strong><strong><\/strong><\/p>\n\n\n\n<p class=\"has-text-color has-background\" style=\"background-color:#dceaf2;color:#733e3e\"><strong>Es wird &#8222;vergessen&#8220;, dass es doch (auch) gerade die Kommunisten waren, die jede Zusammenarbeit mit anderen Parteien verweigert haben, auch mit der SPD, den &#8222;Sozialfaschisten&#8220;.<\/strong><\/p>\n\n\n\n<p class=\"has-text-color has-background\" style=\"background-color:#dceaf2;color:#733e3e\"><strong>Sie <\/strong><strong>WOLLTEN<\/strong><strong>, dass der Faschismus &#8222;siegt&#8220;, daraus haben sie <\/strong><strong>PROFIT<\/strong><strong> geschlagen: <\/strong><strong>BIS HEUTE <\/strong><strong>&#8230; ! Dieses Feindbild hat \u00fcber Jahrzehnte ihren maroden \u201eSozialismus\u201c zusammengehalten, und ist ihre einzige Existenz-Garantie &#8230;<\/strong><\/p>\n\n\n\n<p class=\"has-text-color has-background\" style=\"background-color:#dceaf2;color:#733e3e\"><strong>Aufgrund des f\u00fcr Kommunisten streng verordneten &#8222;Internationalismus&#8220; durften sie nicht die &#8222;Knebelung durch die Versailler Vertr\u00e4ge&#8220; ansprechen, weil das ja &#8222;r\u00e4\u00e4\u00e4chts&#8220; gewesen w\u00e4re. Und heute, obwohl mdst. zwei Drittel der &#8222;linken&#8220; W\u00e4hler die Nase voll von ungesteuerter Einwanderungspolitik haben, kritisieren sie dies nicht, weil das ja angeblich &#8222;R\u00e4\u00e4chts&#8220; w\u00e4re.<\/strong><\/p>\n\n\n\n<p class=\"has-text-color has-background\" style=\"background-color:#dceaf2;color:#733e3e\"><strong>Daran ist nicht die AfD schuld \u2013 vielmehr bekommt die AfD genau deshalb Zulauf: weil bei \u201eLinken\u201c Ideologie \u00fcber jede Realit\u00e4tswahrnehmung und -bew\u00e4ltigung geht.<\/strong><\/p>\n\n\n\n<p class=\"has-text-color has-background\" style=\"background-color:#dceaf2;color:#733e3e\"><strong>Auch davon, von diesen &#8222;Warnungen&#8220; vor den b\u00f6sen Rechten, profitiert erneut die SED\/&#8220;Linke&#8220;, siehe nicht nur Th\u00fcringen &#8230;<\/strong><\/p>\n\n\n\n<p class=\"has-text-color has-background\" style=\"background-color:#dceaf2;color:#733e3e\"><strong>Aber bekanntlich sind daran immer &#8222;nur die Rechten schuld&#8220;, &#8222;Linke&#8220; machen bekanntlich immer alles genau richtig, sie haben immer die &#8222;richtige Gesinnung&#8220;, sie haben bekanntlich auch keinerlei verborgene Motive dabei, den Islam sch\u00f6nzureden und Islam-Ablehnung mit &#8222;Ausl\u00e4nderfeindlichkeit&#8220; gleichzusetzen.<\/strong><\/p>\n\n\n\n<p class=\"has-text-color has-background\" style=\"background-color:#dceaf2;color:#733e3e\"><strong>Aufgrund dieser Auffassung verweigern sie sich erneut und weiterhin jeglicher Zusammenarbeit (und \u201emit Rechten redet man nicht\u201c), sie haben vielmehr die Strategie, alles daf\u00fcr zu tun, die bestehende Wirtschaftsordnung zusammenbrechen zu lassen, dazu geh\u00f6rt auch das Aussaugen des &#8222;Sozialstaates&#8220; durch Millionen &#8222;Fl\u00fcchtlinge&#8220;.<\/strong><\/p>\n\n\n\n<p class=\"has-text-color has-background\" style=\"background-color:#dceaf2;color:#733e3e\"><strong>Es wird \u201evergessen\u201c, dass aufgrund der totalit\u00e4ren Verweigerungshaltung beider &#8222;extremistischer&#8220; Richtungen eben das so genannte &#8222;Besitzb\u00fcrgertum&#8220; (u.a. Chiffre f\u00fcr &#8222;(Reiche)Juden&#8220; nur noch zwischen Scylla und Charibdis &#8222;w\u00e4hlen&#8220; konnte.<\/strong><\/p>\n\n\n\n<p class=\"has-text-color has-background\" style=\"background-color:#dceaf2;color:#733e3e\"><strong>Es sollte von beiden Seiten &#8222;enteignet&#8220; werden.<\/strong><\/p>\n\n\n\n<p class=\"has-text-color has-background\" style=\"background-color:#dceaf2;color:#733e3e\"><strong>Dieser Hass auf alle &#8222;Besitzenden&#8220;, \u201eBessergestellten\u201c, Begabteren, Beg\u00fcterteren ist eben <\/strong><strong>NICHTS<\/strong><strong>, was die NSDAP &#8222;erfunden&#8220; und in ihr Programm aufgenommen h\u00e4tte, &#8222;um den Linken das Wasser abzugraben&#8220;, sondern es ist *original* &#8222;national-sozialistisch&#8220; : &#8222;-sozialistisch&#8220; !<\/strong><\/p>\n\n\n\n<p class=\"has-text-color has-background\" style=\"background-color:#dceaf2;color:#733e3e\"><strong>*Warum wohl* haben sich die &#8222;Rechten&#8220; denn &#8222;sozialistisch&#8220; genannt ? Weil sie sozialistisch *waren* !<\/strong><\/p>\n\n\n\n<p class=\"has-text-color has-background\" style=\"background-color:#dceaf2;color:#733e3e\"><strong>Nur eben dabei nicht &#8222;internationalistisch&#8220;: deshalb, vor *diesem* Hintergrund haben sie sich **national**-&#8222;sozialistisch&#8220; genannt, denn von <\/strong><strong>ANFANG AN<\/strong><strong> war das &#8222;internationale Finanz(Juden)wesen&#8220; Ihr Angriffspunkt !<\/strong><\/p>\n\n\n\n<p class=\"has-text-color has-background\" style=\"background-color:#dceaf2;color:#733e3e\"><strong>Der Hass auf Liberalit\u00e4t, freiheitlichen statt organisierten Internationalismus, Freigeistigkeit: <\/strong><strong>WIE bei ALLEN<\/strong><strong> &#8222;Linken&#8220; BIS HEUTE.<\/strong><\/p>\n\n\n\n<p class=\"has-text-color has-background\" style=\"background-color:#dceaf2;color:#733e3e\"><strong>Deshalb haben die \u201eNational-Sozialisten\u201c z.B. Rathenau ermordet, um hier ein &#8222;Exempel zu statuieren&#8220;.<\/strong><\/p>\n\n\n\n<p class=\"has-text-color has-background\" style=\"background-color:#dceaf2;color:#733e3e\"><strong>Weil den &#8222;Besitzenden&#8220; von <\/strong><strong>BEIDEN<\/strong><strong> Seiten die &#8222;Enteignung&#8220; drohte, hatte das &#8222;Besitzb\u00fcrgertum&#8220; sich dazu entschieden, u,a. weil ja 1933 Hitlers Stern eigentlich schon am Sinken war, &#8222;mit Hitler zu verhandeln&#8220;, eben weil mit den Kommunisten **kein Verhandeln m\u00f6glich war**.<\/strong><\/p>\n\n\n\n<p class=\"has-text-color has-background\" style=\"background-color:#dceaf2;color:#733e3e\"><strong>Das Ergebnis ihrer **eigenen** totalen Verweigerungsstrategie verkaufen die &#8222;Linken&#8220; bis heute als &#8222;Der Faschismus ist nur eine Weiterf\u00fchrung des Kapitalismus mit anderen Mitteln&#8220; oder &#8222;der Kapitalismus f\u00fchrt in den Faschismus&#8220;.<\/strong><\/p>\n\n\n\n<p class=\"has-text-color has-background\" style=\"background-color:#dceaf2;color:#733e3e\"><strong>Alles nicht nur bei Hannah Arendt, sondern vielen anderen Quellen nachzulesen, dass und warum eben &#8222;Hitler viel n\u00e4her an Stalin als an Mussolini&#8220; war.<\/strong><\/p>\n\n\n\n<p class=\"has-text-color has-background\" style=\"background-color:#dceaf2;color:#733e3e\"><strong>Diese &#8222;Querfront&#8220; personalisiert sich heute z.B. in Sahra Wagenknecht, die rechtspopulistische und linkspopulistische Versatzst\u00fccke zu einer gesamt-populistischen Strategie vermengt &#8211; und damit gro\u00dfen &#8222;Erfolg&#8220; hat, nach dem Schmei\u00dffliegen- oder Rattenf\u00e4nger- Prinzip.<\/strong><\/p>\n\n\n\n<p class=\"has-text-color has-background\" style=\"background-color:#dceaf2;color:#733e3e\"><strong>Aber weil sie dabei die Realit\u00e4tsverweigerung der \u201eLinken\u201c anspricht \u2013 auch wenn sie diese durch eigene Realit\u00e4tsklitterung ersetzt -, kann sie bei der SED\/&#8220;Linke&#8220; damit nicht landen.<\/strong><\/p>\n\n\n\n<p class=\"has-text-color has-background\" style=\"background-color:#dceaf2;color:#733e3e\"><strong>Auch Wagenknecht will das Heil ! erneut in der Verstaatlichung&#8220; finden, in der absurden \u00dcbergabe allen wirtschaftlichen Handelns an ausgerechnet den, der davon absolut <\/strong><strong>NICHTS<\/strong><strong> aber auch gar <\/strong><strong>NICHTS <\/strong><strong>versteht !<\/strong><\/p>\n\n\n\n<p class=\"has-text-color has-background\" style=\"background-color:#dceaf2;color:#733e3e\"><strong>Aber &#8222;beim Volk&#8220; kommen solche Hirngespinste an &#8211; siehe Berliner &#8222;Enteignungs&#8220;-&#8222;Initiative&#8220;.<\/strong><\/p>\n\n\n\n<p class=\"has-text-color has-background\" style=\"background-color:#dceaf2;color:#733e3e\"><strong>Nicht nur der Besitzer der Rigaer Stra\u00dfe ist &#8211; &#8222;nebenbei&#8220; bemerkt &#8211; Jude &#8230;<\/strong><\/p>\n\n\n\n<p class=\"has-text-color has-background\" style=\"background-color:#dceaf2;color:#733e3e\"><strong>Es sind die <\/strong><strong>LINKEN<\/strong><strong>, die <\/strong><strong>NICHTS AUS DER VERGANGENHEIT GELERNT<\/strong><strong> haben, die genau ihre Fehler von &#8222;damals\u201c wiederholen, die <\/strong><strong>WIEDER <\/strong><strong>von &#8222;Enteignung&#8220; schw\u00e4ren, die <\/strong><strong>WIEDER<\/strong><strong> die einfachen ausgesaugten B\u00fcrger in Frontstellung zum &#8222;internationalen Kapital&#8220; bringen, die <\/strong><strong>WIEDER<\/strong><strong> suggerieren, das sei &#8222;im Kapitalismus so angelegt&#8220;, und nur die &#8222;Verstaatlichung&#8220; (&#8222;Kommunismus) sei die <\/strong><strong><em><u>END<\/u><\/em><\/strong><strong>l\u00f6sung (\u201eZiel der Geschichte\u201c).<\/strong><\/p>\n\n\n\n<p class=\"has-text-color has-background\" style=\"background-color:#dceaf2;color:#733e3e\"><strong>Sie wollen auch die &#8222;Klimakrise&#8220; <\/strong><strong>NIRGENDS<\/strong><strong> &#8222;l\u00f6sen&#8220;, sondern nur die entstehenden Kosten als einen Baustein der Belastung des Kapitalismus verwenden.<\/strong><\/p>\n\n\n\n<p class=\"has-text-color has-background\" style=\"background-color:#dceaf2;color:#733e3e\"><strong>Aus intra-psychischen Gr\u00fcnden schieben &#8222;Linke&#8220; einen Kapitalismus-Hass vor sich her &#8211; eine diffuse Gemengelage aus &#8222;Autorit\u00e4ts&#8220;-Problemen, der Unf\u00e4higkeit zur Entwicklung eines eigenen Ich anstelle des \u00dcber-Ich, was dann in &#8222;Kollektivismus&#8220; endet, weil die bestehenden &#8222;Autorit\u00e4ten&#8220; nicht anerkannt werden k\u00f6nnen, aber auch kein eigenes Ich entwickelt werden kann, deshalb st\u00fcrzen sie sich in &#8222;alternativen&#8220; Kollektivismus\/ Autoritarismus, der ihr nicht vorhandenes Ich &#8222;st\u00fctzt&#8220; &#8230; &#8211; etc.<\/strong><\/p>\n\n\n\n<p class=\"has-text-color has-background\" style=\"background-color:#dceaf2;color:#733e3e\"><strong>Es sind erneut die &#8222;Linken&#8220;, die es darauf anlegen, dass Kapitalisten irgendwann sagen: &#8222;Lieber mit den Rechtspopulisten sich &#8218;arrangieren&#8216; als eine Volksfront regieren und nochmal so einen Schwachkopf wie etwa Corbyn an die (N\u00e4he der) Macht kommen zu lassen.&#8220;<\/strong><\/p>\n\n\n\n<p class=\"has-text-color has-background\" style=\"background-color:#dceaf2;color:#733e3e\"><strong>Und dann haben &#8222;Linke&#8220; wieder den &#8211; wahrscheinlich &#8222;wissenschaftlichen&#8220; &#8211; &#8222;Beweis&#8220;, dass &#8222;Kapitalismus&#8220; = &#8222;Faschismus&#8220; sei, und eben nicht Liberalismus, der also dem <\/strong><strong>EINZELNEN<\/strong><strong>, den vielen Einzelnen die M\u00f6glichkeit g\u00e4be, z.B. via kritischem Konsum (=eigenst\u00e4ndigem kritikf\u00e4higen erwachsenen Ich) die Produktion zu steuern: das sind f\u00fcr &#8222;Linke&#8220; &#8222;Nebenwiderspr\u00fcche&#8220;: weil sie einen generellen <\/strong><strong>HASS<\/strong><strong> auf <\/strong><strong>DAS LEBEN AN SICH<\/strong><strong> haben, exakt so wie der Islam: daher die Bruderschaft dieser beiden Hass-Ideologien.<\/strong><\/p>\n\n\n\n<p class=\"has-text-color has-background\" style=\"background-color:#dceaf2;color:#733e3e\"><strong>Und ausgerechnet nicht wenige Angeh\u00f6rige von \u201eRandgruppen\u201c \u2013 mit Worten der SED\/ KPDSU \u201eSch\u00e4dliche Individualisten\u201c \u2013 fallen darauf herein, die doch erneut die ersten Opfer der &#8222;linken&#8220; wie der islamischen H\u00e4scher w\u00e4ren.<\/strong><\/p>\n\n\n\n<p class=\"has-text-color has-background\" style=\"background-color:#dceaf2;color:#733e3e\"><strong>Traurig.<\/strong><\/p>\n\n\n\n<p class=\"has-text-color has-background\" style=\"background-color:#f5efde;color:#353b40\"><strong>13. \u2026 und doch noch mal \u201eCorona\u201c \u2026:<br><\/strong><strong>Es gibt mehrere, ja zahlreiche L\u00e4nder, die mit Tests als *Teil* ihrer Strategie gro\u00dfen und dauerhaften Erfolg haben.<\/strong><strong><\/strong><\/p>\n\n\n\n<p class=\"has-text-color has-background\" style=\"background-color:#f5efde;color:#353b40\"><strong>Seit einem Jahr weisen s\u00e4mtliche Virologen &#8211; egal ob Drosten, Streeck, Kekul\u00e9, Schrappe, Antes, Lauterbach usw. &#8211; darauf hin, dass es eine *Gesamt*- Strategie geben, dass man sich &#8222;auf den Winter vorbereiten&#8220; m\u00fcsse.<\/strong><strong><\/strong><\/p>\n\n\n\n<p class=\"has-text-color has-background\" style=\"background-color:#f5efde;color:#353b40\"><strong>Zur *Gesamt*-Strategie aber w\u00fcrden z.B., wo L\u00fcften nicht oder nur begrenzt m\u00f6glich ist, wirksame HEPA-Luft-Filter geh\u00f6ren (wenn damit im April letztes Jahr angefangen worden w\u00e4re, h\u00e4tte man f\u00fcr ca. 1 \u2013 2 Mrd. \u20ac alle Schulen mit solchen Filtern langfristig ausstatten k\u00f6nnen, f\u00fcr ein paar Mrd. mehr noch viele weitere Orte. *Ein Monat* Total-Lockdown kostet hingegen ca. 50 Mrd.) &#8230;<\/strong><strong><\/strong><\/p>\n\n\n\n<p class=\"has-text-color has-background\" style=\"background-color:#f5efde;color:#353b40\"><strong>&#8230; diejenigen welche von sich aus wirksame Luft-Filter eingebaut haben, wurden jedoch ebenfalls &#8222;alternativlos&#8220; *geschlossen*&#8230; trotz eindeutig ermutigender Ergebnisse wie etwa zuletzt bei den &#8222;Berliner Philharmonikern&#8220;\/ 20.03. 2021). <\/strong><strong><\/strong><\/p>\n\n\n\n<p class=\"has-text-color has-background\" style=\"background-color:#f5efde;color:#353b40\"><strong>Dann w\u00fcrden nat\u00fcrlich Hygiene- und Abstandsregeln dazugeh\u00f6ren, auch Teil-Lockdowns.<\/strong><strong><\/strong><\/p>\n\n\n\n<p class=\"has-text-color has-background\" style=\"background-color:#f5efde;color:#353b40\"><strong>Gesamt- und Total-Lockdowns sind nur im \u00e4u\u00dfersten Notfall darstellbar, das war eigentlich h\u00f6chstens zu Anfang im Winter\/ Fr\u00fchjahr 2020 der Fall, danach waren sie grunds\u00e4tzlich juristisch nicht mehr begr\u00fcndbar, rechtswidrig, ebenso wie Ausgangssperren, da ja an der frischen Luft Infektionen so gut wie unm\u00f6glich sind.<\/strong><strong><\/strong><\/p>\n\n\n\n<p class=\"has-text-color has-background\" style=\"background-color:#f5efde;color:#353b40\"><strong>Lockdowns sind nur dort vertretbar, wo nachgewiesen werden k\u00f6nnte, dass <em><u>von einem Ort dauerhaft und unver\u00e4nderbar Infektionen aus<\/u>g<u>ehen <\/u><\/em>sollen, selbst bei Einhaltung aller Ma\u00dfnahmen.<\/strong><strong><\/strong><\/p>\n\n\n\n<p class=\"has-text-color has-background\" style=\"background-color:#f5efde;color:#353b40\"><strong>Solche Orte aber kann es eigentlich gar nicht geben, au\u00dfer vielleicht Kloaken.<\/strong><\/p>\n\n\n\n<p class=\"has-text-color has-background\" style=\"background-color:#f5efde;color:#353b40\"><strong>Das Grundproblem, die Grundthematik wurde von Anfang nicht thematisiert und gel\u00f6st: das Mitwirken der Bev\u00f6lkerung ist unabdingbar, &#8222;das Volk&#8220; mu\u00df sich rational, achtsam und pflichtbewu\u00dft verhalten &#8211; aber &#8222;<em><u>der Staat<\/u><\/em>&#8220; <em><u>auch<\/u><\/em> &#8230;!<\/strong><strong><\/strong><\/p>\n\n\n\n<p class=\"has-text-color has-background\" style=\"background-color:#f5efde;color:#353b40\"><strong>Und an dem Punkt hat es von Anfang an nicht gestimmt:<\/strong><strong><\/strong><\/p>\n\n\n\n<p class=\"has-text-color has-background\" style=\"background-color:#f5efde;color:#353b40\"><strong>&#8222;das Volk&#8220; *hat* sich in der klaren Mehrheit richtig verhalten &#8211; aber es bekam nichts daf\u00fcr zur\u00fcck&#8230;<\/strong><\/p>\n\n\n\n<p class=\"has-text-color has-background\" style=\"background-color:#f5efde;color:#353b40\"><strong>&#8222;Der Staat&#8220; hat die Mitwirkung des Volkes einkassiert und als selbstverst\u00e4ndlich eingefordert oder befohlen, jedoch hat &#8222;der Staat&#8220; sich selbst keine oder kaum Pflichten auferlegt.<\/strong><\/p>\n\n\n\n<p class=\"has-text-color has-background\" style=\"background-color:#f5efde;color:#353b40\"><strong>Zum Beispiel nirgends die Pflicht, Menschen in der Quarant\u00e4ne auch zu *versorgen*, sie wurden einfach unter Drohungen weg gesperrt, so wie die Alten, &#8222;alternativlos&#8220;.<\/strong><strong><\/strong><\/p>\n\n\n\n<p class=\"has-text-color has-background\" style=\"background-color:#f5efde;color:#353b40\"><strong>&#8222;Der Staat&#8220; hat sich nirgends die Pflicht auferlegt, das einzuhalten wozu er qua Verfassung verpflichtet ist: die Freiheit des Einzelnen so weit wie nur irgend m\u00f6glich zu bewahren, zu st\u00e4rken, zu garantieren.<\/strong><strong><\/strong><\/p>\n\n\n\n<p class=\"has-text-color has-background\" style=\"background-color:#f5efde;color:#353b40\"><strong>Er ging nicht von der Erhaltung gr\u00f6\u00dftm\u00f6glicher Freiheit aus, sondern von Szenarien gr\u00f6\u00dftm\u00f6glicher Gef\u00e4hrdung, gegen die er stets irgendwelche &#8222;Gr\u00fcnde&#8220; finden konnte, um die B\u00fcrger weiterhin im Befehlston unter Kontrolle, Bedrohung, Einschr\u00e4nkung und Entm\u00fcndigung zu halten.<\/strong><strong><\/strong><\/p>\n\n\n\n<p class=\"has-text-color has-background\" style=\"background-color:#f5efde;color:#353b40\"><strong>Und so, wie die &#8222;Tests&#8220; jetzt gehandhabt werden, sind sie eben *nicht* Teil einer umfassenden Strategie zur Befreiung und Lockerung, sondern auch sie werden &#8211; wie vorherige &#8222;Ma\u00dfnahmen&#8220; &#8211; isoliert, ziellos, beliebig, ja hysterisch verpulvert.<\/strong><strong><\/strong><\/p>\n\n\n\n<p class=\"has-text-color has-background\" style=\"background-color:#f5efde;color:#353b40\"><strong>Dass mit der Anzahl der Tests selbstverst\u00e4ndlich die Zahl der als &#8222;infiziert&#8220; Geltenden steigen w\u00fcrde, dass deren Anzahl zur Anzahl der Tests in Relation gesetzt werden mu\u00df, weil es vorher &#8211; und auch weiterhin &#8211; eine hohe &#8222;Dunkelziffer&#8220; (ebenso wohl aber auch viele &#8222;falsch positive&#8220; Tests) gab und gibt, davon ist bei RKI, Spahn, Merkel &amp; Co, weiterhin nicht die Rede.<\/strong><strong><\/strong><\/p>\n\n\n\n<p class=\"has-text-color has-background\" style=\"background-color:#f5efde;color:#353b40\"><strong>Aber *vor allem*: <em>es nutzt weder den Getesteten noch den Beh\u00f6rden<\/em> *<em>irgendetwas<\/em>*, <em>wenn sie feststellen<\/em>, <em>jemand sei<\/em> &#8222;<em>positiv<\/em>&#8220; <em>getestet<\/em>, <em><u>wenn sie weiterhin keine Ahnung haben<\/u><\/em>, *<em><u>wo<\/u><\/em>* <em><u>sie sich angesteckt haben<\/u><\/em> (k\u00f6nnen oder m\u00fcssen).<\/strong><strong><\/strong><\/p>\n\n\n\n<p class=\"has-text-color has-background\" style=\"background-color:#f5efde;color:#353b40\"><strong>Es ist weiterhin keine Nachvollziehbarkeit vorhanden, es fehlt wieder ein entscheidender Schritt zur Nachverfolgung: angeblich aus &#8222;Datenschutzgr\u00fcnden&#8220;, und das, wo es &#8222;Datenschutz&#8220; sonst praktisch nirgends mehr gibt &#8211; vor allem da, wo er tats\u00e4chlich dringend notwendig w\u00e4re (z.B. bei &#8222;Facebook&#8220; \/ &#8222;Klarnamenzwang&#8220; etc.).<\/strong><strong><\/strong><\/p>\n\n\n\n<p class=\"has-text-color has-background\" style=\"background-color:#f5efde;color:#353b40\"><strong>Der Umgang mit den Tests ist nur noch mehr desselben was ein Jahr zuvor (falsch) gelaufen ist: es ist leider *nichts* Neues&#8230; ! &#8211; es fehlt weiterhin eine Einbettung in eine Gesamtstrategie mit dem strengen und ausdr\u00fccklichen Ziel der Lockerung wo irgend m\u00f6glich, und der &#8222;Lockdowns&#8220; nur noch da wo n\u00f6tig.<\/strong><strong><\/strong><\/p>\n\n\n\n<p class=\"has-text-color has-background\" style=\"background-color:#f5efde;color:#353b40\"><strong>Und in dieser Weise werden auch die &#8222;Tests&#8220; nicht unter der Pr\u00e4misse der *Freiheitlichkeit&#8220; gepusht, sondern erneut mit Bedrohung, \u00dcberwachung, Einschr\u00e4nkung verbunden \u2013 auch die Bereitstellung, generelle Verf\u00fcgbarkeit und Finanzierung wird nicht \u201evom Staat\u201c garantiert..<\/strong><strong><\/strong><\/p>\n\n\n\n<p class=\"has-text-color has-background\" style=\"background-color:#f5efde;color:#353b40\"><strong>H\u00e4tte &#8222;der Staat&#8220; hier seine unabweisbare <\/strong><strong><em><u>PFLICHT<\/u><\/em><\/strong><strong> von Anfang an in den Vordergrund gestellt, die Freiheit aller Einzelnen zu erhalten und zu f\u00f6rdern, so h\u00e4tte &#8222;das Volk&#8220; auch Vertrauen erhalten, dem entsprechend eine app &#8211; die *unabdingbarer* Teil der Bek\u00e4mpfung, der *Gesamt*strategie in den diesbzgl. erfolgreichen L\u00e4ndern ist &#8211; aufzuladen, weil sie sich nicht bedroht gef\u00fchlt h\u00e4tten.<\/strong><strong><\/strong><\/p>\n\n\n\n<p class=\"has-text-color has-background\" style=\"background-color:#f5efde;color:#353b40\"><strong>&#8222;Der Staat&#8220; jedoch *hat* von Anfang an nur diese &#8222;Bedrohungs&#8220;-Karte gezogen&#8230; er steht daher jetzt vor den Tr\u00fcmmern seiner Bedrohungs- Strategie.<\/strong><strong><\/strong><\/p>\n\n\n\n<p class=\"has-text-color has-background\" style=\"background-color:#f5efde;color:#353b40\"><strong>Die app h\u00e4tte, in dieser Weise der Vertrauensgebung vermittelt und eingerichtet, auch von Gerichten als &#8222;milderes Mittel&#8220; gegen\u00fcber einem mehr oder weniger fl\u00e4chendeckenden Lockdown und gegen\u00fcber undifferenzierten, ungerichteten Schlie\u00dfungen eingestuft und beurteilt werden k\u00f6nnen: wenn die Virus- Bek\u00e4mpfung in einem *Gesamt*- Konzept der *vertrauensvollen* Ma\u00dfnahmen- Einrichtung und -Durchf\u00fchrung eingeordnet gewesen w\u00e4re, und die *M\u00fcndigkeit* und grunds\u00e4tzliche *Freiheit* aller B\u00fcrger v\u00f6llig fraglos als der alleroberste Wert einer freiheitlichen, dabei rational und &#8222;wissenschaftlich&#8220; handelnden Gesellschaft behandelt worden w\u00e4re.<\/strong><strong><\/strong><\/p>\n\n\n\n<p class=\"has-text-color has-background\" style=\"background-color:#f5efde;color:#353b40\"><strong>Stattdessen war das Untertanen- und Befehlsempf\u00e4nger- Dasein das von der \u201eObrigkeit\u201c dem \u201eVolk&#8220; Zugedachte: etwas anderes kann und kennt nicht nur Merkel nicht, etwas anderes kennen aber auch fast alle anderen &#8222;Politiker&#8220; Europas \u201emit seiner gro\u00dfen freiheitlichen Tradition\u201c nicht &#8211; UND: auch &#8222;das Volk&#8220; will es nicht kennen, &#8222;das Volk&#8220; hat sich bereits allzu lange an einen grunds\u00e4tzlichen, absolut FREIHEITSFEINDLICHEN &#8222;Verordnungs&#8220;- und &#8222;Verbots&#8220;- Modus gew\u00f6hnt:<br><\/strong><\/p>\n\n\n\n<p class=\"has-text-color has-background\" style=\"background-color:#f5efde;color:#353b40\"><strong>&#8222;Alg-2&#8220; (mit &#8222;Offenlegung der Verm\u00f6gensverh\u00e4ltnisse&#8220;), &#8222;Zweckentfremdungsverbote&#8220; (Untersagung des selbstverantworteten Umgangs mit seinem *eigenen* Eigentum !), &#8222;Mietpreisbremse&#8220; (dito), &#8222;Mietendeckel&#8220; (dito), &#8222;Umwandlungsverbote&#8220; (dito), &#8222;NetzDG&#8220;, fortbestehendes &#8222;Blasphemie-Verbot&#8220;, &#8222;Lobbyismus-Verbot&#8220;, Frauen- und andere-&#8222;Quoten&#8220; usw. usf. werden seit etlichen Jahren vom &#8222;Volk&#8220; mehr oder weniger als angebliche &#8222;Schutz&#8220;-Mechanismen gef\u00f6rdert, begr\u00fc\u00dft oder geduldet &#8230; und dazu z\u00e4hlt z.B. durchaus auch ein &#8222;Kopftuch-Verbot&#8220; &#8211; <\/strong><strong>DENN<\/strong><strong>: es enthebt die muslimischen &#8222;Verb\u00e4nde&#8220; und &#8222;Religionsgemeinschaften&#8220; der <\/strong><strong>PFLICHT<\/strong><strong>, sich zu einem freiheitlichen Rechtsstaat mit eben Individual-Recht statt Kollektiv-&#8222;Recht&#8220; unabdingbar und unwiderruflich zu bekennen &#8230; es l\u00e4\u00dft die einzelnen Gl\u00e4ubigen ebenso allein wie die vielen Einzelnen, welche sich von &#8222;Glauben&#8220; bedroht f\u00fchlen und als &#8222;-phob&#8220; diffamiert werden&#8230;<\/strong><strong><\/strong><\/p>\n\n\n\n<p class=\"has-text-color has-background\" style=\"background-color:#f5efde;color:#353b40\"><strong>&#8230; wer all dies hinnimmt, wer &#8222;Verbote&#8220; begr\u00fc\u00dft, der hat es mit verursacht, wenn &#8222;der Staat&#8220; selbst die Individuen nicht achtet und immer weiter in eine Kollektiv- Rechtsprechung (oder in Kollektiv-*Unrecht*) abdriftet &#8230; und daher solche Achtung des Einzelnen und seiner Individualit\u00e4t und W\u00fcrde auch immer schwerer von Anderen, nicht nur dem Islam, fordern kann&#8230;<\/strong><strong><\/strong><\/p>\n\n\n\n<p class=\"has-text-color has-background\" style=\"background-color:#f5efde;color:#353b40\"><strong>Merkel und ihre Neo-DDR- Grundhaltung ist kein &#8222;Einzelfall&#8220;, sondern es ist die Konsequenz, das Ergebnis des Verhaltens des &#8222;Volkes&#8220;, das immer mehr &#8222;Verbote&#8220; und Einschr\u00e4nkungen, und daf\u00fcr &#8222;Volks&#8220;-Abstimmungen herbeischreit &#8230; und offenbar &#8222;meint&#8220;,&#8220;das trifft uns ja nicht, nur &#8218;ein paar Reiche&#8216; oder &#8218;ein paar Kopftuchfrauen&#8216; &#8230;&#8220;<\/strong><\/p>\n\n\n\n<p class=\"has-text-color has-background\" style=\"background-color:#f5efde;color:#353b40\"><strong>Das hat &#8222;das Volk&#8220; jetzt davon &#8230;!<\/strong><strong><\/strong><\/p>\n\n\n\n<p class=\"has-text-color has-background\" style=\"background-color:#f5efde;color:#353b40\"><strong>Und auch solche Grundhaltung wird auch noch &#8222;demokratisch&#8220; genannt &#8211; wo sie doch ganz eindeutig totalit\u00e4re Z\u00fcge tr\u00e4gt.<\/strong><\/p>\n","protected":false},"excerpt":{"rendered":"<p>&lt;I\u00b4m in it \u2013 but it\u00b4s not about me \/ J\u2019y suis \u2013 mais c\u00b4est pas de moi>Als pdf : HIER ! Copyright zu diesem Text liegt vollst\u00e4ndig und ausschliesslich bei:FiNiTESTi PUBLISHING, Berlin,Deutschland \u2013Duino-Aurisina\/TS, Repubblica Italiana \u2013 North Berwick, East Lothian, Scotland\/UK Missachtungen der Eigentums- und Nutzungsrechte, unbefugtes Verwenden, Kopieren, Verlinken, Weiterleiten, Kommentieren usw. von &hellip; <\/p>\n<p class=\"link-more\"><a href=\"https:\/\/ricercando.eu\/?p=230\" class=\"more-link\"><span class=\"screen-reader-text\">\u201e\u201ePas vraiment (du CAHIERS) \u2013 Not really (from NOTEBOOKS) -03-\u201c\u201c <\/span>weiterlesen<\/a><\/p>\n","protected":false},"author":2,"featured_media":229,"comment_status":"closed","ping_status":"closed","sticky":false,"template":"","format":"standard","meta":{"footnotes":""},"categories":[18],"tags":[20,19],"class_list":["post-230","post","type-post","status-publish","format-standard","has-post-thumbnail","hentry","category-esposito-uno-straniero-qui","tag-anti-freiheitlichkeit","tag-totalitarismus"],"_links":{"self":[{"href":"https:\/\/ricercando.eu\/index.php?rest_route=\/wp\/v2\/posts\/230","targetHints":{"allow":["GET"]}}],"collection":[{"href":"https:\/\/ricercando.eu\/index.php?rest_route=\/wp\/v2\/posts"}],"about":[{"href":"https:\/\/ricercando.eu\/index.php?rest_route=\/wp\/v2\/types\/post"}],"author":[{"embeddable":true,"href":"https:\/\/ricercando.eu\/index.php?rest_route=\/wp\/v2\/users\/2"}],"replies":[{"embeddable":true,"href":"https:\/\/ricercando.eu\/index.php?rest_route=%2Fwp%2Fv2%2Fcomments&post=230"}],"version-history":[{"count":1,"href":"https:\/\/ricercando.eu\/index.php?rest_route=\/wp\/v2\/posts\/230\/revisions"}],"predecessor-version":[{"id":231,"href":"https:\/\/ricercando.eu\/index.php?rest_route=\/wp\/v2\/posts\/230\/revisions\/231"}],"wp:featuredmedia":[{"embeddable":true,"href":"https:\/\/ricercando.eu\/index.php?rest_route=\/wp\/v2\/media\/229"}],"wp:attachment":[{"href":"https:\/\/ricercando.eu\/index.php?rest_route=%2Fwp%2Fv2%2Fmedia&parent=230"}],"wp:term":[{"taxonomy":"category","embeddable":true,"href":"https:\/\/ricercando.eu\/index.php?rest_route=%2Fwp%2Fv2%2Fcategories&post=230"},{"taxonomy":"post_tag","embeddable":true,"href":"https:\/\/ricercando.eu\/index.php?rest_route=%2Fwp%2Fv2%2Ftags&post=230"}],"curies":[{"name":"wp","href":"https:\/\/api.w.org\/{rel}","templated":true}]}}