{"id":235,"date":"2021-05-01T14:40:32","date_gmt":"2021-05-01T14:40:32","guid":{"rendered":"http:\/\/ricercando.eu\/?p=235"},"modified":"2021-05-01T15:35:56","modified_gmt":"2021-05-01T15:35:56","slug":"category-esposito-un-straniero-qui","status":"publish","type":"post","link":"https:\/\/ricercando.eu\/?p=235","title":{"rendered":"Category: &#8222;ESPOSITO \u2013 Uno straniero qui&#8220; &#8211;"},"content":{"rendered":"\n<p>Pas vraiment &nbsp;(du CAHIERS) &nbsp;&nbsp;\u2013 &nbsp;&nbsp;Not really &nbsp;(from NOTEBOOKS)<\/p>\n\n\n\n<p>I\u00b4m in it \u2013 but it\u00b4s not about me \/ J\u2019y suis \u2013 mais c\u00b4est pas de moi<\/p>\n\n\n\n<p>&nbsp;&nbsp;&nbsp;&nbsp;&nbsp;&nbsp;&nbsp;&nbsp;&nbsp;&nbsp;&nbsp;&nbsp;&nbsp;&nbsp;&nbsp;&nbsp;&nbsp;&nbsp;&nbsp;&nbsp;&nbsp;&nbsp;&nbsp;&nbsp;&nbsp;&nbsp;&nbsp;&nbsp;&nbsp;&nbsp;&nbsp;&nbsp;&nbsp;&nbsp; (<strong>04<\/strong>)<\/p>\n\n\n\n<p>&lt;<strong><em>Alles dicht -oder noch\u00b4n Deckel drauf ? &#8211; Hauptsache, Nichts Gelernt !<\/em><\/strong>><\/p>\n\n\n\n<p>ALS <a rel=\"noreferrer noopener\" href=\"https:\/\/ricercando.eu\/wp-content\/uploads\/2021\/05\/RICERCANDO-BLOG-Alles-dicht-Oder-noch\u00b4n-Deckel-drauf-Hauptsache-Nichts-Gelernt-May-01st-2021-Cahiers-Notebooks-04-MISC-1.pdf\" target=\"_blank\">PDF<\/a> >>  <a rel=\"noreferrer noopener\" href=\"https:\/\/ricercando.eu\/wp-content\/uploads\/2021\/05\/RICERCANDO-BLOG-Alles-dicht-Oder-noch\u00b4n-Deckel-drauf-Hauptsache-Nichts-Gelernt-May-01st-2021-Cahiers-Notebooks-04-MISC-1.pdf\" target=\"_blank\">HIER<\/a> !<\/p>\n\n\n\n<p class=\"has-vivid-red-color has-pale-cyan-blue-background-color has-text-color has-background\"><strong>Copyright zu diesem Text liegt vollst\u00e4ndig und ausschliesslich bei:<\/strong><br>FiNiTESTi PUBLISHING, <strong>Berlin<\/strong>,Deutschland \u2013<strong>Duino-Aurisina<\/strong>\/TS, Repubblica Italiana \u2013 <strong>North Berwick<\/strong>, East Lothian, Scotland\/UK<\/p>\n\n\n\n<p class=\"has-vivid-red-color has-pale-cyan-blue-background-color has-text-color has-background\"><strong>Missachtungen der Eigentums- und Nutzungsrechte, unbefugtes Verwenden, Kopieren, Verlinken, Weiterleiten, Kommentieren usw. von Texten, Textteilen und s\u00e4mtlichen Photos, einzeln, auch in Montagen, Kontexten, Zusammenstellungen ohne Genehmigung<\/strong><br><strong>werden STRAFRECHTLICH SCH\u00c4RFSTENS VERFOLGT !<\/strong>\u00a0\u00a0\u00a0\u00a0\u00a0\u00a0\u00a0\u00a0\u00a0\u00a0\u00a0\u00a0\u00a0\u00a0\u00a0\u00a0\u00a0\u00a0\u00a0\u00a0\u00a0\u00a0\u00a0\u00a0\u00a0\u00a0\u00a0\u00a0\u00a0\u00a0\u00a0\u00a0\u00a0 \u00a0\u00a0\u00a0\u00a0\u00a0\u00a0\u00a0\u00a001. Mai 2021<\/p>\n\n\n\n<p class=\"has-luminous-vivid-orange-color has-text-color has-background\" style=\"background-color:#95d8bf\"><strong>Copyright for this text is entirely and exclusively with:<\/strong> FiNiTESTi PUBLISHING, <strong>Berlin<\/strong>, Germany \u2013 <strong>Duino-Aurisina<\/strong>\/TS, Repubblica Italiana \u2013 <strong>North Berwick<\/strong>, East Lothian, Scotland\/UK<\/p>\n\n\n\n<p class=\"has-luminous-vivid-orange-color has-text-color has-background\" style=\"background-color:#97d9c1\"><strong>Disregard of property and usage rights, unauthorized use, copying, linking, forwarding, commenting of texts, text parts and all photos, individually, also in montage, contexts, compilations without permission will indictably be PROSECUTED !\u00a0<\/strong>         May 01st, 2021<\/p>\n\n\n\n<p class=\"has-text-color\" style=\"color:#04639a\">&lt;<strong>Alles dicht -oder noch\u00b4n Deckel drauf ? &#8211; Hauptsache, Nichts Gelernt !<\/strong>><\/p>\n\n\n\n<p class=\"has-vivid-purple-color has-text-color has-background\" style=\"background-color:#e7eaed\"><strong>14. \u201eallesdichtmachen\u201c:<br><\/strong>ZITAT eines &#8222;Diskutanten&#8220; : &#8222;H\u00e4tte man rechtzeitig einen Lockdown gemacht, der diesen Namen auch verdient, s\u00e4he es jetzt mit Sicherheit anders aus&#8220;:<\/p>\n\n\n\n<p class=\"has-vivid-purple-color has-text-color has-background\" style=\"background-color:#e7eaed\">NEIN, leider \u00fcberhaupt nicht, denn es FEHLEN fast alle anderen Voraussetzungen, um einen Total-Lockdown zu einem Erfolg zu machen &#8230;!<\/p>\n\n\n\n<p class=\"has-vivid-purple-color has-text-color has-background\" style=\"background-color:#e7eaed\">Das Fehlen dieser Voraussetzungen, die krassen Vers\u00e4umnisse der Regierung(en) werden nicht scharf kritisiert &#8211; aber diese &#8222;Schauspieler&#8220;: wie verlogen ist das !<\/p>\n\n\n\n<p class=\"has-vivid-purple-color has-text-color has-background\" style=\"background-color:#e7eaed\">\u00c4hnlich wie das Gemecker um &#8222;Masken&#8220; von \u201ebesorgten M\u00fcttern\u201c u.v.m. kleinteiliges Gen\u00f6rgel ist, so auch das Gepl\u00e4rre dieser &#8222;Schauspieler&#8220; nur eine Verschiebung der &#8212; allerdings sehr berechtigten &#8212; Kritik am &#8222;Handeln&#8220; der &#8222;Regierungen&#8220;. All dies wirkt so wie st\u00e4ndig n\u00f6rgelnde Kinder, die nie darin unterst\u00fctzt wurden, begr\u00fcndete, gr\u00fcndliche, durchdenkende Kritikf\u00e4higkeit zu entwickeln, die sp\u00fcren, dass ihre Mutti sie darin nicht unterst\u00fctzt, sondern ihnen bei jedem Ansatz dazu die Unterst\u00fctzung entzieht, sie bestraft, worauf sie sich auf\u00b4s N\u00f6rgeln, auf \u201eindirekte Kritik\u201c verlegt haben: Deutschland im Jahr 16 der Neo- DDR- Pfarrerstochter- Herrschaft.<\/p>\n\n\n\n<p class=\"has-vivid-purple-color has-text-color has-background\" style=\"background-color:#e7eaed\">Es findet nirgends eine ernsthafte Analyse und Kritik der &#8222;Ma\u00dfnahmen&#8220; statt, da halten sich &#8222;besorgte M\u00fctter&#8220; halt im Kleinen am Gemecker g\u00fctlich, denn Kritik im Gro\u00dfen an der anscheinend unangreifbaren \u00dcber-Mutti wird ja nicht geleistet.<\/p>\n\n\n\n<p class=\"has-vivid-purple-color has-text-color has-background\" style=\"background-color:#e7eaed\">Weder Schulschlie\u00dfungen noch &#8222;Tests&#8220; noch irgendeine andere &#8222;Ma\u00dfnahme&#8220; bewirkt *irgendetwas*, solange man nicht wei\u00df, *wo* und *wie* sich Menschen anstecken !<\/p>\n\n\n\n<p class=\"has-vivid-purple-color has-text-color has-background\" style=\"background-color:#e7eaed\">Wenn jemand in dieser Minute einen &#8222;Test&#8220; macht, kann er zwei Stunden sp\u00e4ter (oder sogar zur selben Zeit) infiziert sein (auch wenn ein \u201eTest negativ\u201c sein sollte).<\/p>\n\n\n\n<p class=\"has-vivid-purple-color has-text-color has-background\" style=\"background-color:#e7eaed\">Dann soll er zu Hause bleiben &#8211; aber wo er sich (in der Zwischenzeit) angesteckt hat, wei\u00df man immer noch nicht.<\/p>\n\n\n\n<p class=\"has-vivid-purple-color has-text-color has-background\" style=\"background-color:#e7eaed\">Das A&amp;O w\u00e4re also eine hundertprozentig funktionierende app gewesen, und diese vor\u00fcbergehende (partielle oder weitgehende) Au\u00dferkraftsetzung des &#8222;Datenschutzes&#8220; h\u00e4tte ***gem\u00e4\u00df europ\u00e4ischem Rechtsstandard*** mit *Pflichten* des *Staates* einhergehen m\u00fcssen.<\/p>\n\n\n\n<p class=\"has-vivid-purple-color has-text-color has-background\" style=\"background-color:#e7eaed\">Diese jedoch einzugehen, verweigert Merkel &#8211; *daf\u00fcr* hat sie sich noch nie &#8222;entschuldigt&#8220;.<\/p>\n\n\n\n<p class=\"has-vivid-purple-color has-text-color has-background\" style=\"background-color:#e7eaed\">Wer dieses komplette Verfehlen europ\u00e4ischer Rechtsstandards unbeachtet l\u00e4\u00dft, und jegliche Forderung an Regierungen, diesen zu entsprechen, unterl\u00e4\u00dft, kann nicht &#8222;links&#8220; sein.<br><br>Wenn &#8222;Linke&#8220; zwar solche bestenfalls halbgaren Vorstellungen von &#8222;Schauspielern&#8220; kritisieren, nicht jedoch Merkel + Co. **mindestens genauso**, sind sie *unglaubw\u00fcrdig*.<\/p>\n\n\n\n<p class=\"has-vivid-purple-color has-text-color has-background\" style=\"background-color:#e7eaed\">Z.B. Versorgungssicherstellung in der Quarant\u00e4ne, Sicherstellen der Existenz z.B. durch umgehende finanzielle Ersatzleistungen etc.: das w\u00e4re rechtskonform gewesen, damit h\u00e4tte man auch von den strikten &#8211; aber menschenrechtswidrigen &#8211; &#8222;Ma\u00dfnahmen&#8220; asiatischer &#8222;demokratischer&#8220; L\u00e4nder &#8222;lernen&#8220; und diese auch bei uns umsetzen k\u00f6nnen.<\/p>\n\n\n\n<p class=\"has-vivid-purple-color has-text-color has-background\" style=\"background-color:#e7eaed\">DANN h\u00e4tten &#8222;Gerichte&#8220; diese Einschr\u00e4nkung des &#8222;Datenschutzes&#8220; als &#8222;milderes Mittel&#8220; gegen\u00fcber fl\u00e4chendeckenden Idioten-Lockdowns auch durchgewunken.<\/p>\n\n\n\n<p class=\"has-vivid-purple-color has-text-color has-background\" style=\"background-color:#e7eaed\">Das ist leider das was psychisch Getriebene wie &#8222;Lauterbach&#8220; und andere &#8222;NoCovid&#8220;- Adlaten nie dazu sagen: es ist *nicht* die &#8222;NoCovid&#8220;-Strategie, der Strikt-Lockdown, der in entsprechenden L\u00e4ndern zur dauerhaften Senkung der &#8222;Zahlen&#8220; gef\u00fchrt hat, sondern, dass <strong>alle anderen <\/strong>&#8222;Ma\u00dfnahmen&#8220; <strong>ineinander griffen<\/strong> und greifen, um die &#8222;Zahlen&#8220; auch dauerhaft niedrig zu *halten* und nicht nach dem Lockdown ebenso idiotisch wieder &#8222;alles zu lockern&#8220;.<\/p>\n\n\n\n<p class=\"has-vivid-purple-color has-text-color has-background\" style=\"background-color:#e7eaed\">In diesen L\u00e4ndern ist eine elektronische Infektionsverfolgung etabliert, es wird nicht einfach wie bescheuert &#8222;getestet&#8220;, sondern das Ganze ist eingebettet in eine *Gesamt*-Strategie, die neu auftretende Infektionen sofort verfolgen und &#8222;Nester austreten&#8220; kann.<\/p>\n\n\n\n<p class=\"has-vivid-purple-color has-text-color has-background\" style=\"background-color:#e7eaed\">Dort werden dann grunds\u00e4tzlich auch alle Gesch\u00e4fte, Theater, Stadien usw. wieder ge\u00f6ffnet !<br>Eine &#8222;Stigmatisierung Getesteter&#8220; z.B. w\u00e4re dann gar kein Thema mehr, wenn die Politik zu kommunizieren in der Lage w\u00e4re, dass es um die *Sache* geht.<\/p>\n\n\n\n<p class=\"has-vivid-purple-color has-text-color has-background\" style=\"background-color:#e7eaed\">Warum ist die Politik nicht dazu in der Lage ?<\/p>\n\n\n\n<p class=\"has-vivid-purple-color has-text-color has-background\" style=\"background-color:#e7eaed\">Weil sie die Sache selbst nicht zu begreifen scheint und sich stattdessen von einer undurchdachten, unzusammenh\u00e4ngenden Idioten-&#8222;Ma\u00dfnahme&#8220;, von einem &#8222;Lockdown&#8220; zum n\u00e4chsten hangelt.<\/p>\n\n\n\n<p class=\"has-vivid-purple-color has-text-color has-background\" style=\"background-color:#e7eaed\">Solche Idiotie ist auch kein gutes Beispiel f\u00fcr Kinder, &#8222;die was lernen sollen&#8220; und stattdessen mit Nachwuchs- Blockw\u00e4rterinnen wie &#8222;Mai Thi&#8220; und der Sendung mit der Maus im Pippi-Langstrumpf- Modus bel\u00e4stigt und abgefertigt werden.<\/p>\n\n\n\n<p class=\"has-vivid-purple-color has-text-color has-background\" style=\"background-color:#e7eaed\">Denn Herr Lauterbach, Prof. Brinkmann + Co. sagen NIE dazu, dass in Europa\/ Deutschland einfach die technischen Voraussetzungen daf\u00fcr fehlen, und dass daher ein &#8222;NoCovid&#8220; auch nicht vertretbar ist, dass er nicht \u00fcberzeugt, <strong>weil er ohne strikte Infektionsverfolgung<\/strong> *<strong>idiotisch<\/strong>* ist und zu nichts f\u00fchrt, und man eben gezielte \u00fcberwachte \u00d6ffnung und gezielte einzelne Lockdowns angesichts der fehlenden Puzzle-Teile nicht durchf\u00fchren kann.<\/p>\n\n\n\n<p class=\"has-vivid-purple-color has-text-color has-background\" style=\"background-color:#e7eaed\">Lauterbach, Merkel + Co. lenken mit ihren sinnlosen Gewaltakten nur von ihrer Unf\u00e4higkeit ab, Merkel hat schlichtweg keine Ahnung wovon sie redet, was ihre Defizite sind, sie lallt nur &#8222;Sendung mit der Maus&#8220;-\u00e4hnlich wie eine hilflose Gouvernanten- Schachtel herum, sie ist eine &#8222;Neuland&#8220;- Trutschel, sie hat an der Spitze eines modernen Industriestaates schlichtweg nichts zu suchen.<\/p>\n\n\n\n<p class=\"has-vivid-purple-color has-text-color has-background\" style=\"background-color:#e7eaed\">Sie kann Menschen nicht vermitteln, was zu einem sinnvollen wirksamen Strikt-Lockdown geh\u00f6rt und wie er nachhaltige Wirkung entfalten k\u00f6nnte.<\/p>\n\n\n\n<p class=\"has-vivid-purple-color has-text-color has-background\" style=\"background-color:#e7eaed\">Weil &#8222;Neuland&#8220;-Angie einfach null Ahnung hat.<\/p>\n\n\n\n<p class=\"has-vivid-purple-color has-text-color has-background\" style=\"background-color:#e7eaed\">Daher wird, wenn Deutschland dieses unf\u00e4hige Trampel \u00fcberstanden hat, Deutschland nichts gelernt haben, im Gegenteil, es verdummt.<\/p>\n\n\n\n<p><strong>15.<\/strong><\/p>\n\n\n\n<p class=\"has-text-color has-background\" style=\"background-color:#ebe1e4;color:#1d7d5a\">&#8222;Gerade als akademisch gebildete Frau sehe ich mit zorniger Belustigung, wie aus dem Himmelreich der akademischen Welt eine Seifenblase nach der anderen in die Gegend gepustet wird, wo sie alsbald an der Wirklichkeit zerschellt.<\/p>\n\n\n\n<p class=\"has-text-color has-background\" style=\"background-color:#ebe1e4;color:#1d7d5a\">Nein, Heterosexualit\u00e4t ist keine gesetzte Norm, sondern schlicht Biologie. Es gibt M\u00e4nner und Frauen und sie unterscheiden sich voneinander. Gleichberechtigung ist keine Gleichheit. Geschlecht ist kein \u201esoziales Konstrukt\u201c, das man beliebig an- oder ablegen kann. Wer das r\u00fcckw\u00e4rtsgewandt nennt, sollte hinzuf\u00fcgen, dass das dann offenbar f\u00fcr die meisten Menschen gilt.<\/p>\n\n\n\n<p class=\"has-text-color has-background\" style=\"background-color:#ebe1e4;color:#1d7d5a\">\u201eIdentit\u00e4tspolitik\u201c ist im \u00fcbrigen das beste Mittel, eine Gesellschaft zu spalten. Ich sehe keinen Gewinn darin, Menschen nicht als Individuen, sondern als kollektive Merkmalstr\u00e4ger zu behandeln. Mir scheint, das ist ein R\u00fcckschritt in jenen Rassismus, den man doch zugleich zu bek\u00e4mpfen vorgibt.&#8220;<\/p>\n\n\n\n<p class=\"has-text-color has-background\" style=\"background-color:#ebe1e4;color:#1d7d5a\">Solches schreibt Frau Dr. Cora Stephan (auch bekannt als \u201eAnne Chaplet\u201c oder \u201eSophie Winter\u201c) in \u201eLob des Normalen: Vom Gl\u00fcck des Bew\u00e4hrten\u201c.<\/p>\n\n\n\n<p class=\"has-text-color has-background\" style=\"background-color:#ebe1e4;color:#1d7d5a\"><a rel=\"noreferrer noopener\" href=\"https:\/\/www.die-tagespost.de\/gesellschaft\/feuilleton\/cora-stephan-hat-ein-buch-ueber-das-normale-geschrieben;art310,216971?fbclid=IwAR36B06K3bJYRrK1eZePZ80L2gdMq5hiUW6XBEkCbhT4QocWEcIP4cK4wa8\" target=\"_blank\"><\/a><strong>Wo manches daran nachvollziehbar oder berechtigt ist, so typisch sind solche \u00c4u\u00dferungen von Seiten selbst ernannter \u201eGender-Kritiker\u201c oder \u201eVerteidiger\u201c einer \u201eNormalit\u00e4t\u201c, die es so einfach nicht gibt, und wenn so vieles unreflektiert durcheinander geworfen wird\u00a0 \u2013 wie \u201eBiologie\u201c und \u201esoziales Konstrukt\u201c \u2013, und dabei eigentlich genau der Leimspur selbst ernannter \u201eGender\u201c \u2013 \u201eExperten\u201c\/ -\u201eProtagonisten\u201c gefolgt wird, die man doch zu kritisieren anstrebt.<\/strong><\/p>\n\n\n\n<p class=\"has-text-color has-background\" style=\"background-color:#ebe1e4;color:#1d7d5a\"><strong>Dies wurde bereits vielfach ungleich fundierter ausgearbeitet von Berufeneren wie etwa Camille Paglia, die \u2013 sehr kurz gefa\u00dft \u2013 etwa \u201espezifisch\u201c m\u00e4nnliches oder weibliches, \u201ehormon\u201c-, \u201egen\u201c- oder sonstwie \u201ebiologisch\u201c -gesetztes Verhalten nicht bestreitet, dabei aber kein Individuum darauf festsetzt und keine \u201eNormalit\u00e4t\u201c behauptet, sondern einer \u201enat\u00fcrlichen Diversit\u00e4t\u201c folgt, die unter anderem \u201etypisch m\u00e4nnliches\u201c\/ \u201eweibliches\u201c Verhalten beinhaltet, nicht ausschlie\u00dft.<\/strong><\/p>\n\n\n\n<p class=\"has-text-color has-background\" style=\"background-color:#ebe1e4;color:#1d7d5a\"><strong>Wer einmal als Psychotherapeut\/ Psychoanalytiker gearbeitet hat &#8211; wie ich Jahrzehnte lang -, kann wissen, wie schnell und leicht &#8222;soziale Geschlechtsrollen&#8220;, die alle vor sich hertragen &#8211; M\u00e4nner und Frauen -, zusammenbrechen und auseinanderfallen, ein wie labiles fragiles Konstrukt sie tats\u00e4chlich sind, das &#8222;wegen der Anpassung&#8220; aufrechtzuerhalten, unendlich Energie kostet und unendlich Kreativit\u00e4t vernichtet.<\/strong><\/p>\n\n\n\n<p class=\"has-text-color has-background\" style=\"background-color:#ebe1e4;color:#1d7d5a\"><strong>Die Behauptung grunds\u00e4tzlich festgelegter &#8222;Geschlechterrollen&#8220; ist bare Illusion: *<em><u>das<\/u><\/em>* ist die &#8222;Seifenblase&#8220;, <em><u>das<\/u><\/em> ist Abgehen von der Betrachtung von Menschen als Individuen.<\/strong><strong><\/strong><\/p>\n\n\n\n<p class=\"has-text-color has-background\" style=\"background-color:#ebe1e4;color:#1d7d5a\"><strong>Es gibt z.B. Hormone, es gibt physiologische Unterschiede, die selbstverst\u00e4ndlich Wirkung entfalten, doch was daraus &#8211; aus &#8222;der Biologie&#8220; &#8211; gemacht wird, ist weithin eben gesellschaftlich geformt (\u00e4hnlich wie etwa die Auswirkungen und die Gef\u00e4hrlichkeit von SARS-CoV-2 unbestreitbar sind, jedoch nicht das was eine Gesellschaft in ihrem Umgang damit daraus macht\u2026), so wie es generell z.B. &#8222;wissenschaftliche&#8220; Erkenntnisse gibt, doch was daraus gemacht wird, ist nun mal individuell, gesellschaftlich, pers\u00f6nlich \u00fcberformt &#8211; siehe z.B. die Unterschiede bei denselben &#8222;wissenschaftlichen&#8220; Erkenntnissen von Drosten, Kekul\u00e9, Schrappe, Streeck usw.<\/strong><strong><\/strong><\/p>\n\n\n\n<p class=\"has-text-color has-background\" style=\"background-color:#ebe1e4;color:#1d7d5a\"><strong>Wir haben z.B. derzeit f\u00fcnf Kater, eine Katze &#8211; diese ist uneingeschr\u00e4nkte, dominante Herrscherin.<\/strong><strong><\/strong><\/p>\n\n\n\n<p class=\"has-text-color has-background\" style=\"background-color:#ebe1e4;color:#1d7d5a\"><strong>Wenn dies schon bei &#8222;der Biologie&#8220; noch deutlicher unterworfenen nicht-menschlichen Tieren so sein kann, dann noch viel mehr bei so sozial\/ gesellschaftlich bestimmten Wesen wie &#8222;Menschen&#8220;.<\/strong><strong><\/strong><\/p>\n\n\n\n<p class=\"has-text-color has-background\" style=\"background-color:#ebe1e4;color:#1d7d5a\"><strong>Es ist nicht recht verst\u00e4ndlich, wie man einerseits z.B. die &#8222;europ\u00e4ische&#8220;\/ &#8222;abendl\u00e4ndische&#8220; &#8222;Aufkl\u00e4rung&#8220; &#8222;verteidigen&#8220;, dann aber darauf bestehen will, &#8222;der Biologe unterworfen&#8220; zu sein ?<\/strong><strong><\/strong><\/p>\n\n\n\n<p class=\"has-text-color has-background\" style=\"background-color:#ebe1e4;color:#1d7d5a\"><strong>Alle Menschen werden mit biologischen &#8222;Geschlechtswerkzeugen&#8220; und Geschlechtsmerkmalen geboren &#8211; egal ob sie eindeutig sind oder nicht -, aber eben nicht mit einer &#8222;Sexualit\u00e4t&#8220;, nur mit einem allgemeinen, ungerichteten, egozentrierten lustbestimmten Verlangen, das grunds\u00e4tzlich unendlich geformt werden kann.<\/strong><strong><\/strong><\/p>\n\n\n\n<p class=\"has-text-color has-background\" style=\"background-color:#ebe1e4;color:#1d7d5a\"><strong>Auch eine m\u00f6gliche Ausrichtung sexuellen Begehrens auf Kinder ist darin inbegriffen, dies sind eben keine \u201eUn-Menschen\u201c; auch hier ist bewu\u00dfter, kritischer, offener Umgang damit die einzig m\u00f6gliche L\u00f6sung f\u00fcr alle Beteiligten und \u201eBetroffenen\u201c \u2013 und eben nicht irrationales \u201eVerdammen\u201c und \u201eVerurteilen\u201c.<br>Gerade in der Verdr\u00e4ngung, in der Dunkelheit haben m\u00f6gliche Opfer es am schwersten \u2026 !<br>Ebenso sind es auff\u00e4llig h\u00e4ufig genau diejenigen, die eine fr\u00fchzeitige St\u00e4rkung des eigenen K\u00f6rperbewu\u00dftseins von Kindern als \u201eFr\u00fchsexualisierung\u201c diffamieren, welche Kinder als ihr Eigentum und nicht grunds\u00e4tzlich v\u00f6llig eigene Wesen erkennen wollen, und welche besonders laut \u201egegen Kindersch\u00e4nder\u201c schreien, um etwas darzustellen, was sie meist nicht sind: respektvolle Bewahrer und Best\u00e4rkende der Eigenst\u00e4ndigkeit jedes Wesens.<\/strong><\/p>\n\n\n\n<p class=\"has-text-color has-background\" style=\"background-color:#ebe1e4;color:#1d7d5a\"><strong>Solche Menschen scheinen immer Andere zu brauchen, die \u201eunter ihnen\u201c stehen sollen \u2013 so wie \u201eLinke\u201c zu ihrer Selbstdarstellung als \u201eGute\u201c einen angeblichen \u201eAusbeuter\u201c brauchen: um das in ihnen Verdr\u00e4ngte zu bestrafen und abzuurteilen, weil sie damit nicht umgehen k\u00f6nnen.<\/strong><\/p>\n\n\n\n<p class=\"has-text-color has-background\" style=\"background-color:#ebe1e4;color:#1d7d5a\"><strong>Millionen juristisch ausgebildete \u201eRichter\u201c aus dem \u201eVolk\u201c \u2013 oder D-\u201eProminenz\u201c wie \u201eNatasha Ochsenknecht\u201c oder \u201eCharlotte W\u00fcrdig\u201c \u2013, die offenbar alle beim Prozess dabei waren und die Aktenlage exakt zu kennen und juristisch zu beurteilen zu k\u00f6nnen scheinen, melden sich zu Wort.<\/strong><\/p>\n\n\n\n<p class=\"has-text-color has-background\" style=\"background-color:#ebe1e4;color:#1d7d5a\"><strong>Der gesellschaftliche Umgang \u2013 oder der von \u201e(ehemaligen) Freunden\u201c \u2013 mit Christoph Metzelder zeigt die fundamentale Erb\u00e4rmlichkeit und Verlogenheit dieser \u201enormalen\u201c, \u201eb\u00fcrgerlichen\u201c Gesellschaft.<\/strong><\/p>\n\n\n\n<p class=\"has-text-color has-background\" style=\"background-color:#ebe1e4;color:#1d7d5a\"><strong>So wie es einst Karl Kraus schrieb: \u201e<\/strong><strong><em>Ein Sittlichkeitsprozess ist die zielbewusste Entwicklung einer individuellen zur allgemeinen Unsittlichkeit, von deren d\u00fcsterem Grunde sich die erwiesene Schuld des Angeklagten leuchtend abhebt.<\/em><\/strong><strong>\u201c (&#8222;Die Fackel\u201c 263\/ 16 : \u201eSpr\u00fcche und Widerspr\u00fcche\u201c).<\/strong><\/p>\n\n\n\n<p class=\"has-text-color has-background\" style=\"background-color:#ebe1e4;color:#1d7d5a\"><strong>\u201eFortpflanzung&#8220; ist nur eine M\u00f6glichkeit des Ergebnisses von &#8222;Sexualit\u00e4t&#8220;, nicht deren &#8222;Sinn&#8220;.<\/strong><strong> Deswegen ist &#8222;Heterosexualit\u00e4t&#8220; eben nicht einfach &#8222;Biologie&#8220;.<\/strong><\/p>\n\n\n\n<p class=\"has-text-color has-background\" style=\"background-color:#ebe1e4;color:#1d7d5a\"><strong>Das Geschw\u00e4tz von \u201eNormalit\u00e4t\u201c unterscheidet sich in der Haltung nicht von den zwanghaften \u201eSprachregelungen\u201c so genannter \u201eAnti-Rassisten\u201c oder der absurden \u201eGender-Sprache\u201c.<\/strong><strong><\/strong><\/p>\n\n\n\n<p class=\"has-text-color has-background\" style=\"background-color:#ebe1e4;color:#1d7d5a\"><strong>Das alles ist <em><u>weder<\/u><\/em> &#8222;r\u00fcckw\u00e4rtsgewandt&#8220; noch &#8222;konservativ&#8220; <em><u>noch<\/u><\/em> &#8222;progressiv&#8220; \/ &#8222;gesellschaftskritisch&#8220; einzuwerten, dies sind alles verengende und den Menschen ungerechtfertigt beschr\u00e4nkende <em><u>Bewertun<\/u>g<u>szusammenh\u00e4n<\/u>g<u>e<\/u><\/em>, die bei der Betrachtung, Wahrnehmung, Wertsch\u00e4tzung und Entwicklung des Menschseins, des <em><u>Lebens<\/u><\/em> einfach <em><u>verfehlt<\/u><\/em> sind.<\/strong><\/p>\n\n\n\n<p class=\"has-text-color has-background\" style=\"background-color:#ebe1e4;color:#1d7d5a\"><strong>Vielleicht sollten \u201eDr. Cora Stephan\u201c und ihre Geistes\u00e4hnlichen mal einen Ausflug in die Schweiz in\u00b4s Auge fassen ? :<\/strong><\/p>\n\n\n\n<p class=\"has-text-color has-background\" style=\"background-color:#d1dade;color:#5d6469\"><strong><sup>16<\/sup>. http:\/\/www.derbund.ch\/unnatuerlich-ist-in-der-natur-nichts-434459740480\u00a0<br>\u201eUnnat\u00fcrlich ist in der Natur nichts\u201c \u2013 \u201eVielfalt\u201c ist das Nat\u00fcrliche, nicht Gleichheit, nicht Gleichf\u00f6rmigkeit, sondern Dynamik :<\/strong><\/p>\n\n\n\n<p class=\"has-text-color has-background\" style=\"background-color:#d1dade;color:#5d6469\"><strong>w\u00e4hrend sich selbst ernannte \u201eAntirassisten\u201c mit k\u00fcnstlichen \u201eDiversity\u201c-, \u201eGleichstellungs\u201c-, \u201eQuoten\u201c- und \u00e4hnlich l\u00e4cherlichen Anstrengungen und mit komplett <\/strong><strong>ABSURDEM<\/strong><strong> Sprach-\u201eGendern\u201c besch\u00e4ftigen, verwechseln ihre \u2013 ebenso monotonen, humorlosen, realit\u00e4tsverweigernden selbst ernannten \u201ekonservativen\u201c bis reaktion\u00e4ren \u2013 \u201eGegenparts\u201c das \u201eGendern\u201c ebenfalls mit \u201eVielfalt\u201c und \u201ek\u00e4mpfen\u201c f\u00fcr die \u201eAnerkennung\u201c von etwas, das es schlichtweg in \u201eder Natur\u201c \u2013 auch in allen menschlichen Kulturen \u2013 nicht gibt, z.B. durchgehend \u201eeindeutig m\u00e4nnliche\u201c \/ \u201eeindeutig weibliche\u201c Eigenschaften.<\/strong><\/p>\n\n\n\n<p class=\"has-text-color has-background\" style=\"background-color:#d1dade;color:#5d6469\"><strong>Sie setzen \u00e4u\u00dfere Geschlechtsmerkmale mit bestimmten Verhaltensweisen gleich und betreiben nur eine andere seelisch-geistig-gesellschaftliche Verarmung als selbst ernannte \u201eDiversity\u201c- Protagonisten, die genauso \u201eernsthaft\u201c meinen, grammatisch\/ sprachlich \u201emaskuline\u201c Formen und deren gewaltsame \u201egendergerechte\u201c Beugung h\u00e4tten irgendetwas mit \u201e(Geschlechter-) Gerechtigkeit\u201c oder \u201eGleichberechtigung\u201c zu tun, oder bef\u00f6rderten diese.<br><br>Ebenso scheinen sie \u2013 wie z.B. die \u201eKatholische Kirche\u201c \u2013 \u201eSexualit\u00e4t\u201c mit \u201eFortpflanzung\u201c gleichzusetzen: alles was dieser nicht \u201edient\u201c, sortieren sie als \u201eunnat\u00fcrlich\u201c oder \u201eAbweichung\u201c aus, die h\u00f6chstens \u201egeduldet\u201c werden k\u00f6nne: sozusagen oder in gewisser Weise der Hetero- Terror als totalit\u00e4re weltliche Ordungsmacht.<br><br>Sie wollen es einfach nicht begreifen, dass z.B. viele Menschen, die sich klar einem bestimmten Geschlecht zuordnen, unwissentlich Chromosomenkombinationen in sich tragen, die dem anderen Geschlecht entsprechen, und nicht, dass \u201eGeschlecht\u201c nichts blo\u00df Biologisches, sondern stets kulturell und individuell \u00dcberformtes ist.<\/strong><\/p>\n\n\n\n<p class=\"has-text-color has-background\" style=\"background-color:#d1dade;color:#5d6469\"><strong>Z.B. als \u201em\u00e4nnlich\u201c konnotierte Eigenschaften \u2013 die als angeblich \u201etoxisch\u201c oder \u201edestruktiv\u201c bek\u00e4mpft werden zu m\u00fcssen \u201emeinen\u201c \u2013 stellen einen Eigenwert dar, sind aber auch nicht an ein \u201ebiologisches Geschlecht\u201c gebunden, sondern stehen grunds\u00e4tzlich jedem Individuum zur Verf\u00fcgung.<\/strong><\/p>\n\n\n\n<p class=\"has-text-color has-background\" style=\"background-color:#d1dade;color:#5d6469\"><strong>Die Komplexit\u00e4t dieser und anderer Themen der \u201eNatur\u201c wird sowohl bei \u201eLinken\u201c \/ Zwangs-\u201eGleichstellern\u201c wie bei ihren selbst ernannten \u201eGegenparts\u201c und selbst ernannten \u201eGender- Kritikern\u201c absurd, schmerzhaft, zwanghaft und unertr\u00e4glich geistig, seelisch und politisch total <\/strong><strong>VERARMT<\/strong><strong> und <\/strong><strong>KRANKHAFT IDEOLOGISIERT<\/strong><strong> behandelt, u.a. unter Verabsolutierung und positiver Herausstellung \u201eerw\u00fcnschter\u201c, und Ablehnung \u201eunerw\u00fcnschter\u201c Eigenschaften.<\/strong><\/p>\n\n\n\n<p class=\"has-text-color has-background\" style=\"background-color:#d1dade;color:#5d6469\"><strong>W\u00e4hrenddessen bekommen etwa m\u00e4nnliche Seepferdchen Nachwuchs und ziehen diesen auf, Delphine penetrieren in \u201eM\u00e4nnerbunden\u201c in alle m\u00f6glichen K\u00f6rper\u00f6ffnungen, bei \u00fcber 1500 Arten ist gleichgeschlechtliches Sexualverhalten nachgewiesen, es ist etwas absolut \u201eNat\u00fcrliches\u201c, ebenso, dass in bestimmten Arten oder Gattungen f\u00fcr die Vermehrung kein \u201egegengeschlechtlicher\u201c Part ben\u00f6tigt wird.<\/strong><\/p>\n\n\n\n<p class=\"has-text-color has-background\" style=\"background-color:#d1dade;color:#5d6469\"><strong>Gerade auch \u201eachtsame\u201c, vorgeblich \u201eNatur liebende\u201c so genannte \u201eTiersch\u00fctzer\u201c \u2013 meist zirpende, brave, verklemmte Weiber \u2013 wollen die reale Gewaltsamkeit und alles mitrei\u00dfende \u201eLeidenschaftlichkeit\u201c des animalischen Treibens nicht wahrnehmen und versuchen diese zu gl\u00e4tten und nur \u201eden Menschen\u201c als \u201e\u00fcbergriffig\u201c zu diffamieren, wenn er in \u201edie Natur eingreift\u201c.<\/strong><\/p>\n\n\n\n<p class=\"has-text-color has-background\" style=\"background-color:#d1dade;color:#5d6469\"><strong>Wie l\u00e4cherlich dies ist, beschreibt eben nicht nur seit Jahrzehnten die grossartige <\/strong><strong>CAMILLE PAGLIA<\/strong><strong> in vielen Schriften, die absurder Weise in \u201eFeminismus\u201c oder \u201eGender\u201c- Literatur sortiert werden, obwohl sie den (real existierenden) \u201eFeminismus\u201c gerade zutiefst ablehnt und sich \u00fcber das \u201eGender\u201c- und \u201eGleichstellungs\u201c- Gehabe vor Lachen aussch\u00fcttet.<\/strong><\/p>\n\n\n\n<p class=\"has-text-color has-background\" style=\"background-color:#d1dade;color:#5d6469\"><strong>Aus \u201eder Natur\u201c ethische oder \u201emoralische\u201c, schon \u201ebiologische\u201c Regeln ableiten zu wollen, ist vollkommen unsinnig. \u201eDie Natur\u201c lacht sich wie immer krumm und schief \u00fcber die selbst ernannte \u201eKrone der Sch\u00f6pfung\u201c.<\/strong><\/p>\n\n\n\n<p class=\"has-text-color has-background\" style=\"background-color:#d1dade;color:#5d6469\"><strong>Alles derzeit zu betrachten (noch bis 10. April 2022) u.a. in einer Ausstellung des Naturkundlichen Museums in der Schweizer Hauptstadt.<\/strong><\/p>\n\n\n\n<p class=\"has-text-color has-background\" style=\"background-color:#d1dade;color:#5d6469\"><strong>www.nmbe.ch<\/strong><\/p>\n\n\n\n<p class=\"has-text-color has-background\" style=\"background-color:#c6dbd3;color:#770808\"><strong>17. <\/strong><strong>HASS AUF \u201eDIVERSIT\u00c4T\u201c bei \u201eLinken\u201c und \u201eGr\u00fcnen\u201c:<br><br><\/strong><strong>ABSURD<\/strong><strong> ist auch, wie ausgerechnet geistig und seelisch extrem Beschr\u00e4nkte, Anh\u00e4nger ausuferndster \u201eVerbote\u201c sich als Protagonisten einer Grenzenlosigkeit, einer \u201eDiversit\u00e4t\u201c aufzuf\u00fchren erlaubt wird.<\/strong><\/p>\n\n\n\n<p class=\"has-text-color has-background\" style=\"background-color:#c6dbd3;color:#770808\"><strong>&#8222;Linke&#8220; keifen etwa &#8222;Aldi bleibt&#8220;. Und regionale Anbieter\/ Produzenten, die ihre Leute ordentlich bezahlen und die Umwelt schonen, sind ihre &#8222;Feinde&#8220;, sind \u201eGentrifizierer\u201c.<\/strong><strong><\/strong><\/p>\n\n\n\n<p class=\"has-text-color has-background\" style=\"background-color:#c6dbd3;color:#770808\"><strong>Und morgen kreischen dieselben verlogenen \u201eLinken\u201c wieder &#8222;gegen Ausbeutung von Mensch und Natur&#8220;.<\/strong><strong><\/strong><\/p>\n\n\n\n<p class=\"has-text-color has-background\" style=\"background-color:#c6dbd3;color:#770808\"><strong>Um &#8222;links&#8220; zu sein, mu\u00df man mehr als offensichtlich verdummt und verlogen sein.<\/strong><strong><\/strong><\/p>\n\n\n\n<p class=\"has-text-color has-background\" style=\"background-color:#c6dbd3;color:#770808\"><strong>TIPP<\/strong><strong>:<\/strong><strong><\/strong><\/p>\n\n\n\n<p class=\"has-text-color has-background\" style=\"background-color:#c6dbd3;color:#770808\"><strong>Macht doch auf die Preise einen <\/strong><strong>DECKEL DRAUF<\/strong><strong> !<\/strong><strong><\/strong><\/p>\n\n\n\n<p class=\"has-text-color has-background\" style=\"background-color:#c6dbd3;color:#770808\"><strong>PREISDECKEL<\/strong><strong>, <\/strong><strong>MIETENDECKEL<\/strong><strong>, <\/strong><strong>DENK<\/strong><strong>&#8211;<\/strong><strong>DECKEL<\/strong><strong>, &#8222;<\/strong><strong>Hassrede<\/strong><strong>&#8222;-<\/strong><strong>DECKEL<\/strong><strong>, alles was Verlogenen, das Leben hassenden <\/strong><strong><em><u>FASCHISTEN<\/u><\/em><\/strong><strong> &#8222;nicht gef\u00e4llt&#8220;: &#8222;<\/strong><strong>DECKEL DRAUF<\/strong><strong>&#8222;.<\/strong><strong><\/strong><\/p>\n\n\n\n<p class=\"has-text-color has-background\" style=\"background-color:#c6dbd3;color:#770808\"><strong>VERBIETEN VERBIETEN VERBIETEN : das ist alles was sie k\u00f6nnen.<\/strong><strong><\/strong><\/p>\n\n\n\n<p class=\"has-text-color has-background\" style=\"background-color:#c6dbd3;color:#770808\"><strong>WANN werden die VERBOTS-FASCHISTEN endlich VERBOTEN ?<\/strong><\/p>\n\n\n\n<p class=\"has-text-color has-background\" style=\"background-color:#c6dbd3;color:#770808\"><strong>FRAGE<\/strong><strong>: wieso gibt es z.B. bei \u201eLebensmitteln\u201c keinen \u201ePreisdeckel\u201c ? Es gibt dort \u201e<\/strong><strong>DISCOUNTER<\/strong><strong>\u201e !<\/strong><\/p>\n\n\n\n<p class=\"has-text-color has-background\" style=\"background-color:#c6dbd3;color:#770808\"><strong>Es gibt dort <\/strong><strong>KEIN<\/strong><strong> \u201eRecht\u201c, lebenslang \u201eangesagte\u201c Lebensmittel f\u00fcr lau nachgeschmissen zu bekommen. <\/strong><strong>WARUM<\/strong><strong> denn also soll es ein \u201eRecht\u201c geben, in \u201eangesagten\u201c Gegenden lebenslang f\u00fcr 5 Euro \/ qm \u201emieten\u201c zu d\u00fcrfen ?<\/strong><\/p>\n\n\n\n<p class=\"has-text-color has-background\" style=\"background-color:#c6dbd3;color:#770808\"><strong>Es gibt zwar Gr\u00fcnde, die daf\u00fcr sprechen, eine einigerma\u00dfen \u201eausgewogene Mischung\u201c von Einwohnern zu haben \u2013 jedoch nicht durch <\/strong><strong>ENTRECHTUNG<\/strong><strong> und (Selbst-)<\/strong><strong>AUSBEUTUNG<\/strong><strong> von Vermietern, Eigent\u00fcmern, Wohnungsgesellschaften usw. \u2013 Deshalb hatten ja u.a. auch Wohnungs- Genossenschaften, \u201eLinke\u201c, gegen einen grunds\u00e4tzlich rechtswidrigen \u201eMietendeckel\u201c geklagt.<\/strong><\/p>\n\n\n\n<p class=\"has-text-color has-background\" style=\"background-color:#c6dbd3;color:#770808\"><strong><em>\u201eGegen Entrechtung\u201c oder \u201eAusbeutung\u201c vorgehen zu wollen, ist komplett unm\u00f6glich und unglaubw\u00fcrdig, wenn man Entrechtung, Hass, Spaltung, Ausbeutung an anderer Stelle betreibt.<\/em><\/strong><\/p>\n\n\n\n<p class=\"has-text-color has-background\" style=\"background-color:#c6dbd3;color:#770808\"><strong>FRAGE<\/strong><strong>: &#8222;warum&#8220; sind die Preise bei &#8222;d*&#8220; so niedrig ? Warum kosten 500g Vollkorn-Pasta nur 95 Cent ?<\/strong><strong> 1 kg Vollkorn-Bio-Reis unter 2 Euro ? usw.<\/strong><\/p>\n\n\n\n<p class=\"has-text-color has-background\" style=\"background-color:#c6dbd3;color:#770808\"><strong>Ist das &#8222;der Markt&#8220; ?<\/strong><strong><\/strong><\/p>\n\n\n\n<p class=\"has-text-color has-background\" style=\"background-color:#c6dbd3;color:#770808\"><strong>Der ohne &#8222;Regulierung&#8220; durch &#8222;Sozialisten&#8220; ?<\/strong><\/p>\n\n\n\n<p class=\"has-text-color has-background\" style=\"background-color:#c6dbd3;color:#770808\"><strong>&#8222;Warum&#8220; wollt Ihr Eure geliebten &#8222;Rentner&#8220; dazu bringen, bei Aldi Schrott zu kaufen ? <\/strong><strong>HASST<\/strong><strong> Ihr Euer \u201eKlientel\u201c ?<\/strong><strong><\/strong><\/p>\n\n\n\n<p class=\"has-text-color has-background\" style=\"background-color:#c6dbd3;color:#770808\"><strong>Geht &#8222;bezahlbar kaufen&#8220; etwa ohne &#8222;Sozialtarif&#8220; ?<\/strong><\/p>\n\n\n\n<p class=\"has-text-color has-background\" style=\"background-color:#c6dbd3;color:#770808\"><strong>Ginge &#8222;Bezahlbar Wohnen&#8220; vielleicht auch ohne &#8222;Sozialwohnungen&#8220; ?<br><br>Ohne Hass und Feindbild gegen\u00fcber Vermietern, Investoren, Unternehmen, &#8222;Gentrifizierern&#8220; ?<\/strong><\/p>\n\n\n\n<p class=\"has-text-color has-background\" style=\"background-color:#c6dbd3;color:#770808\"><strong>Nur weil &#8222;Linke&#8220; vielleicht zu <\/strong><strong>BL\u00d6D<\/strong><strong>, zu <\/strong><strong>VERKLEMMT<\/strong><strong>, zu <\/strong><strong>UNF\u00c4HIG<\/strong><strong>, zu <em><u>ps<\/u>y<u>chisch veren<\/u>g<u>t<\/u><\/em> \u2013 mit anderen Worten: zu <\/strong><strong>ANTI<\/strong><strong>&#8211;<\/strong><strong>DIVERS<\/strong><strong>, zu <\/strong><strong>UN<\/strong><strong>&#8211;<\/strong><strong>DIVERS<\/strong><strong> \u2013 sind, um Gesch\u00e4fte und dazu F\u00e4higere sich zum Partner statt Feind zu machen, und sie das <\/strong><strong>VERDR\u00c4NGTE \u2013 <\/strong><strong>wie es beispielsweise \u201eHomophobe\u201c gern tun<\/strong><strong> <\/strong><strong>\u2013<\/strong><strong> <\/strong><strong>in ihre &#8222;Hass&#8220;-Objekte auslagern, m\u00fcssen sie alle zu Feinden erkl\u00e4ren, die das ausleben und beherrschen, wozu &#8222;Linke&#8220; unf\u00e4hig sind.<\/strong><\/p>\n\n\n\n<p class=\"has-text-color has-background\" style=\"background-color:#c6dbd3;color:#770808\"><strong>Sie k\u00f6nnen einfach <em><u>Diversit\u00e4t nicht akze<\/u>p<u>tieren<\/u><\/em> &#8211; alle Menschen m\u00fcssen &#8222;gleich&#8220; sein und keine &#8222;Abweichler&#8220; und &#8222;sch\u00e4dliche Individualisten&#8220;.<\/strong><strong><\/strong><\/p>\n\n\n\n<p class=\"has-text-color has-background\" style=\"background-color:#c6dbd3;color:#770808\"><strong>Einfach nur <\/strong><strong>KRANK <\/strong><strong>und <\/strong><strong>ASOZIAL<\/strong><strong>, und dann f\u00fchren sie sich auch noch als Bessermenschen und &#8222;sozial&#8220; auf.<\/strong><strong><\/strong><\/p>\n\n\n\n<p class=\"has-text-color has-background\" style=\"background-color:#c6dbd3;color:#770808\"><strong>\u201eLinke\u201c, \u201eAnti-Kapitalisten\u201c, \u201eKapitalismus-Kritiker\u201c sind nirgends irgendeine \u201eAlternative\u201c zum Kapitalismus, sondern dessen Parasit und Schmarotzer.<\/strong><strong><br><br>Sie wollen den Kapitalismus nicht weiterentwickeln, sie wollen nicht, dass er bessere Produkte hervorbringt, sondern freuen sich \u00fcber alles Fragw\u00fcrdige und Schlechte, das in ihm entsteht \u2013 weil sie ja selbst nichts besser machen k\u00f6nnen, denn dann w\u00fcrden sie ja Verantwortung \u00fcbernehmen, Investitionen generieren, etwas zur Marktreife bringen m\u00fcssen, und w\u00fcrden dann wom\u00f6glich zu den b\u00f6sen \u201eReichen\u201c geh\u00f6ren, die \u201ebesteuert\u201c oder \u201eenteignet\u201c zu werden haben.<\/strong><\/p>\n\n\n\n<p class=\"has-text-color has-background\" style=\"background-color:#c6dbd3;color:#770808\"><strong>Und sie m\u00fc\u00dften sich mit von ihnen so genannten \u201eNebenwiderspr\u00fcchen\u201c besch\u00e4ftigen: also mit dem <\/strong><strong>LEBEN<\/strong><strong> an <\/strong><strong>SICH<\/strong><strong>, mit dem <\/strong><strong>MENSCHEN<\/strong><strong>, so wie es und er <\/strong><strong>IST<\/strong><strong> : sie m\u00fc\u00dften ihre extrem anti-humanistische <\/strong><strong>MENSCHENVERACHTUNG<\/strong><strong> &#8211; welche der des \u201eIslam\u201c fatal \u00e4hnelt und welche die \u201eSympathie\u201c des \u201eKommunismus\u201c mit dem \u201eIslam\u201c erkl\u00e4rt &#8211; aufgeben.<\/strong><\/p>\n\n\n\n<p class=\"has-text-color has-background\" style=\"background-color:#c6dbd3;color:#770808\"><strong>Nicht \u201eder Kapitalismus verformt die Menschen\u201c \u2013 sondern: der Kapitalismus entspricht dem Menschen, so wie er nun mal <\/strong><strong>IST<\/strong><strong>. Er braucht Wettbewerb, er braucht das Ringen um bessere L\u00f6sungen, er braucht zum \u00dcberleben und zum Fortschritt all das was \u201eSozialisten\u201c als \u201eGier\u201c verunglimpfen \u2013 um <em>g<u>ieri<\/u>g<u>e,<\/u><\/em> faule, destruktive \u201eAbgreifer\u201c in \u201eangesagte\u201c Gegenden einzuquartieren und sich festsetzen zu lassen, die jedoch nur \u00fcberleben k\u00f6nnen weil es all den von ihnen aus intra-psychischen Gr\u00fcnden verachteten und diffamierten Reichtum um sie herum gibt.<\/strong><\/p>\n\n\n\n<p class=\"has-text-color has-background\" style=\"background-color:#c6dbd3;color:#770808\"><strong><br>Alle, die \u201enicht so sind\u201c wie \u201eWir\u201c, haben \u201eenteignet\u201c, gema\u00dfregelt, zerst\u00f6rt zu werden, so wie \u201edamals\u201c die \u201ereichen Juden\u201c: das Prinzip des Faschismus und des Totalitarismus.<br><br>Dabei h\u00e4ngen ausgerechnet solche Totalit\u00e4ren sich auch noch an \u201eDiversit\u00e4ts\u201c- und \u201eGleichberechtigungs\u201c- Bewegungen, obwohl sie jegliche Individualit\u00e4t, jede Selbst- Befreiung und -Entwicklung als \u201esch\u00e4dlich\u201c bek\u00e4mpfen.<br><br>\u00c4hnlich wie bestimmte selbst ernannte \u201eCorona-Kritiker\u201c keinen freien, kritischen, selbst-verantwortlichen Umgang mit Corona, sondern nur Ja-Sager und Mitl\u00e4ufer wollen und sich von der DDR-Pfarrerstochter damit nicht unterscheiden.<br>Sie wollen den Umgang mit Corona nicht konstruktiv kritisch begleiten und ver\u00e4ndern, sondern freuen sich \u00fcber jede Fehlleistung der \u201eRegierungen\u201c: eine andere, eigene Existenzberechtigung haben sie ja gerade nicht.<br><\/strong><strong><br><\/strong><strong>Und das \u201eSystem\u201c, in dem solche parasit\u00e4ren, nichtsnutzigen, gemeingef\u00e4hrlichen, destruktiven Schwachk\u00f6pfe \u00fcberall ihr Maul aufrei\u00dfen, \u201egew\u00e4hlt\u201c werden und den von ihren Hass-Objekten geschaffenen Reichtum zerst\u00f6ren d\u00fcrfen, wird \u201eDemokratie\u201c genannt.<\/strong><strong><br><br>Und diese wehret nicht den Anf\u00e4ngen, sondern l\u00e4\u00dft \u201eEnteignen\u201c Kreischende durch St\u00e4dte marodieren, l\u00e4\u00dft sie \u201eVolksabstimmungen\u201c durchf\u00fchren, die \u201eMitte\u201c schafft es nicht, \u201eProteste\u201c aufzunehmen, und nicht, flexible, konstruktive, innovative, progressive L\u00f6sungen zu entwickeln, stattdessen l\u00e4\u00dft sich die \u201eMitte\u201c von rechten und linken Verbrechern einzw\u00e4ngen, die mit ihren \u201eGesetzes\u201c- \u201eVorschl\u00e4gen\u201c endg\u00fcltig diejenigen lahmlegen, l\u00e4hmen und mit \u201eVorschriften\u201c \u00fcberziehen und faktisch enteignen, die noch \u201eGeld\u201c zum \u201eUmverteilen\u201c erwirtschaften.<br><\/strong><strong><br><\/strong><strong>Nein, dieses Land hat <\/strong><strong>NICHTS<\/strong><strong> aus zwei totalit\u00e4ren Diktaturen und deren Vorzeichen gelernt.<\/strong><\/p>\n\n\n\n<p class=\"has-text-color has-background\" style=\"background-color:#c6dbd3;color:#770808\"><strong>\u201eLinke\u201c gehen manisch hausieren mit Behauptungen wie, \u201eder\u201c Kapitalismus \u201everursacht Armut\u201c &#8211; dies ist freilich ebenso grundfalsch wie der \u201eMarxismus\u201c es per se ist, der ja bestenfalls Zustandsbeschreibung ist, aber keinerlei L\u00f6sung bereit stellt, da z.B. L\u00f6sungen ja stets nur in konkretem \u00f6konomischem und werte-basiertem Handeln m\u00f6glich sind.<\/strong><br><strong>&nbsp;<br><\/strong><strong>Der \u201eMarxismus\u201c aber verweigert, den Menschen als homo oeconomicus zu betrachten, und er betrachtet Diskussionen \u00fcber Werte bestenfalls als Diskussion \u00fcber \u201eNebenwiderspr\u00fcche\u201c, die also seinen zentralen <\/strong><strong><em><u>GLAUBENS<\/u><\/em><\/strong><strong>s\u00e4tzen, ein so genannter \u201eHauptwiderspruch\u201c sei die\u201cungleiche Verteilung\u201c der Produktionsvoraussetzungen, nicht entsprechen.<\/strong><br><strong>&nbsp;<br><\/strong><strong>\u201eLinke\u201c lassen dabei jegliche Differenzierung vermissen, wie z.B. zwischen \u201eArmut\u201c und \u201eUngleichheit\u201c.<\/strong><br><strong>&nbsp;<br><\/strong><strong>Und so haben sie \u201edem Volk\u201c erfolgreich suggeriert &#8211; und \u00fcberall in der \u201eFreien Presse\u201c wird das Echo dieser Suggestion verlautbart -, die \u201eArmut\u201c sei \u201egestiegen\u201c, \u201eReiche werden immer reicher\u2026\u201c : Sprechblasen, Seifenblasen&#8230;<\/strong><br><strong>&nbsp;<br><\/strong><strong>Mit der Realit\u00e4t hat das &#8211; wie immer im \u201eMarxismus\u201c &#8211; <\/strong><strong>NICHTS<\/strong><strong> zu tun, schon weil ja Individuen und deren selbstverantwortliches Handeln ausgeklammert werden und sie zu \u201eGruppen\u201c einsortiert werden &#8211; und noch eigenartiger wird es, wenn dann aber ausgerechnet <\/strong><strong>DIE<\/strong><strong> \u201eGruppe\u201c, deren Anwachsen von \u201eLinken\u201c am meisten und undifferenziertesten herbeigejubelt wurde &#8211; \u201edie Migranten\u201c &#8211; am meisten zum Anstieg von \u201eArmut\u201c beitragen.<br>So gesehen macht das totalit\u00e4r vorgetragene Verlangen \u201eLinker\u201c, alle m\u00f6glichen \u201eMigranten\u201c gegen pauschale \u201eRassismus\u201c-Vorw\u00fcrfe zu verteidigen und \u201eWillkommen\u201c zu hei\u00dfen, f\u00fcr die \u201eLinken\u201c SInn: denn dann \u201estimmt\u201c ihr Vorwurf an \u201eden Kapitalismus\u201c eher wieder \u2026 aus Sicht unbelehrbarer \u201eLinker\u201c, bei denen an <\/strong><strong>ALLEM <\/strong><strong>\u201eder Kapitalismus\u201c Schuld hat.<br><br>So wie im <\/strong><strong>GLAUBEN<\/strong><strong> des Islam alle Schuld bei \u201eden Ungl\u00e4ubigen\u201c zu suchen ist &#8211; daher die angeblich unverst\u00e4ndliche Affinit\u00e4t der <\/strong><strong>GL\u00c4UBIGEN<\/strong><strong> des \u201eHistorisch-Wissenschaftlichen Marxismus\u201c zu dem anderen <\/strong><strong>GLAUBEN<\/strong><strong>, der <\/strong><strong>DAS LEBEN<\/strong><strong> an sich <\/strong><strong>HASST<\/strong><strong>.<br><br>AUSZ\u00fcGE aus dem realit\u00e4tsgest\u00fctzten aktuellen Entwurf zum \u201eArmutsbericht\u201c:<\/strong><br><strong>&nbsp;<\/strong><br><strong>&lt;&lt; &nbsp; Tats\u00e4chlich ist die Armutsgef\u00e4hrdungsquote nicht gesunken, weil \u2013 wie das Ministerium schreibt \u2013 \u201ealle Einkommensbereiche\u201c vom Aufschwung profitierten\u2026Von gro\u00dfer Bedeutung ist dabei offenbar, was man unter Armut versteht.<br>In politischen Debatten wird oft nicht klar zwischen Armut und Ungleichheit unterschieden \u2013 ihre statistisch messbaren Entwicklungen unterscheiden sich aber sehr stark, wie amtliche Daten zeigen, die der Bericht aus dem Sozialministerium zitiert.&nbsp;<\/strong><br><strong>&nbsp;<\/strong><br><strong>*** Der Anteil der Menschen, die im Alltag mit ernsten finanziellen N\u00f6ten k\u00e4mpfen, ist demnach stark gesunken: Er hat sich von 5,1 Prozent 2005 auf 2,6 Prozent im Jahr 2019 fast halbiert.***<br><br>Ein Haupttreiber war demnach schon im Analysezeitraum 2005 bis 2015 die Ver\u00e4nderung der Bev\u00f6lkerungsstruktur durch Migration: \u201ePersonen, die nach Deutschland zuwanderten, erreichten oft zun\u00e4chst nur niedrige Positionen in der Einkommensverteilung\u201c, stellt das Sozialministerium in dem Berichtsentwurf fest.<br><br>F\u00fcr die statistisch gemessene Ungleichheit und ihre Interpretation hat das wichtige Folgen:<br>Ein Teil der Personen, die 2015 zum unteren Drittel z\u00e4hlten, waren 2005 noch nicht in Deutschland \u2013 und eine entsprechend gro\u00dfe Gruppe, die damals zum unteren Drittel geh\u00f6rt hatte, z\u00e4hlte 2015 zu einer h\u00f6heren Schicht.<br>Die Studie liefert auch eine bezifferte Sch\u00e4tzung:&nbsp;<\/strong><br><strong>Ohne den Effekt der Zuwanderung w\u00e4re der gemessene Einkommensanstieg des unteren Drittels \u2013 unter sonst gleichen Umst\u00e4nden \u2013 um gut 2,5 Prozentpunkte h\u00f6her ausgefallen. Allerdings h\u00e4tten dann Personen, die 2015 mit ihrem Einkommen in der tats\u00e4chlichen Schichtung aufgestiegen waren, weiter zum unteren Drittel gez\u00e4hlt. &nbsp; &gt;&gt;<\/strong><\/p>\n\n\n\n<p class=\"has-text-color has-background\" style=\"background-color:#c6dbd3;color:#770808\"><strong>http:\/\/www.faz.net\/aktuell\/wirtschaft\/bundessozialministerium-ueber-steigendes-einkommen-und-wahrnehmung-17283905.html?GEPC=s5<\/strong><\/p>\n","protected":false},"excerpt":{"rendered":"<p>Pas vraiment &nbsp;(du CAHIERS) &nbsp;&nbsp;\u2013 &nbsp;&nbsp;Not really &nbsp;(from NOTEBOOKS) I\u00b4m in it \u2013 but it\u00b4s not about me \/ J\u2019y suis \u2013 mais c\u00b4est pas de moi &nbsp;&nbsp;&nbsp;&nbsp;&nbsp;&nbsp;&nbsp;&nbsp;&nbsp;&nbsp;&nbsp;&nbsp;&nbsp;&nbsp;&nbsp;&nbsp;&nbsp;&nbsp;&nbsp;&nbsp;&nbsp;&nbsp;&nbsp;&nbsp;&nbsp;&nbsp;&nbsp;&nbsp;&nbsp;&nbsp;&nbsp;&nbsp;&nbsp;&nbsp; (04) &lt;Alles dicht -oder noch\u00b4n Deckel drauf ? &#8211; Hauptsache, Nichts Gelernt !> ALS PDF >> HIER ! Copyright zu diesem Text liegt vollst\u00e4ndig und ausschliesslich bei:FiNiTESTi &hellip; <\/p>\n<p class=\"link-more\"><a href=\"https:\/\/ricercando.eu\/?p=235\" class=\"more-link\"><span class=\"screen-reader-text\">\u201eCategory: &#8222;ESPOSITO \u2013 Uno straniero qui&#8220; &#8211;\u201c <\/span>weiterlesen<\/a><\/p>\n","protected":false},"author":2,"featured_media":234,"comment_status":"closed","ping_status":"closed","sticky":false,"template":"","format":"standard","meta":{"footnotes":""},"categories":[18],"tags":[23,22,21],"class_list":["post-235","post","type-post","status-publish","format-standard","has-post-thumbnail","hentry","category-esposito-uno-straniero-qui","tag-camille-paglia","tag-diversitaet","tag-leben"],"_links":{"self":[{"href":"https:\/\/ricercando.eu\/index.php?rest_route=\/wp\/v2\/posts\/235","targetHints":{"allow":["GET"]}}],"collection":[{"href":"https:\/\/ricercando.eu\/index.php?rest_route=\/wp\/v2\/posts"}],"about":[{"href":"https:\/\/ricercando.eu\/index.php?rest_route=\/wp\/v2\/types\/post"}],"author":[{"embeddable":true,"href":"https:\/\/ricercando.eu\/index.php?rest_route=\/wp\/v2\/users\/2"}],"replies":[{"embeddable":true,"href":"https:\/\/ricercando.eu\/index.php?rest_route=%2Fwp%2Fv2%2Fcomments&post=235"}],"version-history":[{"count":3,"href":"https:\/\/ricercando.eu\/index.php?rest_route=\/wp\/v2\/posts\/235\/revisions"}],"predecessor-version":[{"id":239,"href":"https:\/\/ricercando.eu\/index.php?rest_route=\/wp\/v2\/posts\/235\/revisions\/239"}],"wp:featuredmedia":[{"embeddable":true,"href":"https:\/\/ricercando.eu\/index.php?rest_route=\/wp\/v2\/media\/234"}],"wp:attachment":[{"href":"https:\/\/ricercando.eu\/index.php?rest_route=%2Fwp%2Fv2%2Fmedia&parent=235"}],"wp:term":[{"taxonomy":"category","embeddable":true,"href":"https:\/\/ricercando.eu\/index.php?rest_route=%2Fwp%2Fv2%2Fcategories&post=235"},{"taxonomy":"post_tag","embeddable":true,"href":"https:\/\/ricercando.eu\/index.php?rest_route=%2Fwp%2Fv2%2Ftags&post=235"}],"curies":[{"name":"wp","href":"https:\/\/api.w.org\/{rel}","templated":true}]}}