{"id":253,"date":"2022-01-28T22:29:44","date_gmt":"2022-01-28T22:29:44","guid":{"rendered":"http:\/\/ricercando.eu\/?p=253"},"modified":"2022-01-28T22:29:44","modified_gmt":"2022-01-28T22:29:44","slug":"das-geschwaetz-von-freiheit-und-widerstand-als-ausweis-von-freiheitsfeindlichkeit","status":"publish","type":"post","link":"https:\/\/ricercando.eu\/?p=253","title":{"rendered":"Das Geschw\u00e4tz von \u201eFreiheit\u201c und \u201eWiderstand\u201c als Ausweis von Freiheitsfeindlichkeit :"},"content":{"rendered":"\n<p><strong>die \u201eIMPFDEBATTE\u201c und der \u201eUMGANG MIT DER PANDEMIE\u201c als Zustandsbeschreibung einer infantilisierten Gesellschaft und Auffassung von \u201eFreiheit\u201c<\/strong><\/p>\n\n\n\n<p>F\u00fcr leichteres Lesen k\u00f6nnen Sie <a href=\"https:\/\/ricercando.eu\/wp-content\/uploads\/2022\/01\/Das-Geschwaetz-von-Freiheit-und-Widerstand-als-Ausweis-von-Freiheitsfeindlichkeit-\u2013-die-Impfdebatte.pdf\" target=\"_blank\" rel=\"noreferrer noopener\">HIER<\/a> den Text als <a href=\"https:\/\/ricercando.eu\/wp-content\/uploads\/2022\/01\/Das-Geschwaetz-von-Freiheit-und-Widerstand-als-Ausweis-von-Freiheitsfeindlichkeit-\u2013-die-Impfdebatte.pdf\" target=\"_blank\" rel=\"noreferrer noopener\">pdf <\/a>herunterladen\/ for an easier reading experience you may download this text <a href=\"https:\/\/ricercando.eu\/wp-content\/uploads\/2022\/01\/Das-Geschwaetz-von-Freiheit-und-Widerstand-als-Ausweis-von-Freiheitsfeindlichkeit-\u2013-die-Impfdebatte.pdf\" target=\"_blank\" rel=\"noreferrer noopener\">HERE<\/a> as <a href=\"https:\/\/ricercando.eu\/wp-content\/uploads\/2022\/01\/Das-Geschwaetz-von-Freiheit-und-Widerstand-als-Ausweis-von-Freiheitsfeindlichkeit-\u2013-die-Impfdebatte.pdf\" target=\"_blank\" rel=\"noreferrer noopener\">pdf<\/a><\/p>\n\n\n\n<p class=\"has-background\" style=\"background-color:#cef6e6\"><strong>FiniTestiPublishing<\/strong>\u00a0\/ <strong><em>www.ricercando.eu<\/em><\/strong>                       January 28, 2022<\/p>\n\n\n\n<p class=\"has-black-color has-text-color has-background\" style=\"background-color:#c5efde\">\u25ca<strong>Lugano<\/strong>\u25ca<strong>Berlin<\/strong>\u25ca<strong>Graz<\/strong>\u25ca<\/p>\n\n\n\n<p><strong>&#8212;&#8212;&#8212;&#8212;&#8212;&#8212;&#8212;&#8212;&#8212;&#8212;&#8212;&#8212;&#8212;&#8212;&#8212;&#8212;&#8212;&#8212;&#8212;&#8212;&#8212;&#8212;&#8212;&#8212;&#8212;&#8212;&#8212;&#8212;&#8212;&#8212;&#8212;&#8212;&#8212;&#8212;-<\/strong><\/p>\n\n\n\n<p class=\"has-vivid-purple-color has-text-color has-background\" style=\"background-color:#f4ebeb\"><strong>Copyright zu diesem Text liegt vollst\u00e4ndig und ausschliesslich bei:<\/strong><br>FiNiTESTi PUBLISHING, <strong>Berlin<\/strong>,Deutschland \u2013<strong>Lugano<\/strong>\/TI,Svizzera \u2013 <strong>Graz<\/strong>, Steiermark, Rep. \u00d6sterreich &#8211; <strong>Missachtungen der Eigentums- und Nutzungsrechte, unbefugtes Verwenden, Kopieren, Verlinken, Weiterleiten, Kommentieren usw. von Texten, Textteilen und s\u00e4mtlichen Photos, einzeln, auch in Montagen, Kontexten, Zusammenstellungen ohne Genehmigung werden STRAFRECHTLICH SCH\u00c4RFSTENS VERFOLGT ! <\/strong>&#8211; 28. Januar 2022<\/p>\n\n\n\n<p><strong>&#8212;&#8212;&#8212;&#8212;&#8212;&#8212;&#8212;&#8212;&#8212;&#8212;&#8212;&#8212;&#8212;&#8212;&#8212;&#8212;&#8212;&#8212;&#8212;&#8212;&#8212;&#8212;&#8212;&#8212;&#8212;&#8212;&#8212;&#8212;&#8212;&#8212;&#8212;&#8212;&#8212;&#8212;&#8211;<\/strong><\/p>\n\n\n\n<p class=\"has-vivid-purple-color has-text-color has-background\" style=\"background-color:#f1e7e7\"><strong>Copyright for this text is entirely and exclusively with:<\/strong>FiNiTESTi PUBLISHING, <strong>Berlin<\/strong>, Germany \u2013 <strong>Lugano<\/strong>\/TI, Svizzerae \u2013 <strong>Graz<\/strong>, Styria\/ Republic of Austria<strong> &#8211; Disregard of property and usage rights, unauthorized use, copying, linking, forwarding, commenting etc. of texts, parts of texts and all photos, individually, also in montage, contexts, compilations without permission will indictably be PROSECUTED ! &#8211; January 28<sup>th<\/sup>, 2022\u00a0\u00a0\u00a0<\/strong><\/p>\n\n\n\n<p class=\"has-text-color\" style=\"color:#00603d\"><strong>&#8212; 01. <\/strong><strong><em>Aus irgendeiner \u201eVergangenheit\u201c <\/em><\/strong><strong><em>NICHTS<\/em><\/strong><strong><em> gelernt: \u201edas Volk\u201c<\/em><\/strong><strong><em><\/em><\/strong><\/p>\n\n\n\n<p><strong>Liest man die unz\u00e4hligen uns\u00e4glichen Verlautbarungen \u201edes Volkes\u201c und seiner \u201e(\u00b4Meinungs`-) Freiheit\u201c auf Facebook, Twitter, Telegram + Co. zu \u201eCovid19\u201c, zur \u201eImpfung\u201c usw., k\u00f6nnte man annehmen, dass die so genannte \u201eFreie Welt\u201c nicht \u201efrei\u201c, sondern verdummt, verbl\u00f6det und idiotisiert ist &nbsp;<\/strong><\/p>\n\n\n\n<p><strong>\u2013 und das \u201eRecht\u201c auf Verbl\u00f6dung als \u201eseine Freiheit\u201c aufzufassen scheint -\u2013, und leichte Beute von Einfl\u00fcsterungen selbst ernannter \u201eSkeptiker\u201c, \u201eFreiheitsk\u00e4mpfer\u201c, \u201eSystemkritiker\u201c, sowie vieler \u201eLibert\u00e4rer\u201c und \u201eLiberaler\u201c zu sein scheint: wie schon immer, \u201ewie 1933\u201c, \u201ewie im Sozialismus\u201c usw.<br><br>Tats\u00e4chlich gibt es ja am \u201ebestehenden\u201c so genannten \u201eSystem\u201c und seiner realen Existenz Erhebliches zu kritisieren \u2013 allerdings eben nicht (nur) \u201ewegen der Regierenden\u201c oder \u201eder Profiteure\u201c, sondern eben wegen des \u201eVolks\u201c: seiner Lebensweise, seinen \u201eKonsum\u201c-\u201eGewohnheiten\u201c, seinen Auffassungen von \u201eFreiheit\u201c \u2013 dessen Fortsetzung ist durch Corona und die Folgen, die Lockdowns, Einschr\u00e4nkungen und Ma\u00dfnahmen beeintr\u00e4chtigt, ebenso wie durch die \u201eEnergiekrise\u201c, die Fragw\u00fcrdigkeit bisher benutzter Brennstoffe, den vorherrschenden Formen des Verkehrs\/ der Fortbewegung usw.<br><br>\u201eDas Volk\u201c scheint sich dabei \u201egest\u00f6rt\u201c f\u00fchlen zu wollen, dass es nicht \u201eso bleiben kann, wie es war\u201c; es soll sich nichts \u00e4ndern, es soll \u201ewieder so werden wie vorher\u201c, \u201ewie immer\u201c \u2013 nur paradoxer und absurder Weise f\u00fchren sich diese erzkonservativen unterkomplexen \u201eVolks\u201c-St\u00e4mme als \u201eFreiheits\u201c- K\u00e4mpfer, \u201edynamisch\u201c, \u201eprogressiv\u201c wie viele ihrer angeblichen \u201eGegner\u201c auf.<\/strong><\/p>\n\n\n\n<p><strong>Meist dieselben, die es schon als Zumutung empfinden, auf \u201emain Flaisch\u201c zu verzichten und statt toter Tier-Schnitzel z.B. viel wertvollere Linsen, Quinoa oder Gr\u00fcnkern, m\u00f6glichst naturbelassene und ganzheitlich-vollwertige, vitamin- und n\u00e4hrstoffhaltige Vital-Kost ohne k\u00fcnstliche \u201eGeschmackssoffe\u201c \u2013 u.a. insbesondere zur \u201eSt\u00e4rkung der nat\u00fcrlichen Immunit\u00e4t\u201c \u2026 !&nbsp; \u2013 zu verzehren, oder Radwege neben ihren breiten Autoschneisen zu dulden, gerieren sich als \u201eFreiheits\u201c- K\u00e4mpfer, \u201eDemokraten\u201c und \u201egegen Bevormundung\u201c Auftretende.<\/strong><\/p>\n\n\n\n<p><strong>Und einige wenige sich als \u201eprogressiv\u201c auffassende Protagonisten h\u00e4ngen sich mangels anderer Gefolgschaft an diese reaktion\u00e4re, zu Einsicht und klarem Denken unf\u00e4hige Claque.<\/strong><\/p>\n\n\n\n<p><strong>Um Argumente, darum, alles kritisch zu pr\u00fcfen, zu durchdenken, das nach aller m\u00f6glichen Erkenntnis m\u00f6glichst Richtige zu tun: also von der dem Menschen gegebenen <\/strong><strong>FREIHEIT<\/strong><strong> kritischen Denkens <\/strong><strong>GEBRAUCH <\/strong><strong>zu machen, geht es ihnen nirgends.<br><br>Sie haben im Gro\u00dfen und Ganzen, nimmt man ihre Auftritte, \u201eForderungen\u201c, \u00c4u\u00dferungen als Ma\u00dfstab, nicht die geringste Autorit\u00e4t und inhaltliche Validit\u00e4t, Konsistenz, Koh\u00e4renz \u2013 dennoch sind sie in \u201eden Medien\u201c omnipr\u00e4sent, wird f\u00fcr sie die \u201eMeinungs\u201c- \u201eFreiheit\u201c gefordert, die sie selbst allen anderen, die nicht ihrer \u201eMeinung\u201c sind, st\u00e4ndig absprechen, als sei \u201eMeinungs\u201c- \u201eFreiheit\u201c in Form des Ventilierens von R\u00fccksichtslosigkeit und gemeingef\u00e4hrlicher Bedrohlichkeit ein \u201eMenschenrecht\u201c, auf dem man zu bestehen und das man angeblich im Sinne des omin\u00f6sen \u201eVoltaire\u201c- \u201eZitats\u201c \u2013 das ebenso sehr mi\u00dfbraucht und selektiv verk\u00fcrzt dargebracht wird wie etwa Rosa Luxemburgs \u201eFreiheit des Andersdenkenden\u201c \u2013 zu \u201everteidigen\u201c haben soll.<br><br>Wer aber die so genannte \u201eDemokratie\u201c verteidigen will, kann nicht krasse Dummheit und Beschr\u00e4nktheit als eine \u201em\u00f6gliche Meinung\u201c verteidigen \u2013 denn solche k\u00f6nnen Demokratie \u2013 verstanden als Schutz und F\u00f6rderung dessen, was ein konstruktives menschenw\u00fcrdiges Zusammenleben erm\u00f6glicht, erh\u00e4lt und st\u00e4rkt \u2013 nur zerst\u00f6ren.<\/strong><\/p>\n\n\n\n<p class=\"has-text-color\" style=\"color:#00623e\"><strong>&#8212;02. <\/strong><strong><em>\u201cEs ist schwer zu verstehen, doch es trifft immer den, der am wenigsten Schuld hat\u2026\u201c : die wirklichen Opfer, das wirklich Verbesserungsw\u00fcrdige kommen nirgends vor : es \u201eist zu kompliziert\u201c und stellt \u201ezu viele\u201c Fragen an jeden kleinen Mann im Ohr<\/em><\/strong><\/p>\n\n\n\n<p><strong>Die Zerst\u00f6rung, die Dummheit, Unzul\u00e4nglichkeit, Mangelhaftigkeit, Selbstgewi\u00dfheit gehen selbstverst\u00e4ndlich auch von \u201eder Politik\u201c aus, mit ihren wirren, widerspr\u00fcchlichen, destruktiven, oft nicht durchdachten und selbst \u00fcber den Haufen geworfenen \u201eBeschl\u00fcssen\u201c oder \u201eMa\u00dfnahmen\u201c \u2013 wer es allerdings besser, oder wer bessere Vorschl\u00e4ge machen will, sich dabei aber noch d\u00fcmmer \u2013 und dabei auch noch \u201eanklagend\u201c, als \u201eVerfolgter\u201c selbstherrlich \u2013 und destruktiver verh\u00e4lt, hat seinen Anspruch auf demokratisches Geh\u00f6r selbst fortw\u00e4hrend verwirkt, und es ist nichts anderes als totalit\u00e4res Gehabe bei ihnen zu erkennen, das nur entschieden bek\u00e4mpft werden kann, auch wenn selbst ernannte \u201eAnti-Faschisten\u201c, die als \u201egegen Nazis\u201c aufzutreten behaupten, ebensowenig ernstzunehmend sind und ebensowenig die Grundprinzipien freiheitlicher Rechtsstaaten auf Basis des Individualrechts begriffen, internalisiert zu haben oder zu \u201everteidigen\u201c sich anma\u00dfen k\u00f6nnen.<\/strong><\/p>\n\n\n\n<p><strong>Die &#8222;(wirklich) gef\u00e4hrdeten Menschen&#8220; befinden sich dabei \u00fcberall, nicht nur in den Altenheimen.<br><br>Dort werden &#8211;\u00a0 beispielhaft f\u00fcr eine Gesellschaft, die deutlich mehr auf Macht, Durchsetzungsf\u00e4higkeit, Selbstgerechtigkeit und \u201eRecht\u201chaberei statt Beachtung des Rechts beruht als sie es offenbar selbst wahrhaben will, und von welchem Machtstreben gerade auch ihre vorgeblichen \u201eGegner\u201c von \u201eLinks\u201c bis \u201eRechts\u201c zutiefst gepr\u00e4gt und gezeichnet sind &#8211; unm\u00fcndig gemachte Menschen abgefertigt und abgef\u00fcttert:<br>Gem\u00e4\u00df eben dem von \u201eder Mehrheit\u201c, \u201edem Volk\u201c als \u201enormal\u201c wahnhaft und kritiklos konsumierten \u2013 als \u201eMischkost\u201c besch\u00f6nigten \u2013 in allen \u201eSuperm\u00e4rkten\u201c abstehenden und massenhaft verkauften, von \u201eanstrengendem\u201c Geschmack und \u201est\u00f6renden\u201c Inhaltsstoffen befreiten, verzuckerten, von \u201eBallast\u201c- Stoffen und Eigengeschmack entkernten DRECK.<\/strong><\/p>\n\n\n\n<p><strong>Dass solcherma\u00dfen abgef\u00fctterte, von den Krankenversicherungen und Angeh\u00f6rigen f\u00fcr das Abstellen gut bezahlte Klinik- und Heim- Insassen wie die Fliegen sterben m\u00fcssen, sollte niemanden verwundern.<br><br><\/strong><strong>DIES<\/strong><strong> sind diejenigen, welche sich <\/strong><strong>WEHREN<\/strong><strong> m\u00fc\u00dften, welchen \u2013 und deren Angeh\u00f6rigen \u2013&nbsp; (Patienten-) Rechte gegeben zu werden h\u00e4tten &#8211; doch sie werden zu Vergessenen und <\/strong><strong>OPFERN <\/strong><strong>der ignoranten \u201ePolitik\u201c <em><u>und<\/u><\/em> der sich zu \u201eOpfern\u201c stilisierenden \u201eFreiheits\u201c-\u201eK\u00e4mpfer\u201c: <em>beiden<\/em> geht es nur um <em>sich<\/em>, die wirklichen Opfer, Fragw\u00fcrdigkeiten und Probleme sind ihnen egal.<br><br>Man sollte lieber nicht fragen, wieviele der sich als \u201e\u00fcberfordert\u201c gebenden \u201ePflegekr\u00e4fte\u201c an dieser bequemen Entmenschlichung mitwirken, ohne Jammern, denn das hat man ihnen abgew\u00f6hnt oder sie haben es sich abgew\u00f6hnen lassen und geben \u201edem System\u201c die \u201eSchuld\u201c daran, dass es ihnen \u201ezu anstrengend\u201c ist.<br><br>Diesen Menschen, ihren Angeh\u00f6rigen und den Pflegekr\u00e4ften <\/strong><strong>BERUFBARE RECHTE<\/strong><strong> zu geben<\/strong><strong>: DAS<\/strong><strong> allerdings <\/strong><strong>W\u00c4RE <\/strong><strong>ein dringend notwendiger \u201eKampf f\u00fcr die Freiheit\u201c \u2013 aber dann m\u00fc\u00dften sich ja auch \u201edie Pflegekr\u00e4fte\u201c und alle anderen Beteiligten des \u201eGesundheitswesens\u201c Fragen zu sich selbst stellen: ihrer Lebensf\u00fchrung, ihrer Ern\u00e4hrung, ihren Gewi\u00dfheiten \u2013 statt einfach&nbsp; nur \u201emehr Geld\u201c und \u201emehr Personal\u201c zu fordern, was keines der Probleme l\u00f6sen wird, ebensowenig wie das Hetzen \u201egegen die Pharma- Industrie\u201c.<br><br>Deren weitgehend unabweisbar wertvolle mit viel Einsatz von viel Geld und Forschung entwickelten Medikamente k\u00f6nnen nur auf reale Menschen treffen und bei solchen angewandt werden, die in <\/strong><strong>SELBSTVERANTWORTUNG<\/strong><strong> \u2013 oder auch Verantwortungslosigkeit \u2013 ihr \u201eLeben gestaltet\u201c und sich selbst erhalten und gest\u00e4rkt haben oder auch nicht.<br><br>F\u00fcr den Erfolg und die Vertr\u00e4glichkeit etwa einer Chemotherapie oder eines HIV-Medikaments kann nat\u00fcrlich wesentlich der Zustand des Organismus, an dem es angewandt wird, verantwortlich sein.<\/strong><\/p>\n\n\n\n<p><strong>Von daher ist selbstverst\u00e4ndlich die \u201eSkepsis\u201c gegen\u00fcber einer Impfung berechtigt: Impfung allein kann oft nicht sch\u00fctzen, wenn die Physis ansonsten geschw\u00e4cht ist, und sich Behandelte verantwortungslos verhalten.<br>Der Umgang mit der Impfung, dem \u201eVerabreichen\u201c und dem \u201eHoffen\u201c auf ein \u201eEnde der Pandemie\u201c ohne Betrachtung weiterer Umst\u00e4nde \u00e4hnelt daher dem Umgang mit in Krankenh\u00e4usern und Heimen Abgestellten, Abgef\u00fctterten oder dem in Superm\u00e4rkten zur Abf\u00fctterung Bereitstehenden.<br><br>Aber deshalb sind eben weder Impfung noch \u201edie Pharma-Industrie\u201c noch Chemotherapie oder andere Medikamente \u201eschlecht\u201c oder \u201ewirkungslos\u201c.<\/strong><\/p>\n\n\n\n<p class=\"has-text-color\" style=\"color:#006540\"><strong>&#8212;03. <\/strong><strong><em>Die \u201eMehrheit\u201c will keine \u201eFreiheit\u201c, sondern Unm\u00fcndigkeit, die sie \u201eNormalit\u00e4t\u201c nennen will<\/em><\/strong><strong><\/strong><\/p>\n\n\n\n<p><strong>Schlecht ist aber, wie die formal noch m\u00fcndigen Menschen sich *freiwillig* unm\u00fcndig machen (lassen), wie sie \u201efreiwillig\u201c Dreck &nbsp;konsumieren. Die &#8222;Mehrheit&#8220; macht sich *freiwillig* unm\u00fcndig, sie brauchen dazu keine &#8222;Regierung&#8220;.<\/strong><strong><\/strong><\/p>\n\n\n\n<p><strong>Deshalb sind auch &#8222;Schuld&#8220;- Zuweisungen an &#8222;die Regierung&#8220; v\u00f6llig sinnbefreit.<\/strong><\/p>\n\n\n\n<p><strong>Alte Menschen m\u00fcndig zu machen, ihnen Rechte zu geben, die &#8222;Caterer&#8220; zum Abliefern besseren Essens zu zwingen, m\u00fc\u00dfte entsprechende R\u00fcckwirkungen auf die *gesamte* Gesellschaft haben.<\/strong><\/p>\n\n\n\n<p><strong>Aber &#8222;die Mehrheit&#8220; <\/strong><strong>WILL <\/strong><strong>es nicht besser: gem\u00e4\u00df ihrem so genannten \u201efreien Willen\u201c , ihrer \u201eMeinung\u201c, ihrem \u201eGeschmack\u201c.<br>Weshalb also soll eine so genannte \u201edemokratische Mehrheit\u201c per se \u201e(mehr) Recht haben\u201c, wo die \u201eMehrheit\u201c doch fast immer nur den Weg des geringsten Widerstands bevorzugt ?<\/strong><\/p>\n\n\n\n<p><strong>Weshalb soll irgendjemand <em><u>daf\u00fcr<\/u><\/em> \u201eRespekt\u201c bezeugen \u2026?!?<br><br>Sie <em>wollen selbst<\/em> das was sie &#8222;ihre Freiheit&#8220; nennen, dazu brauchen keine &#8222;Anbieter&#8220;, &#8222;Hersteller&#8220;, &#8222;Regierungen&#8220; sie zu zwingen, die &#8222;Mehrheit&#8220; w\u00e4hlt zielsicher stets den allergr\u00f6\u00dften Sche*ssdreck aus, und will daf\u00fcr auch noch \u201eRespekt\u201c.<br><br>Sie will vorgeblich \u201enicht bevormundet\u201c werden, nimmt aber nicht wahr, wie sie mit ihrem \u201eMehrheits\u201c- Dreck alle anderen bevormundet, die dem \u201eMehrheits\u201c-\u201eGeschmack\u201c nicht fr\u00f6nen, sondern denen es um Inhalt, Qualit\u00e4t, kritisches Bewu\u00dftsein und die <em><u>Freiheit<\/u><\/em>, dieser zu folgen, geht.<br><br>Die &#8222;Mehrheit&#8220; leistet nur so genannten &#8222;Widerstand&#8220;, wenn es ihr &#8222;zu unbequem&#8220; wird, deshalb ist das Gekeife gegen &#8222;Ma\u00dfnahmen&#8220; und &#8222;Impfungen&#8220; nicht ernstzunehmen und auch nicht unterst\u00fctzenswert, vielmehr ist es komplett verlogen, denn das Gekeife der &#8222;Mehrheit&#8220; gegen Beschwernisse aufgrund von &#8222;Ma\u00dfnahmen&#8220; ist genau dasselbe Gekeife und Gegr\u00f6hle wie dann wenn sie fragen &#8222;Weshalb soll ich auf MAIN FLAISCH verzichten ? Weshalb soll ich mich naturn\u00e4her, Immun st\u00e4rkender, weniger umweltbelastend ern\u00e4hren &#8230; Ist mir zu anstrengend, dies soll mir niemand \u201avorschreiben\u2018\u2026 &#8222;<\/strong><\/p>\n\n\n\n<p><strong>Wer diese Dummheit &#8222;des Volks&#8220; \u00fcbersieht und stattdessen daf\u00fcr &#8222;der Regierung&#8220; oder \u201eder (Pharma-)Industrie\u201c die \u201eSchuld\u201c gibt, wacht in der totalit\u00e4ren Herrschaft &#8222;des Volks&#8220; wieder auf.<\/strong><\/p>\n\n\n\n<p class=\"has-text-color\" style=\"color:#00633f\"><strong>&#8212;04. <\/strong><strong><em>Fortgesetztes Versagen nicht nur der \u201e\u00f6ffentlichen\u201c, sondern auch der \u201efreien\u201c \u201eQuoten\u201c- und \u201eAbo\u201c-Medien<\/em><\/strong><\/p>\n\n\n\n<p><strong>Zunehmend selbst diskreditieren sich auch ansonsten und eben noch sich als \u201ewiderst\u00e4ndiges West-Fernsehen\u201c auff\u00fchrende \u201eliberal-konservative\u201c Medien wie \u201eNZZ\u201c oder \u201eDie Welt\u201c, die sich jetzt \u201edem Volk\u201c und seinen aggressiven Marktschreiern und \u201eFreiheits\u201c- Predigern anbiedern.<br>Damit kann man wohl derzeit mehr Abonnenten angeln.<\/strong><\/p>\n\n\n\n<p><strong>D\u00fcnnbrett-Notoriker wie etwa der \u201eAndreas Rosenfelder\u201c (\u201eEs ist vorbei, wir haben es blo\u00df noch nicht bemerkt\u201c) oder der \u201eThomas Vitzthum\u201c werden in den Publikationen nun auffallend bevorzugt, obwohl sie haupts\u00e4chlich Fragw\u00fcrdigkeiten und (\u201elibert\u00e4re\u201c) <em><u>Glaubens<\/u><\/em>s\u00e4tze von sich geben, diese Unarten aber wie in der \u201eFreiheits\u201c-\u201eBewegung\u201c \u00fcblich, nur bei \u201eAnderen\u201c sehen.<br><br>Ihnen widersprechende \u00c4u\u00dferungen werden von den \u201eVerteidigern der Meinungsfreiheit\u201c nicht ver\u00f6ffentlicht (was aber derzeit \u201emoderieren\u201c genannt wird: betreutes \u201eDiskutieren\u201c).&nbsp;<br>In http:\/\/www.welt.de\/politik\/deutschland\/plus236521675\/Impfpflicht-Das-unbeirrte-Verharren-in-angeblichen-Corona-Gewissheiten.html ) verlautbart Herr Vitzthum z.B. unterstellende Klagelaute wie:<br>&lt;&lt;&nbsp;&nbsp; &#8230;dass ein Zustand droht, wie damals, als noch keiner geimpft war? Immerhin haben doch bereits 84 Prozent der Erwachsenen den doppelten Schutz, die H\u00e4lfte der Bev\u00f6lkerung den Booster. Und mehr als drei Impfungen soll es gar nicht geben&#8230;eine Rhetorik der Angst, die wissenschaftlicher Grundlagen entbehrt.&nbsp; &gt;&gt;<\/strong><\/p>\n\n\n\n<p><strong>Leider vergi\u00dft der Autor, dass der QR-Code auch f\u00fcr Auffrischimpfungen maximal einen Impfschutz von 12 Monaten festlegt \u2013 wie bereits von der Influenza-Impfung seit jeher bekannt.<br><br>Der Autor vergi\u00dft &#8211; oder erw\u00e4hnt nicht -, dass also mdst. die H\u00e4lfte der Bev\u00f6lkerung, die in den letzten Wochen geboostert wurde, sp\u00e4testens in einem Jahr, mitten in der &#8222;Erk\u00e4ltungssaison&#8220;, wieder ohne Impfschutz dastehen w\u00fcrde, und dass ihnen \u201edrei\u201c schon erhaltene \u201eImpfungen\u201c dann eben genausowenig n\u00fctzen werden wie eine Influenza-Impfung von 2015 im Winter 2022\/23 helfen wird.<br><br>Herr Vitzthum vergi\u00dft &#8211; oder erw\u00e4hnt nicht -, dass damit der Hauptfehler &#8222;der Politik&#8220; vor diesem Winter wiederholt w\u00fcrde, vor dem nicht nur der von ihm genannte Experte Drosten fr\u00fchzeitig gewarnt hatte, w\u00e4hrend &#8222;die Politik&#8220; dies \u00fcberh\u00f6rte und mit &#8222;Wahlkampf&#8220; besch\u00e4ftigt war: dass n\u00e4mlich die Wirkung der Impfung, und gerade besonders bei den fr\u00fchzeitig geimpften &#8222;Vulnerablen&#8220;, nat\u00fcrlich nicht bis zum Winter halten w\u00fcrde: wie man es doch auch von der Influenza-Impfung gewohnt ist &#8230;!<br><br>Aber warum sollte Herr Vitzthum seine bei \u201eden Lesern\u201c so \u201egut ankommenden\u201c jubilierenden \u201eFreiheits\u201c-Triumph-Litaneien von solchen Einzelheiten tr\u00fcben lassen.<br><br>Niemals wurde (sich) bisher jemals von einer Grippe-Impfung mehr versprochen als max. 70-80%iger Schutz, und solcher vor lebensgef\u00e4hrlichen Verl\u00e4ufen.<\/strong><\/p>\n\n\n\n<p><strong>Diejenigen, die jemals mehr erwartet oder solchen Versprechungen &#8222;der Politik&#8220; oder der Hersteller geglaubt &#8211; und nicht selbst gedacht &#8211; haben, sind auf die &#8222;Politiker&#8220; hereingefallen, denen sie jetzt vorhalten zu k\u00f6nnen meinen, dass sie selbst so doof waren, auf die &#8222;Politiker&#8220; hereinzufallen, und statt auf sich selbst w\u00fctend zu sein, sind sie auf &#8222;die Politik&#8220; w\u00fctend, und &#8222;glauben denen nichts mehr&#8220;.<\/strong><\/p>\n\n\n\n<p><strong>Statt sich einfach impfen zu lassen und Masken anzuziehen &#8211; wie es viele Asiaten seit Jahrzehnten tun, und diese sind nicht &#8222;unm\u00fcndig&#8220;, keine &#8222;Schlafschafe&#8220;, sondern sie haben einfach nur keinen pervertierten totalit\u00e4ren absolutistischen Begriff von &#8222;Freiheit&#8220; ohne Verantwortung, wie das \u201edie Freiheit\u201c f\u00fcr sich gepachtet zu haben <em>g<u>laubende<\/u><\/em> \u201eEuropa\u201c.<\/strong><\/p>\n\n\n\n<p class=\"has-text-color\" style=\"color:#00643f\"><strong>&#8212;05. <\/strong><strong><em>Das fatale, destruktive Fehlverst\u00e4ndnis und Mi\u00dfbrauchen des Begriffes \u201eFreiheit\u201c \u2013 und die nicht genutzte Freiheit, bessere Gegenbeispiele nicht zu \u00fcbersehen<\/em><\/strong><\/p>\n\n\n\n<p><strong>Leider waren es die Vorkommnisse und das \u201eSuperspreading\u201c in den Alpen \u00d6sterreichs, in Norditalien, im deutschen \u201eKarneval\u201c usw., welche am Anfang \u201eder Pandemie\u201c standen, und woraus sich etliche bedauerliche Fehlannahmen, Hysterien, fragw\u00fcrdige Vorgangsweisen ergaben, was dann europa- und weltweit den Umgang mit \u201eder Pandemie\u201c wesentlich bestimmte: ganz wesentlich unter Auslassung der Betrachtung spezifisch \u201ewestlich\u201c- \u201eeurop\u00e4ischer\u201c blinder Flecken und Selbstgewi\u00dfheiten.<br><br>H\u00e4tte man den Fokus auf Asien gelegt, auf deren langj\u00e4hrige Erfahrung mit SARS-1, \u201eVogelgrippe\u201c, Influenza usw., auf deren Umgang damit, h\u00e4tte man diesen L\u00e4ndern <em><u>Res<\/u>p<u>ekt<\/u><\/em> erwiesen: vieles w\u00e4re anders, und wohl besser, gelaufen.<\/strong><\/p>\n\n\n\n<p><strong>Aufgrund deren Erfahrungen \u2013 aber auch durch ihre andere Mentalit\u00e4t \u2013 haben eine Reihe asiatischer, und haupts\u00e4chlich demokratischer Staaten ihr gesamtes Gesundheitswesen weiterentwickelt, insbesondere digitalisiert, den Zugang f\u00fcr \u201ebeide Seiten\u201c, die B\u00fcrger\/ Patienten\/ Kunden wie vom \u201eGesundheitswesen\u201c selbst her, h\u00fcrdenloser gemacht.<br><br>Etwa monate- und jahrelange Ungewissheit \u00fcber den \u201eImpfstatus\u201c von in Krankenh\u00e4usern oder Heimen Befindlichen und dort Arbeitenden h\u00e4tte es mit solchen digitalisierten Systemen in Deutschland und Europa nie gegeben \u2013 aber leider in \u201eNeuland\u201c mit seiner Schrott-\u201eCorona-App\u201c: einem der unz\u00e4hligen Vers\u00e4umnisse der v\u00f6llig unerkl\u00e4rlich \u201egesch\u00e4tzten\u201c und \u201egelobten\u201c DDR-Pfarrershaushalt-Dame Merkel.<br><br>Die Auspr\u00e4gung dieser Systeme ist in verschiedenen L\u00e4ndern unterschiedlich, in Taiwan \u2013 stets auf der Hut vor dem gro\u00dfen Festland-Nachbarn \u2013 sehr streng bis inhuman, in Japan deutlich zur\u00fcckhaltender, in Singapur obrigkeitsstaatlicher, in Korea sehr pragmatisch.<\/strong><\/p>\n\n\n\n<p><strong>Vor f\u00fcnf Jahren hatten wir 15 Koreanerinnen zu einem Sprachkurs in Berlin zu Gast: von Anfang bis Ende trugen sie in Innenr\u00e4umen, Bussen, Bahnen, wenn G\u00e4ste kamen, im Unterricht, Masken.<br><br>\u201eWir sind alle gegen Grippe geimpft, wie die meisten in Korea \u2013 aber wir wissen alle, dass die Impfung nur bedingt und begrenzt sch\u00fctzt, aber immerhin. Es gibt immer weniger F\u00e4lle, immer weniger werden schwer krank und m\u00fcssen eingeliefert werden, wir sehen v\u00f6llig klar die Notwendigkeit und Erfolge dieser Ma\u00dfnahmen : deshalb tragen wir so h\u00e4ufig Masken.\u201c<br><br>Das sagten sie drei Jahre vor \u201eCovid19\u201c.<\/strong><\/p>\n\n\n\n<p><strong>Dies hatte mich au\u00dferordentlich beeindruckt.<\/strong><\/p>\n\n\n\n<p><strong>Es ging nicht um \u201eMacht\u201c, nicht darum, wer \u201eRecht hat\u201c oder sich \u201edurchsetzt\u201c \u2013 sondern um die Sache und eine bestm\u00f6gliche L\u00f6sung und Umgangsweise.<br><\/strong><strong><br><\/strong><strong>Es ging nicht darum \u2013 wie sehr bald bei \u201euns\u201c im \u201efreien\u201c Eurpa nach dem ersten Lockdown \u2013 , zu einer \u201eSeite\u201c zu geh\u00f6ren und\/ oder eingeordnet zu werden, sondern darum, alle \u201eSeiten\u201c kritisch zu pr\u00fcfen: <\/strong><strong><em><u>DAS<\/u><\/em><\/strong><strong> ist \u201eRespekt\u201c, <\/strong><strong><em>DAS<\/em><\/strong><strong> ist Freiheit.<br><\/strong><strong><br><\/strong><strong>Ach, h\u00e4tten doch all die manischen und so bedr\u00fcckend unfrei und getrieben wirkenden \u201eFreiheits\u201c-K\u00e4mpfer des \u201efreien Europa\u201c nur ein bi\u00dfchen von solcher Gelassenheit, Einsichtigkeit, Verantwortlichkeit und kritischer allumfassender Betrachtung der Realit\u00e4t, von solcher auch \u201ewissenschaftlichen\u201c Grundhaltung ?<br>Stattdessen gieren sie wie S\u00fcchtige nach dem n\u00e4chsten \u201e(Spreading-)Event\u201c, dem n\u00e4chsten \u201eBier in der Kneipe nebenan\u201c, der n\u00e4chsten Verarschung bei \u00fcberteuerten Menus in angeblich \u201eguten Restaurants\u201c \u2013 und nennen das \u201eFreiheit\u201c.<br><\/strong><strong><br><\/strong><strong>Und h\u00e4tte Deutschland\/ Europa diese Erfahrung Asiens gewertsch\u00e4tzt und beachtet, h\u00e4tte so vieles auch \u201eim Westen\u201c anders und besser verlaufen k\u00f6nnen.<br><br>Stattdessen werden die welche eigentlich absolute Selbstverst\u00e4ndlichkeiten wie R\u00fccksicht, Achtsamkeit, Verantwortung und Schutz &nbsp;beachten und einfordern, als \u201eBevormundete\u201c, \u201eUnterdr\u00fcckte\u201c, \u201eSchlafschafe\u201c, \u201eOpfer der Pharma-Industrie\u201c usw. diffamiert \u2013 von selbst ernannten h\u00f6hnischen, egozentrischen, absolut selbstgewissen \u201eK\u00e4mpfern f\u00fcr \u201aMeinungs\u2018-Freiheit\u201c und \u201eDemokratie\u201c.<br><br>Aber ohne all diese genannten Selbstverst\u00e4ndlichkeiten kann keine einzige Demokratie dauerhaft bestehen, sondern wird in Totalitarismus \u2013 auch totalit\u00e4r aufgefasster \u201eFreiheit\u201c (= Unverbindlichkeit, Beliebigkeit, Willk\u00fcr) \u2013 m\u00fcnden: dem un\u00fcbersehbar erkennbaren Habitus der \u201eFreiheits\u201c- \u201eK\u00e4mpfer\u201c entsprechend.<\/strong><\/p>\n\n\n\n<p class=\"has-text-color\" style=\"color:#026541\"><strong>&nbsp;<br><\/strong><strong><em>&#8212;<\/em><\/strong><strong><em>06<\/em><\/strong><strong><em>. \u201eMeinungs\u201c-\u201eFreiheit\u201c \u2026?!? : ein Widerspruch in sich<\/em><\/strong><\/p>\n\n\n\n<p><strong>Es ist nicht nachvollziehbar, warum, wenn ich selbst zu der Ansicht gekommen w\u00e4re, dass, wenn ich &#8222;3-fach geimpft bin und diese f\u00fcr die sinnvollste Ma\u00dfnahme zum Schutz vor schweren Folgen im Fall einer Coronainfektion halte&#8220;, ich dann anderen Menschen eine andere Haltung &#8222;zugestehen&#8220; sollte ?<br><\/strong><strong><br><\/strong><strong>Jedenfalls wenn ich dabei davon ausgehe, dass es f\u00fcr den von mir gezogenen Schluss <\/strong><strong>GR\u00dcNDE<\/strong><strong> gibt.<br>Bei einzunehmenden Haltungen sollte es ja ausnahmslos um validierbare <\/strong><strong><em><u>GR\u00dcNDE <\/u><\/em><\/strong><strong>gehen, nicht um &#8222;Meinungen&#8220;, &#8222;Gef\u00fchle&#8220;, &#8222;Vermutungen&#8220;, Unterstellungen usw. \u2013 auch nicht um \u201eRespekt\u201c f\u00fcr eine \u201e(andere)Meinung\u201c ohne Nachvollziehbarkeit, \u00fcber die ich nur den Kopf sch\u00fctteln k\u00f6nnte : das w\u00e4re kein \u201eRespekt\u201c, sondern Verlogenheit, etwas vom Respektlosesten, das es geben kann.<\/strong><\/p>\n\n\n\n<p><strong>Wenn es also gute und kaum abweisbare Gr\u00fcnde f\u00fcr z.B. oben zitierte \u00dcberzeugung gibt, oder mir keine als besser erscheinende Gr\u00fcnde zur Widerlegung dargebracht werden : wieso sollte ich dann anderen &#8222;eine andere Meinung&#8220; zugestehen oder \u201eRespekt\u201c f\u00fcr etwas, zu dem keine Begr\u00fcndbarkeit erkennbar ist ?<\/strong><\/p>\n\n\n\n<p><strong>Doch eben nur dann wenn sie triftige <\/strong><strong><em>GR\u00dcNDE<\/em><\/strong><strong> daf\u00fcr vorbringen.<br>Eine andere &#8222;Meinung&#8220; ohne validierbare Begr\u00fcndung hat kein Existenzrecht *per se*, denn &#8222;Meinung Haben&#8220; ist kein Selbstzweck, sondern muss sich an nachpr\u00fcfbaren und validierbaren Begr\u00fcndungen orientieren, sonst wird es zur *Willk\u00fcr*.<br><\/strong><strong><br><\/strong><strong><em>Gerade die Willk\u00fcr &#8222;staatlicher&#8220; widerspr\u00fcchlicher unausgegorener Entscheidungen war es doch, die das Vorgehen bei Covid19 so diskreditiert hat.<br><\/em><\/strong><strong><em><br><\/em><\/strong><strong><em>Wenn &#8222;Kritiker&#8220; und &#8222;Skeptiker&#8220; dann aber selbst Willk\u00fcr f\u00fcr sich beanspruchen &#8211; auf einer &#8222;Meinung&#8220; zu bestehen, die kaum begr\u00fcndbar erscheint aber mit der man so sch\u00f6n &#8222;Widerst\u00e4ndigkeit&#8220; performen und alle den Vorgaben Folgenden zu &#8222;Schlafschafen&#8220; erkl\u00e4ren kann -, \u00e4hnelt das eher einer Trotzhaltung im Kindergarten statt seri\u00f6ser Betrachtungsweise<\/em><\/strong><strong>.<br><\/strong><strong><br><\/strong><strong>Die Erwartung, dass man f\u00fcr &#8222;abweichende Meinungen&#8220; <\/strong><strong><em>GR\u00dcNDE<\/em><\/strong><strong> haben sollte, als &#8222;Gleichschaltung&#8220; zu diffamieren, ist unglaublich, verfehlt und geradezu atemberaubend anti-demokratisch.<\/strong><\/p>\n\n\n\n<p><strong>&#8222;Meinung&#8220; und &#8222;Freiheit&#8220; sind dabei ein Widerspruch in sich und mit einander eher komplett unvereinbar.<\/strong><strong><\/strong><\/p>\n\n\n\n<p><strong>Wer wirkliche Freiheit zum wirklichen gr\u00fcndlichen Denken haben will, wird niemals auf einer &#8222;Meinung&#8220; bestehen, sondern Fragen stellen, Forschen, Vergleichen, Bewerten, Informationen einholen usw., aber niemals &#8222;Meinungen vertreten&#8220;.<\/strong><\/p>\n\n\n\n<p><strong>Wer eine &#8222;Meinung&#8220; haben und diese &#8222;vertreten&#8220; und darauf &#8222;bestehen&#8220; will, ist eher ein Freiheitsfeind.&#8220;<em>Meinungsfreiheit<\/em>&#8220; ist ein reines <em>Paradoxon<\/em>, und einer der einf\u00e4ltigsten, hohlsten, inhaltslosesten, willk\u00fcrlichsten und meistmi\u00dfbrauchten Begriffe der Gegenwart, die wirklich jeder allerd\u00fcmmste Idiot, der gerade nicht frei denken will, f\u00fcr sich in Anspruch nehmen kann.<\/strong><\/p>\n\n\n\n<p class=\"has-text-color\" style=\"color:#00643f\"><strong><br><br><em>&#8212;07. <strong><em>Vorrang der Betrachtung und Bew\u00e4ltigung der Realit\u00e4t statt von \u201eMeinung\u201c<\/em><\/strong> <\/em><\/strong><\/p>\n\n\n\n<p><strong>Es gibt Behauptungen, Untersuchungen, Hinweise darauf, &#8222;Omikron&#8220; sei eine Variante, die als Reaktion des Virus auf die zunehmende Immunisierung der Bev\u00f6lkerung &#8211; durch Impfung &#8211; zu verstehen sei (\u201eImmunisierungsflucht\u201c).<br><br>Wenn das so sein sollte, w\u00e4re auch &#8222;Omikron&#8220; ein geradezu zwingender Grund f\u00fcr eine Impfpflicht, und <em>auch von anderen &#8211; angeblich &#8222;sichereren&#8220; &#8211; Impfungen wie Masern oder Pocken u.a. sind ja sehr wohl &#8222;Impfdurchbr\u00fcche&#8220; dann bekannt wenn in einer Population der allgemeine Impfstandard nachl\u00e4ssig wird und die Impfquote sinkt<\/em>.<br>Eine hohe Impfquote zum Schutz *aller* erscheint als unabweisbar.\u00a0<\/strong><\/p>\n\n\n\n<p><strong>Ich selbst kann nach allen \u201eunseren\u201c Erfahrungen mit SARS-Viren nur sehr stark bezweifeln, dass \u201ewir\u201c nach Omikron &#8222;durch&#8220; sind, denn niemand kann die weitere Entwicklung vorhersagen &#8211; die Virusverbreitung kann implodieren, \u00e4hnlich wie schon bei SARS-1, es sind aber auch andere Entwicklungen denkbar.<br>Eine \u201e<em><u>Im<\/u>p<u>f<\/u>p<u>flicht\u201c<\/u><\/em> bez\u00fcglich dieser Infektionskrankheit ist dabei m.E. nur begrenzt denkbar, z.B. jahreszeitlich: dann h\u00e4tte jeder in der &#8222;Erk\u00e4ltungssaison&#8220; (Sept.\/Okt. bis April\/Mai) f\u00fcr Impfschutz zu sorgen &#8211; &#8222;der Staat&#8220; h\u00e4tte f\u00fcr allgemeine Verf\u00fcgbarkeit zu sorgen -, Angeh\u00f6rige bestimmter Berufsgruppen ggf. ganzj\u00e4hrig, und auch nur zun\u00e4chst begrenzt f\u00fcr vielleicht 2 Jahre, verbunden z.B. auch mit einer Pflicht f\u00fcr die Entwickler und Hersteller, die Wirksamkeit ihrer Impfstoffe zu validieren und kritisch weiter zu entwickeln.<\/strong><\/p>\n\n\n\n<p><\/p>\n\n\n\n<p class=\"has-text-color\" style=\"color:#015f3d\"><strong><br><\/strong><strong><em>&#8212;<\/em><\/strong><strong><em>08<\/em><\/strong><strong><em>. <\/em><\/strong><strong><em>\u201eFreiheit\u201c als Selbstzweck : mit <\/em><\/strong><strong><em>destruktiven Folgen f\u00fcr den Bestand einer freiheit<\/em><\/strong><strong><u>lich<\/u><\/strong><strong><em>en Gesellschaft<\/em><\/strong><strong><em>\u00a0\u00a0 <\/em><\/strong><\/p>\n\n\n\n<p><strong><em>Eine &#8222;Bevormundung&#8220; sehe ich woanders: n\u00e4mlich da, wo dem Einzelnen eigene Entscheidung gerade *genommen* wird, ob er sich impfen lassen, und dies <\/em><\/strong><strong><u>selbstbestimmt<\/u><\/strong><strong><em> durchsetzen <u>wil<\/u>l.<br>Ich erinnere daran, dass z.B. die notorische &#8222;Kassen\u00e4rztliche Vereinigung&#8220; noch im November 2021 dem Herrn Spahn Vorw\u00fcrfe gemacht hatte, als dieser aussprach, was **selbstverst\u00e4ndlich** sein sollte: dass *jeder*, der *will*, das *Recht* dazu habe, sich eine Auffrischimpfung zuf\u00fchren zu lassen<\/em><\/strong><strong><\/strong><\/p>\n\n\n\n<p><strong>(http:\/\/www.faz.net\/aktuell\/politik\/inland\/harsche-kritik-an-jens-spahn-wegen-corona-auffrischungsimpfungen-17614271.html) !<br>Kurze Zeit darauf wurde diese Bevormundung (!) der &#8222;Kassen\u00e4rzte&#8220; aufgrund der Entwicklung pulverisiert.<br><\/strong><strong><br><\/strong><strong>Bis heute h\u00f6re ich von &#8222;Impfskeptikern&#8220; oder Zwangs-&#8222;Liberalen&#8220; nichts zu *dieser* Bevormundung: dass ich nicht *selbst* entscheiden d\u00fcrfen soll, ob und wann ich mich (erneut) impfen lassen &#8222;darf&#8220;, sondern von &#8222;Empfehlungen&#8220; und gn\u00e4digen Gew\u00e4hrungen &#8222;der Politik&#8220; abh\u00e4ngig gemacht werde.<br><\/strong><strong><br><\/strong><strong>Von *dieser* oben beschriebenen Selbstverst\u00e4ndlichkeit, dem *Recht* auf Impfen, h\u00f6re ich nie irgendwas von &#8222;Freiheitsk\u00e4mpfern&#8220; oder auch &#8222;Liberalen&#8220;: damit kolportieren sie eine Auffassung von &#8222;Freiheit *von*&#8220; Impfung und nicht eine <em><u>Freiheit<\/u><\/em> *<em><u>zur<\/u><\/em>* Impfung, mit entsprechenden Folgen f\u00fcr den mi\u00dfbrauchten Begriff &#8222;Freiheit&#8220;.&nbsp;<\/strong><\/p>\n\n\n\n<p><strong>Allgemein und im Besonderen fragt sich freilich, wie dieselben Leute, die nicht mal in der Lage sind, zu begreifen, wozu die Impfung eigentlich da ist, und die jede Vierundsechzigstelwahrheit daf\u00fcr hernehmen, &#8222;die Impfung abzulehnen&#8220;, dann &#8222;sachliche&#8220;, &#8222;differenzierte&#8220; Berichterstattung oder &#8222;Transparenz&#8220; anmahnen wollen.<\/strong><\/p>\n\n\n\n<p><strong>Zum angemessenen Umgang mit verf\u00fcgbaren Erkenntnissen geh\u00f6ren mindestens zwei Seiten.<\/strong><\/p>\n\n\n\n<p><strong>Seri\u00f6se und ernstzunehmende Wissenschaftler haben auch nicht irgendetwas von einer &#8222;Superwaffe&#8220; behauptet, oder davon dass, wer im Fr\u00fchjahr geimpft wurde, noch im Winter &#8222;(vollst\u00e4ndig) gesch\u00fctzt&#8220; sein soll, sondern sie hatten schon im Sommer davor gewarnt, dass dies gerade f\u00fcr &#8222;Vulnerable&#8220; im Winter nicht mehr ausreichen k\u00f6nnte, und dass die Impfung nicht auf einen Schlag das &#8222;Ende der Pandemie&#8220; bringen kann, sondern nur eine unhintergehbare Grundvoraussetzung daf\u00fcr ist, langfristig eine Immunisierung in der Bev\u00f6lkerung ohne deren Gef\u00e4hrdung durch unkontrollierte Infektion aufzubauen.<\/strong><\/p>\n\n\n\n<p><strong>Das und manches andere ist offensichtlich schon f\u00fcr &#8222;eingefleischte Impfgegner&#8220; zu hoch.<\/strong><\/p>\n\n\n\n<p><strong>Die &#8222;Argumente&#8220; der &#8222;Impfgegner&#8220;\/ &#8222;Impfskeptiker&#8220; sind gleich, \u00e4hnlich bis exakt dieselben seit Jahrhunderten. Bei jeder neuen Impfung hebt der Chor der \u201eMahner\u201c, \u201eWarner\u201c,\u201cSkeptiker\u201c stets von Neuem an &#8211; und daf\u00fcr fordern sie auch noch &#8222;Respekt&#8220;; dann k\u00f6nnten ja auch \u201eDie Erde ist eine Scheibe\u201c- Vertreter \u201eRespekt\u201c zugesprochen bekommen ?<\/strong><strong><\/strong><\/p>\n\n\n\n<p><strong>Aber so wie &#8222;Impfgegner&#8220; anderen den ganzen Tag die Ohren vollsurren mit ihrer &#8222;pers\u00f6nlichen Entscheidung&#8220;, so ist es freilich meine pers\u00f6nliche Entscheidung, ob ich Dummk\u00f6pfe &#8222;respektiere&#8220; oder nicht.<\/strong><strong>Formularbeginn<\/strong><strong><\/strong><\/p>\n\n\n\n<p><strong><em>Wer<\/em>, <em>wenn nicht<\/em> &#8222;<em>der Staat<\/em>&#8222;, <em>sch\u00fctzt mich vor \u00fcbergriffigen Masken- und Impfgegnern<\/em> ?<\/strong><\/p>\n\n\n\n<p><strong>Eine &#8222;Impfpflicht&#8220; w\u00e4re au\u00dferdem nicht per se &#8222;\u00fcbergriffig&#8220;, sondern nur dann, wenn sie nicht nachvollziehbaren berechtigten Gr\u00fcnden und entsprechender Ausformulierung, Gestaltung, Realisierung und nicht den Erkenntnissen ernstzunehmender Wissenschaft(ler) folgte.<\/strong><strong><\/strong><\/p>\n\n\n\n<p><strong>Die Erkenntnisse dazu, weshalb bei egal welcher &#8222;Variante&#8220; eine hohe Impfquote von Vorteil ist und bereits jetzt un\u00fcbersehbare positive Wirkung hat, liegen l\u00e4ngst vor, und wenn irgendein &#8222;Abgeordneter&#8220; gleich welcher &#8222;Partei&#8220; in &#8222;freier Entscheidung&#8220; dies ignorieren will, k\u00f6nnte er ein Idiot sein und sich seine &#8222;Freiheit&#8220; sonstwohin stecken.<\/strong><\/p>\n\n\n\n<p><strong>&#8222;Freiheit&#8220; ist kein Selbstzweck, sondern findet ihren Sinn in der Freiheit, alle verf\u00fcgbaren Informationen gr\u00fcndlich zu sondieren, zu pr\u00fcfen, durchzudenken und darauf eine entsprechende Entscheidung f\u00fcr die Sache bestm\u00f6glich zu treffen, nicht gem\u00e4\u00df irgendeiner &#8222;Partei&#8220; und nicht gem\u00e4\u00df einer &#8222;eigenen&#8220; mentalen Gestimmtheit.<br><br>Wenn Freiheit nicht in dieser Weise begriffen und genutzt wird, wird sie mi\u00dfverstanden und mi\u00dfbraucht \u2013 mit fatalen destruktiven Folgen f\u00fcr eine freiheit<em><u>lich<\/u><\/em>e Gesellschaft.<\/strong><\/p>\n\n\n\n<p><strong>&#8212;&#8212;&#8212;&#8212;&#8212;&#8212;&#8212;&#8212;&#8212;&#8212;&#8212;&#8212;&#8212;&#8212;&#8212;&#8212;&#8212;&#8212;&#8212;&#8212;&#8212;&#8212;&#8212;&#8212;&#8212;&#8212;&#8212;&#8212;&#8212;&#8212;&#8212;&#8212;&#8212;&#8212;&#8212;<\/strong><\/p>\n\n\n\n<p class=\"has-vivid-purple-color has-text-color has-background\" style=\"background-color:#f4e7ea\"><strong>Copyright zu diesem Text liegt vollst\u00e4ndig und ausschliesslich bei:<\/strong><br>FiNiTESTi PUBLISHING, <strong>Berlin<\/strong>,Deutschland \u2013<strong>Lugano<\/strong>\/TI,Svizzera \u2013 <strong>Graz<\/strong>, Steiermark, Rep. \u00d6sterreich &#8211; <strong>Missachtungen der Eigentums- und Nutzungsrechte, unbefugtes Verwenden, Kopieren, Verlinken, Weiterleiten, Kommentieren usw. von Texten, Textteilen und s\u00e4mtlichen Photos, einzeln, auch in Montagen, Kontexten, Zusammenstellungen ohne Genehmigung werden STRAFRECHTLICH SCH\u00c4RFSTENS VERFOLGT ! <\/strong>&#8211; 28. Januar 2022<\/p>\n\n\n\n<p><strong>&#8212;&#8212;&#8212;&#8212;&#8212;&#8212;&#8212;&#8212;&#8212;&#8212;&#8212;&#8212;&#8212;&#8212;&#8212;&#8212;&#8212;&#8212;&#8212;&#8212;&#8212;&#8212;&#8212;&#8212;&#8212;&#8212;&#8212;&#8212;&#8212;&#8212;&#8212;&#8212;&#8212;&#8212;&#8211;<\/strong><\/p>\n\n\n\n<p class=\"has-vivid-purple-color has-text-color has-background\" style=\"background-color:#f5e7eb\"><strong>Copyright for this text is entirely and exclusively with:<\/strong>FiNiTESTi PUBLISHING, <strong>Berlin<\/strong>, Germany \u2013 <strong>Lugano<\/strong>\/TI, Svizzerae \u2013 <strong>Graz<\/strong>, Styria\/ Republic of Austria<strong> &#8211; Disregard of property and usage rights, unauthorized use, copying, linking, forwarding, commenting etc. of texts, parts of texts and all photos, individually, also in montage, contexts, compilations without permission will indictably be PROSECUTED !<\/strong> &#8211; <strong>January 28<sup>th<\/sup>, 2022\u00a0\u00a0\u00a0 <\/strong>\u00a0\u00a0\u00a0\u00a0\u00a0\u00a0\u00a0\u00a0\u00a0\u00a0\u00a0\u00a0\u00a0\u00a0\u00a0\u00a0\u00a0\u00a0\u00a0\u00a0\u00a0\u00a0\u00a0\u00a0\u00a0\u00a0\u00a0\u00a0\u00a0\u00a0\u00a0\u00a0\u00a0\u00a0\u00a0\u00a0\u00a0\u00a0\u00a0\u00a0<\/p>\n","protected":false},"excerpt":{"rendered":"<p>die \u201eIMPFDEBATTE\u201c und der \u201eUMGANG MIT DER PANDEMIE\u201c als Zustandsbeschreibung einer infantilisierten Gesellschaft und Auffassung von \u201eFreiheit\u201c F\u00fcr leichteres Lesen k\u00f6nnen Sie HIER den Text als pdf herunterladen\/ for an easier reading experience you may download this text HERE as pdf FiniTestiPublishing\u00a0\/ www.ricercando.eu January 28, 2022 \u25caLugano\u25caBerlin\u25caGraz\u25ca &#8212;&#8212;&#8212;&#8212;&#8212;&#8212;&#8212;&#8212;&#8212;&#8212;&#8212;&#8212;&#8212;&#8212;&#8212;&#8212;&#8212;&#8212;&#8212;&#8212;&#8212;&#8212;&#8212;&#8212;&#8212;&#8212;&#8212;&#8212;&#8212;&#8212;&#8212;&#8212;&#8212;&#8212;- Copyright zu diesem Text liegt vollst\u00e4ndig und &hellip; <\/p>\n<p class=\"link-more\"><a href=\"https:\/\/ricercando.eu\/?p=253\" class=\"more-link\"><span class=\"screen-reader-text\">\u201eDas Geschw\u00e4tz von \u201eFreiheit\u201c und \u201eWiderstand\u201c als Ausweis von Freiheitsfeindlichkeit :\u201c <\/span>weiterlesen<\/a><\/p>\n","protected":false},"author":2,"featured_media":252,"comment_status":"closed","ping_status":"closed","sticky":false,"template":"","format":"standard","meta":{"footnotes":""},"categories":[18],"tags":[25],"class_list":["post-253","post","type-post","status-publish","format-standard","has-post-thumbnail","hentry","category-esposito-uno-straniero-qui","tag-impfung-debatte-covid-19-sars-cov2"],"_links":{"self":[{"href":"https:\/\/ricercando.eu\/index.php?rest_route=\/wp\/v2\/posts\/253","targetHints":{"allow":["GET"]}}],"collection":[{"href":"https:\/\/ricercando.eu\/index.php?rest_route=\/wp\/v2\/posts"}],"about":[{"href":"https:\/\/ricercando.eu\/index.php?rest_route=\/wp\/v2\/types\/post"}],"author":[{"embeddable":true,"href":"https:\/\/ricercando.eu\/index.php?rest_route=\/wp\/v2\/users\/2"}],"replies":[{"embeddable":true,"href":"https:\/\/ricercando.eu\/index.php?rest_route=%2Fwp%2Fv2%2Fcomments&post=253"}],"version-history":[{"count":2,"href":"https:\/\/ricercando.eu\/index.php?rest_route=\/wp\/v2\/posts\/253\/revisions"}],"predecessor-version":[{"id":257,"href":"https:\/\/ricercando.eu\/index.php?rest_route=\/wp\/v2\/posts\/253\/revisions\/257"}],"wp:featuredmedia":[{"embeddable":true,"href":"https:\/\/ricercando.eu\/index.php?rest_route=\/wp\/v2\/media\/252"}],"wp:attachment":[{"href":"https:\/\/ricercando.eu\/index.php?rest_route=%2Fwp%2Fv2%2Fmedia&parent=253"}],"wp:term":[{"taxonomy":"category","embeddable":true,"href":"https:\/\/ricercando.eu\/index.php?rest_route=%2Fwp%2Fv2%2Fcategories&post=253"},{"taxonomy":"post_tag","embeddable":true,"href":"https:\/\/ricercando.eu\/index.php?rest_route=%2Fwp%2Fv2%2Ftags&post=253"}],"curies":[{"name":"wp","href":"https:\/\/api.w.org\/{rel}","templated":true}]}}