{"id":258,"date":"2022-09-23T21:01:21","date_gmt":"2022-09-23T21:01:21","guid":{"rendered":"http:\/\/ricercando.eu\/?p=258"},"modified":"2022-09-23T21:01:21","modified_gmt":"2022-09-23T21:01:21","slug":"september-232022","status":"publish","type":"post","link":"https:\/\/ricercando.eu\/?p=258","title":{"rendered":"September 23,2022"},"content":{"rendered":"\n<p class=\"has-vivid-red-color has-text-color has-background\" style=\"background-color:#f1f16e\">^^<em><strong>Bettina-Jarasch-Protest-Duschen<\/strong><\/em>^^, zwanghafte Plapperlieschen, die \u201euns\u201c die \u201eFreiheit\u201c erkl\u00e4ren, u.v.m.: <br><strong>Bullerb\u00fc-Kleinkinder- Mentalit\u00e4t und Obrigkeits-Gehorsam finden wie stets zusammen<\/strong><\/p>\n\n\n<p class=\"MsoNormal\" style=\"text-align: center; background: #F1FBF8;\" align=\"center\"><b><span style=\"font-size: 8.5pt; mso-ascii-font-family: Calibri; mso-fareast-font-family: 'Times New Roman'; mso-hansi-font-family: Calibri; mso-bidi-font-family: Calibri; color: #6f7607; mso-ansi-language: EN-US; mso-fareast-language: DE;\" lang=\"EN-US\">FiniTestiPublishing<\/span><\/b><span style=\"font-size: 10.5pt; mso-ascii-font-family: Calibri; mso-fareast-font-family: 'Times New Roman'; mso-hansi-font-family: Calibri; mso-bidi-font-family: Calibri; color: #251300; mso-ansi-language: EN-US; mso-fareast-language: DE;\" lang=\"EN-US\">&nbsp;\/<br>www.ricercando.eu<\/span><\/p>\n<p class=\"MsoNormal\" style=\"text-align: center; background: #F1FBF8;\" align=\"center\"><span style=\"font-size: 10.5pt; font-family: 'Times New Roman',serif; mso-fareast-font-family: 'Times New Roman'; color: #213940; mso-ansi-language: EN-US; mso-fareast-language: DE;\" lang=\"EN-US\">\u2014\u2014\u2014\u2014\u2014\u2014\u2014\u2014\u2014\u2014\u2014\u2014\u2014\u2014\u2014\u2014\u2014\u2014\u2014\u2014\u2014\u2014\u2014\u2014\u2014\u2014\u2014\u2014\u2014\u2014\u2014\u2014\u2014\u2014\u2014\u2014\u2014\u2014\u2014\u2014\u2014\u2014<\/span><b><i><span style=\"font-size: 10.0pt; font-family: 'Candara',sans-serif; mso-fareast-font-family: 'Times New Roman'; mso-bidi-font-family: Calibri; color: #213940; mso-ansi-language: EN-US; mso-fareast-language: DE;\" lang=\"EN-US\">&nbsp;&nbsp;<\/span><\/i><\/b><\/p>\n<p class=\"MsoNormal\" style=\"text-align: center; background: #F1FBF8;\" align=\"center\"><span style=\"font-size: 10.5pt; mso-ascii-font-family: Calibri; mso-fareast-font-family: 'Times New Roman'; mso-hansi-font-family: Calibri; mso-bidi-font-family: Calibri; color: #251300; background: white; mso-ansi-language: EN-US; mso-fareast-language: DE;\" lang=\"EN-US\">\u25ca<\/span><b><span style=\"font-size: 8.5pt; mso-ascii-font-family: Calibri; mso-fareast-font-family: 'Times New Roman'; mso-hansi-font-family: Calibri; mso-bidi-font-family: Calibri; color: #8d8600; background: white; mso-ansi-language: EN-US; mso-fareast-language: DE;\" lang=\"EN-US\">Lugano<\/span><\/b><span style=\"font-size: 10.5pt; mso-ascii-font-family: Calibri; mso-fareast-font-family: 'Times New Roman'; mso-hansi-font-family: Calibri; mso-bidi-font-family: Calibri; color: #251300; background: white; mso-ansi-language: EN-US; mso-fareast-language: DE;\" lang=\"EN-US\">\u25ca<\/span><b><span style=\"font-size: 8.5pt; mso-ascii-font-family: Calibri; mso-fareast-font-family: 'Times New Roman'; mso-hansi-font-family: Calibri; mso-bidi-font-family: Calibri; color: #8d8600; background: white; mso-ansi-language: EN-US; mso-fareast-language: DE;\" lang=\"EN-US\">Berlin<\/span><\/b><span style=\"font-size: 10.5pt; mso-ascii-font-family: Calibri; mso-fareast-font-family: 'Times New Roman'; mso-hansi-font-family: Calibri; mso-bidi-font-family: Calibri; color: #251300; background: white; mso-ansi-language: EN-US; mso-fareast-language: DE;\" lang=\"EN-US\">\u25ca<\/span><b><span style=\"font-size: 8.5pt; mso-ascii-font-family: Calibri; mso-fareast-font-family: 'Times New Roman'; mso-hansi-font-family: Calibri; mso-bidi-font-family: Calibri; color: #8d8600; background: white; mso-ansi-language: EN-US; mso-fareast-language: DE;\" lang=\"EN-US\">Graz<\/span><\/b><span style=\"font-size: 10.5pt; mso-ascii-font-family: Calibri; mso-fareast-font-family: 'Times New Roman'; mso-hansi-font-family: Calibri; mso-bidi-font-family: Calibri; color: #251300; background: white; mso-ansi-language: EN-US; mso-fareast-language: DE;\" lang=\"EN-US\">\u25ca<\/span><\/p>\n<p class=\"MsoNormal\" style=\"text-align: center; background: #F1FBF8;\" align=\"center\"><b><span style=\"font-size: 7.5pt; mso-ascii-font-family: Calibri; mso-fareast-font-family: 'Times New Roman'; mso-hansi-font-family: Calibri; mso-bidi-font-family: Calibri; color: #251300; background: white; mso-fareast-language: DE;\">September 23,2022<\/span><\/b><b><\/b><\/p>\n<p class=\"has-vivid-purple-color\" style=\"background: #F4EBEB;\"><strong><span style=\"color: black; mso-color-alt: windowtext;\">Copyright zu diesem Text liegt vollst\u00e4ndig und ausschliesslich bei:<\/span><\/strong><span style=\"color: black; mso-color-alt: windowtext;\"><br>FiNiTESTi PUBLISHING, <strong>Berlin<\/strong>,Deutschland \u2013<strong>Lugano<\/strong>\/TI,Svizzera<br>\u2013 <strong>Graz<\/strong>, Steiermark, Rep. \u00d6sterreich &#8211; <strong>Missachtungen der Eigentums- und Nutzungsrechte, unbefugtes Verwenden, Kopieren, Verlinken, Weiterleiten, Kommentieren usw. von Texten, Textteilen und s\u00e4mtlichen Photos, einzeln, auch in Montagen, Kontexten, Zusammenstellungen ohne Genehmigung werden STRAFRECHTLICH SCH\u00c4RFSTENS VERFOLGT ! <\/strong>&#8211; <\/span><span style=\"font-size: 10.0pt; color: black; mso-color-alt: windowtext;\">23. <\/span><span style=\"font-size: 10.0pt; color: black; mso-color-alt: windowtext; mso-ansi-language: EN-US;\" lang=\"EN-US\">September 2022<\/span><\/p>\n<p><!-- \/wp:post-content --><!-- wp:paragraph --><\/p>\n<p><strong><span style=\"mso-ansi-language: EN-US;\" lang=\"EN-US\">&#8212;&#8212;&#8212;&#8212;&#8212;&#8212;&#8212;&#8212;&#8212;&#8212;&#8212;&#8212;&#8212;&#8212;&#8212;&#8212;&#8212;&#8212;&#8212;&#8212;&#8212;&#8212;&#8212;&#8212;&#8212;&#8212;&#8212;&#8212;&#8212;&#8212;&#8212;&#8212;&#8212;&#8212;&#8211;<\/span><\/strong><\/p>\n<p><!-- \/wp:paragraph --><!-- wp:paragraph {\"style\":{\"color\":{\"background\":\"#f1e7e7\"}},\"textColor\":\"vivid-purple\"} --><\/p>\n<p class=\"has-vivid-purple-color\" style=\"background: #F1E7E7;\"><strong><span style=\"color: black; mso-color-alt: windowtext; mso-ansi-language: EN-US;\" lang=\"EN-US\">Copyright for this text is entirely and exclusively with:<\/span><\/strong><span style=\"color: black; mso-color-alt: windowtext; mso-ansi-language: EN-US;\" lang=\"EN-US\">FiNiTESTi PUBLISHING, <strong>Berlin<\/strong>, Germany \u2013 <strong>Lugano<\/strong>\/TI, Svizzera \u2013 <strong>Graz<\/strong>, Styria\/ Republic of Austria<strong> &#8211; Disregard of property and usage rights, unauthorized use, copying, linking, forwarding, commenting etc. of texts, parts of texts and all photos, individually, also in montage, contexts, compilations without permission will indictably be <\/strong><\/span><strong><span style=\"font-size: 10.5pt; color: black; mso-color-alt: windowtext; mso-ansi-language: EN-US;\" lang=\"EN-US\">PROSECUTED <\/span><\/strong><strong><span style=\"color: black; mso-color-alt: windowtext; mso-ansi-language: EN-US;\" lang=\"EN-US\">! &#8211; <\/span><\/strong><strong><span style=\"font-size: 10.0pt; color: black; mso-color-alt: windowtext; mso-ansi-language: EN-US;\" lang=\"EN-US\">September 23<sup>rd<\/sup>,2022<\/span><\/strong><strong><span style=\"color: black; mso-color-alt: windowtext; mso-ansi-language: EN-US;\" lang=\"EN-US\"><br>&nbsp;&nbsp;&nbsp;<\/span><\/strong><\/p>\n<p><!-- \/wp:paragraph --><\/p>\n<p><!-- wp:paragraph {\"style\":{\"color\":{\"background\":\"#d2f4f1\"}},\"textColor\":\"luminous-vivid-orange\"} --><\/p>\n<p class=\"has-luminous-vivid-orange-color has-text-color has-background\" style=\"background-color: #d2f4f1;\">F\u00fcr leichtere Lesbarkeit k\u00f6nnen Sie den Beitrag <a href=\"https:\/\/ricercando.eu\/wp-content\/uploads\/2022\/09\/Ricercando-Sept-23-2022.pdf\" target=\"_blank\" rel=\"noreferrer noopener\">HIER<\/a> als <a href=\"https:\/\/ricercando.eu\/wp-content\/uploads\/2022\/09\/Ricercando-Sept-23-2022.pdf\" target=\"_blank\" rel=\"noreferrer noopener\">pdf<\/a> ansehen\/<a href=\"https:\/\/ricercando.eu\/wp-content\/uploads\/2022\/09\/Ricercando-Sept-23-2022.pdf\" target=\"_blank\" rel=\"noreferrer noopener\">herunterladen<\/a> &#8211; For an easier reading experience you may see <a href=\"https:\/\/ricercando.eu\/wp-content\/uploads\/2022\/09\/Ricercando-Sept-23-2022.pdf\" target=\"_blank\" rel=\"noreferrer noopener\">HERE<\/a> or <a href=\"https:\/\/ricercando.eu\/wp-content\/uploads\/2022\/09\/Ricercando-Sept-23-2022.pdf\" target=\"_blank\" rel=\"noreferrer noopener\">download<\/a> this text as <a href=\"https:\/\/ricercando.eu\/wp-content\/uploads\/2022\/09\/Ricercando-Sept-23-2022.pdf\" target=\"_blank\" rel=\"noreferrer noopener\">pdf<\/a><\/p>\n<p><!-- \/wp:paragraph --><\/p>\n<p><!-- wp:paragraph {\"style\":{\"color\":{\"background\":\"#f1f5fa\"}},\"textColor\":\"vivid-cyan-blue\"} --><\/p>\n<p class=\"has-vivid-cyan-blue-color has-text-color has-background\" style=\"background-color: #f1f5fa;\"><strong><em>&nbsp;&nbsp;&nbsp;&nbsp;&nbsp;&nbsp;&nbsp;&nbsp;<\/em><\/strong><\/p>\n<p><strong>-01. Vorbemerkung:\u201e<\/strong><strong><em>Gier<\/em><\/strong><strong>\u201cund<\/strong><strong><em>\u201c<\/em><\/strong><strong><em>Gerechtigkeit<\/em><\/strong><strong><em>\u201c<\/em><\/strong><strong><em>(<\/em><\/strong><strong><em>aus Sicht des Kevin-K\u00fchnert-Modus<\/em><\/strong><strong><em>)<\/em><\/strong><\/p>\n<p><strong>&nbsp;<\/strong><strong>\u201e<\/strong><strong>Gerecht&#8220; soll es sein, wenn alle anderen genau so sind wie derjenige welcher &#8222;Gerechtigkeit&#8220; predigt.<br>Wer das nicht beherzigt, ist &#8222;gierig&#8220; und &#8222;egoistisch&#8220;.<br><\/strong><strong><br><\/strong><strong>Wenn ich z.B. eine Wohnung oder ein Haus baue oder kaufe mit von mir verdientem, bereits mehrfach &#8222;versteuertem&#8220; Geld, mit mehr- und zigfach &#8222;versteuerten&#8220; Baumaterialien und Bauarbeitern, deren Verdienst mehrfach &#8222;versteuert&#8220; wird, daf\u00fcr dann &#8222;Grunderwerbssteuer&#8220; und &#8222;Grundsteuer&#8220; zahle oder mit meinem Geld z.B. eine Solarthermie- oder Photovoltaik-Anlage einbaue &#8211; die ohne all diese &#8222;Steuern&#8220; nur ein F\u00fcnftel kosten w\u00fcrde -, um dem &#8222;teuren&#8220; Strom oder Gas zu entkommen, der ohne diese &#8222;Steuern&#8220; nur ein F\u00fcnftel davon kosten w\u00fcrde, und wenn dann nach meinem Ableben meine Nachkommen daf\u00fcr &#8222;Erbschaftssteuer&#8220; zahlen sollen, usw., dann bin &#8222;ich&#8220; gierig.<\/strong><\/p>\n<p><!-- \/wp:paragraph --><\/p>\n<p><!-- wp:paragraph {\"style\":{\"color\":{\"background\":\"#f1f5fa\"}},\"textColor\":\"vivid-cyan-blue\"} --><\/p>\n<p class=\"has-vivid-cyan-blue-color has-text-color has-background\" style=\"background-color: #f1f5fa;\"><strong>Ich.<\/strong><\/p>\n<p><!-- \/wp:paragraph --><\/p>\n<p><!-- wp:paragraph {\"style\":{\"color\":{\"background\":\"#f1f5fa\"}},\"textColor\":\"vivid-cyan-blue\"} --><\/p>\n<p class=\"has-vivid-cyan-blue-color has-text-color has-background\" style=\"background-color: #f1f5fa;\"><strong>Nicht &#8222;der Staat&#8220;.<\/strong><\/p>\n<p><!-- \/wp:paragraph --><\/p>\n<p><!-- wp:paragraph {\"style\":{\"color\":{\"background\":\"#f7eed2\"}},\"textColor\":\"vivid-purple\"} --><\/p>\n<p class=\"has-vivid-purple-color has-text-color has-background\" style=\"background-color: #f7eed2;\">&#8211;02. <strong>Bettina<\/strong><strong>&#8211;<\/strong><strong>Jarasch<\/strong><strong>&#8211;<\/strong><strong>Protest<\/strong><strong>&#8211;<\/strong><strong>Duschen: wer sowas \u201ew\u00e4hlt\u201c, soll auch zahlen<\/strong><\/p>\n<p><!-- \/wp:paragraph --><\/p>\n<p><!-- wp:paragraph {\"style\":{\"color\":{\"background\":\"#f7eed2\"}},\"textColor\":\"vivid-purple\"} --><\/p>\n<p class=\"has-vivid-purple-color has-text-color has-background\" style=\"background-color: #f7eed2;\"><strong>Der neueste Trend: wenn irgendeine notge*le Uschi aus der Nachbarschaft in \u201eKleinanzeigen\u201c verk\u00fcndet, sie gebe gebrauchte Schl\u00fcpfer von sich ab, ist das mega-out !<br>Aktuell hingegen ist \u201eGebe gebrauchte Waschlappen von mir ab\u201c, \u201emelde Dich bei Bettina\u201c.<br><\/strong><strong><br><\/strong><strong>Kommt mir bekannt vor \u2013 aber i.a. ist z.B. bei dem Namen \u201eBettina Jarasch\u201c die Reaktion eher, den Namen habe man \u201enoch nie geh\u00f6rt\u201c &#8211; so geht es nicht mal nur den meisten au\u00dferhalb Deutschlands Provinz-\u201eHauptstadt\u201c Berlin, sondern auch vielen in Berlin.<\/strong><\/p>\n<p><!-- \/wp:paragraph --><\/p>\n<p><!-- wp:paragraph {\"style\":{\"color\":{\"background\":\"#f7eed2\"}},\"textColor\":\"vivid-purple\"} --><\/p>\n<p class=\"has-vivid-purple-color has-text-color has-background\" style=\"background-color: #f7eed2;\"><strong>Wom\u00f6glich um dem abzuhelfen \u2013 immerhin ist die Dame im Land Berlin u.a. \u201eVerkehrssenatorin\u201c und \u201eStv. B\u00fcrgermeisterin\u201c \u2013, versucht sie sich als \u201eEnergiespar\u201c-Expertin hervorzuheben, indem sie zeigefreudig erl\u00e4utert, dass und wie man sich \u2013 statt Duschen \u2013 auch mit in stehendem Wasser angefeuchtetem Waschlappen frisch halten k\u00f6nnen soll.<\/strong><\/p>\n<p><!-- \/wp:paragraph --><\/p>\n<p><!-- wp:paragraph {\"style\":{\"color\":{\"background\":\"#f7eed2\"}},\"textColor\":\"vivid-purple\"} --><\/p>\n<p class=\"has-vivid-purple-color has-text-color has-background\" style=\"background-color: #f7eed2;\"><strong>Dass kurz nach der Nutzung solche feuchten Waschlappen \u00fcbers\u00e4t sind von Bakterien-Milieus und somit nur einmal verwendet und dann heiss gewaschen werden sollten, was freilich \u201eEnergie\u201c, Wasser, Waschmittel usw. kostet, dazu h\u00f6rte man bisher nichts von ihr, wahrscheinlich ist nach Bullerb\u00fc \u2013 dem Ort wo sich die geb\u00fcrtige Marktschw\u00e4bin seelisch-ungeistig verorten m\u00f6chte \u2013 auch noch&nbsp; nicht die Kunde gedrungen, dass in Drogeriem\u00e4rkten f\u00fcr drei Euro F\u00fcnfhunderter-Packs \u00f6kologisch korrekter und dermatologisch unbedenklicher bereits feuchter, insbesondere tats\u00e4chlich hygienischer Einmal-\u201eBaby\u201c-Waschlappen zu erwerben sind.<\/strong><\/p>\n<p><!-- \/wp:paragraph --><\/p>\n<p><!-- wp:paragraph {\"style\":{\"color\":{\"background\":\"#f7eed2\"}},\"textColor\":\"vivid-purple\"} --><\/p>\n<p class=\"has-vivid-purple-color has-text-color has-background\" style=\"background-color: #f7eed2;\"><strong>Aber die Dame hat es, wie fast alle deutschen \u201ePolitiker\u201c, nicht so mit der Realit\u00e4t, sondern vielmehr mit h\u00e4ufig eben aus M\u00e4rchen entlehnten \u201eIdealen\u201c, dem unausrottbaren Doitschen \u201eIDEALISMUS\u201c, dem die Realit\u00e4t und das Verhalten derer, die \u201ew\u00e4hlen\u201c sollen, \u201eangepasst\u201c werden soll.<\/strong><\/p>\n<p><!-- \/wp:paragraph --><\/p>\n<p><!-- wp:paragraph {\"style\":{\"color\":{\"background\":\"#f7eed2\"}},\"textColor\":\"vivid-purple\"} --><\/p>\n<p class=\"has-vivid-purple-color has-text-color has-background\" style=\"background-color: #f7eed2;\"><strong>Ihre Waschlappen-Demonstration hat aber immerhin hellere K\u00f6pfe auf die Idee einer ganz eigenen Demonstration gebracht: das \u201eBettina-Jarasch-Protest-Duschen\u201c.<br><\/strong><strong><br><\/strong><strong>Um den Verdikten strenger \u201eRichter\/-innen\u201c mit h\u00e4ufig ihr Schicksal vorformenden au\u00dferordentlichen &nbsp;Benennungen wie z.B. \u201eLudgera Selting\u201c (seit 2019 im sicher begehrenswerten Amt der Pr\u00e4sidentin des Verfassungsgerichtshofs des Landes Berlin) zuvorzukommen, die bekanntlich befinden, beim Sonnenbaden in der \u00d6ffentlichkeit h\u00e4tten Frauen \u201eihre prim\u00e4ren Geschlechtsmerkmale zu bedecken\u201c, um z.B. die armen ahnungslosen unaufgek\u00e4rten Kinderchen \u2013 von denen jeder, der nicht zwanghaft in Bullerb\u00fc leben will, weiss, dass es zu deren h\u00f6chsten Vergn\u00fcgungen geh\u00f6rt (schon allein weil die \u201eErwachsenen\u201c das \u201everbieten\u201c wollen), \u201ePorno-Seiten\u201c ausfindig, sich zug\u00e4nglich zu machen und dar\u00fcber debil zu feixen wie sp\u00e4ter nur noch russische \u201eSoldaten\u201c\u00fcber ihre neuesten Vergewaltigungen \u2013 vor \u201eSchocks\u201c zu bewahren, fand diese Dusch-Demo nat\u00fcrlich mit Badehosen und -anz\u00fcgen statt.<br>Es ging ja nur darum, Jaraschs anma\u00dfende Peinlichkeiten zu konterkarieren, und zu zeigen wie man sich richtig duscht und dabei ordentlich Energie verprasst. Davon sollte nicht abgelenkt werden.<\/strong><\/p>\n<p><!-- \/wp:paragraph --><\/p>\n<p><!-- wp:paragraph {\"style\":{\"color\":{\"background\":\"#f7eed2\"}},\"textColor\":\"vivid-purple\"} --><\/p>\n<p class=\"has-vivid-purple-color has-text-color has-background\" style=\"background-color: #f7eed2;\"><strong>Jaraschs ebenfalls bayerisch-st\u00e4mmigem Kollegen Toni H. war zuvor noch eingefallen: &#8222;Umlage\/Verstaatlichung von &#8218;Uniper&#8216; lehne ich ab, das w\u00fcrde bedeuten, dass wir B\u00fcrgerinnen und B\u00fcrger zweimal bezahlen lassen.<br>Einmal als Steuerzahler, einmal als Gaskunden. All das halte ich f\u00fcr problematisch&#8220;.<br><\/strong><strong><br><\/strong><strong>Er hat &#8222;vergessen&#8220;, dass &#8222;B\u00fcrger&#8220; seit zehn Jahren f\u00fcr v\u00f6llig vergurkte und komplett planlose &#8222;Energiewenden&#8220;, prot\u00e9giert von &#8222;Gr\u00fcnen&#8220;, SPD und zwangsver-Merkel-ter &#8222;Alternativlos&#8220;-CDU, incl. Unterwerfung und appeasement gegen\u00fcber dem Putin-Verbrecher endlos zahlen.<br><\/strong><strong><br><\/strong><strong>DAS allerdings haben sich &#8222;die B\u00fcrger&#8220; SELBST zuzuschreiben, sie haben diese Knallchargen doch &#8222;gew\u00e4hlt&#8220;, also sollen sie auch zahlen.<\/strong><\/p>\n<p><strong>Insbesondere wurde &#8222;Regenerative Energie&#8220; ja MITNICHTEN etwa&#8220;gef\u00f6rdert&#8220;, auf Effizienz, echte Weiterentwicklung, Massenkompatibilit\u00e4t geachtet, sondern die &#8222;Alternativenergie&#8220;- &#8222;Industrie&#8220; wurde mit &#8222;\u00dcBERGEWINNEN&#8220; \u00fcbersch\u00fcttet, die JETZT auf einmal bei Gas- und \u00d6l-Gewinnen NOCH &#8222;h\u00f6her versteuert&#8220; werden sollen:&nbsp;<\/strong><\/p>\n<p><strong>die so genannten \u00ab\u00dcbergewinne\u00bb bei den Stromproduzenten SIND gerade FOLGE staatlich festgelegten \u00abMerit-Order\u00bb-Prinzips, das besagt, der Preis des jeweils teuersten ber\u00fccksichtigten Anbieters &#8211; DERZEIT also jener der Gaskraftwerke &#8211; gelte f\u00fcr alle Produzenten, mit der seinerzeitigen Absicht,**\u00d6kostrom-Produzenten** mit niedrigen Produktionskosten grosse Gewinnspannen zu verschaffen.&nbsp;<\/strong><\/p>\n<p><!-- \/wp:paragraph --><\/p>\n<p><!-- wp:paragraph {\"style\":{\"color\":{\"background\":\"#f7eed2\"}},\"textColor\":\"vivid-purple\"} --><\/p>\n<p class=\"has-vivid-purple-color has-text-color has-background\" style=\"background-color: #f7eed2;\"><strong>Nicht zum ersten Mal muss sich &#8222;der Staat&#8220; nun veranlasst sehen, die Folgen seiner &#8222;gutgemeinten&#8220; Politik zu korrigieren \u2013 wie \u00fcblich unter komplettem Verschweigen SEINER Fehler, f\u00fcr die &#8222;B\u00fcrger&#8220; ABERMILLIONENFACH &#8222;zahlen&#8220; sollen.<\/strong><\/p>\n<p><!-- \/wp:paragraph --><\/p>\n<p><!-- wp:paragraph {\"style\":{\"color\":{\"background\":\"#f7eed2\"}},\"textColor\":\"vivid-purple\"} --><\/p>\n<p class=\"has-vivid-purple-color has-text-color has-background\" style=\"background-color: #f7eed2;\"><strong>Denn: <\/strong><strong>\u201edie Politik\u201c scheint \u201eMerit Order\u201c nicht angehen zu wollen, z.B. indem Gas (vor\u00fcbergehend) aus der Preisbildung herausgenommen w\u00fcrde.<br>Dadurch weiter entstehende \u201eZufallsgewinne\u201c sind <em><u>real<\/u><\/em> aber <\/strong><strong><em><u>\u00dcberkosten<\/u><\/em><\/strong><strong> f\u00fcr die <\/strong><strong><em><u>B\u00fcrger<\/u><\/em><\/strong><strong>, welche aber \u2013 nat\u00fcrlich auch ohne jede Steuer f\u00fcr so genannte \u201e\u00dcbergewinne\u201c, denn Gewinne werden <em><u>immer<\/u><\/em> besteuert \u2013 zu \u201eStaats\u201ceinnahmen \u201eerkl\u00e4rt\u201c (und ggf. weiter \u201eabgesch\u00f6pft\u201c) werden \u2026?<\/strong><\/p>\n<p><!-- \/wp:paragraph --><\/p>\n<p><!-- wp:paragraph {\"style\":{\"color\":{\"background\":\"#f7eed2\"}},\"textColor\":\"vivid-purple\"} --><\/p>\n<p class=\"has-vivid-purple-color has-text-color has-background\" style=\"background-color: #f7eed2;\"><strong>Die somit verursachten Stromh\u00f6chstpreise liegen extrem weit \u00fcber dem Herstellungs-\/ Erzeugerpreis, \u201eder Staat\u201c aber \u201eteilt\u201c den so genannten \u201e\u00dcbergewinn\u201c mit den Energie- Erzeugern \u2013 \u201eder Stromkunde\u201c l\u00f6hnt derweil permanent weiter, per Dauerauftrag, und soll sich f\u00fcr \u201e300 Euro\u201c (zu \u201eversteuernden\u201c) \u201eEnergiezuschuss\u201c und \u00e4hnliche Almosen artig wie ein kleines Kind bedanken und das sch\u00f6ne H\u00e4ndchen geben.&nbsp;<\/strong><\/p>\n<p><!-- \/wp:paragraph --><\/p>\n<p><!-- wp:paragraph {\"style\":{\"color\":{\"background\":\"#f7eed2\"}},\"textColor\":\"vivid-purple\"} --><\/p>\n<p class=\"has-vivid-purple-color has-text-color has-background\" style=\"background-color: #f7eed2;\"><strong>ICH kann nicht nur dazu nur fragen, was ICH damit zu tun haben und weswegen ICH nun \u201esparen\u201c soll \u2026? \u2013 und nur feststellen: seit SP\u00c4TESTENS 2014 habe ich nur noch den Kopf sch\u00fctteln k\u00f6nnen \u00fcber das AR*CHKRIECHEN in Putins After, \u00fcber das IGNORIEREN des russischen Imperialismus, \u00fcber das Nicht-Nur-appeasement &#8222;der Politik&#8220; (allerdings \u201eGr\u00fcne\u201c und FDP noch am wenigsten), sondern das In-den-Armen-Liegen gegen\u00fcber dem russischen VERBRECHER.<br><\/strong><strong><br><\/strong><strong>Seit 2014 h\u00f6rte ich stets, wenn ich auf die Verbrechen Russlands in der Ukraine hinwies, nur &#8222;Ukraine: Was soll da sein ?&#8220; &#8211; &#8222;Ist das nicht sowieso Russland ?&#8220;<br><\/strong><strong><br><\/strong><strong>Seither warne ich, Putin werde seinen Imperialismus fortsetzen, dass es einen PLAN geben m\u00fcsse f\u00fcr effiziente, sichere innovative Energie-Versorgung, nicht einfach &#8222;Abschalten&#8220; und Solarpanels auf D\u00e4cher oder Windr\u00e4der in die Gegend stellen, dass insbesondere Alternativen f\u00fcr die bestehende Infrastruktur (Fernw\u00e4rme, Gas) oder die Luftfahrt entwickelt werden m\u00fcssen &#8211; doch noch im Fr\u00fchjahr erk\u00e4rte der \u201egr\u00fcne\u201c so genannte \u201eWirtschaftsminister\u201c Habeck Wasserstoff, Bio-, Hybridgas zur &#8222;Illusion&#8220; und versetzte der hier weltweit mit f\u00fchrenden deutschen Industrie einen Schock, statt sie entschieden zu unterst\u00fctzen, und kauft mittlerweile in Kanada oder Australien f\u00fcr teures Geld fremden Wasserstoff ein.<br><\/strong><strong><br><\/strong><strong>Vor MEHREREN JAHREN schon haben wir MEHRFACH in &#8222;Bestandsbauten&#8220; Solarthermie oder Hybrid- Thermen einbauen lassen wollen &#8211; obwohl diese \u00fcber 50.000 Euro gekostet h\u00e4tten, eine neue effiziente Gastherme nur 18.000 Euro.<br>In allen F\u00e4llen haben die Hersteller, Verk\u00e4ufer und Installateure SELBST vom Einbau ABGERATEN, weil &#8222;niemand garantieren&#8220; k\u00f6nne, dass die Solarzellen zuverl\u00e4ssig gen\u00fcgend W\u00e4rme im Winter herstellen k\u00f6nnten.<br>Gas oder \u00d6l blieben &#8222;auf unabsehbare Zeit unverzichtbar&#8220; &#8230;<br>Energiespeicher bei PV und Solarthermie gab es praktisch nicht oder sie waren so unterentwickelt, dass sie sinnlos waren.<br><\/strong><strong><br><\/strong><strong>Neue effiziente Gasthermen waren daher noch vor kurzem das Nonplusultra &#8211; jetzt werden sie zum Teufelszeug erkl\u00e4rt, obwohl es, was W\u00e4rmeerzeugung, Zuverl\u00e4ssigkeit, Effektivit\u00e4t angeht, unver\u00e4ndert KEINE Alternative gibt.<br>&#8222;W\u00e4rmepumpen&#8220; sind nur sinnvoll mit gut dimensionierter selbsterzeugter Energie, da sie je nach Gegebenheit etwa zwischen 5000 und 10.000 kWh j\u00e4hrlich verbrauchen: das muss eine PV-Anlage erstmal produzieren &#8211; und vor allem: zuverl\u00e4ssig speichern, und zuverl\u00e4ssig abrufen k\u00f6nnen &#8230;!<\/strong><\/p>\n<p><!-- \/wp:paragraph --><\/p>\n<p><!-- wp:paragraph {\"style\":{\"color\":{\"background\":\"#f7eed2\"}},\"textColor\":\"vivid-purple\"} --><\/p>\n<p class=\"has-vivid-purple-color has-text-color has-background\" style=\"background-color: #f7eed2;\"><strong>ERST JETZT \u00e4ndert sich das LANGSAM &#8211; aber Speicherkapazit\u00e4ten, Zuverl\u00e4ssigkeit von Solarthermie und PV werden nur ganz allm\u00e4hlich gesteigert werden: man h\u00e4tte mit dessen Entwicklung FR\u00dcHER ANFANGEN m\u00fcssen und K\u00d6NNEN &#8211; aber WARUM h\u00e4tte die &#8222;Solarindustrie&#8220; das TUN sollen, wo sie doch von Merkel, &#8222;Gr\u00fcnen&#8220;, SPD + Co. endlos mit GRATIS-&#8222;\u00dcbergewinnen&#8220; vom &#8222;Staat&#8220; &#8211; sprich: STEUERgeldern, welche die &#8222;b\u00f6sen Unternehmer&#8220; und deren Mitarbeiter generiert haben &#8211; gepampert wurde ?<\/strong><\/p>\n<p>Die JETZIGEN Gewinne hingegen sind Ergebnis des MARKTES, und Jahrzehnte langer FEHLER &#8222;der Politik&#8220;, die auch weiterhin mehrheitlich &#8222;meint&#8220;, sie wisse alles besser als &#8222;der Markt&#8220; und d\u00fcrfe in ihn hinein-&#8222;regieren&#8220; statt ihn zu (unter)st\u00fctzen &#8211; denn das hat sich &#8222;die Mehrheit&#8220; ja von Merkel, SPD, Gr\u00fcnen + Co.EINREDEN lassen : das Ergebnis soll &#8222;das Volk&#8220; dann bitte auch SELBST tragen und BEZAHLEN:<br>&#8222;Wer bei &#8218;Blackrock&#8216; &#8218;Blackrock&#8216; &#8218;Blackrock&#8216; \u201aIch sag\u2018 nur \u201aBlackrock\u2018 arbeitet, wer AHNUNG von \u00d6konomie hat, &#8218;IST VERBRECHER&#8216; &#8211; wer mit PUTIN schw\u00e4nzelt, &#8218;ist gut'&#8220;: DAS hat &#8222;das Volk&#8220; sich einreden lassen, DAF\u00dcR SOLL es BEZAHLEN !!!<\/p>\n<p>ICH kann nur sagen, ICH habe bei all diesen massiven &#8222;Fehlern&#8220; NICHT MITGEMACHT, habe mich schon immer gefragt, weshalb nicht massiv und GEZIELT die <em><u>Effizienz<\/u><\/em> nicht-fossiler Energien gef\u00f6rdert wurde, warum z.B. Kernfusion oder Wasserstoff\/ Hybridgas so vernachl\u00e4ssigt wurden, und dass ICH selbst mit meinen begrenzten Mitteln ALLES VERSUCHT habe, fr\u00fchzeitig &#8222;regenerative&#8220; Energien einzubeziehen, dass ich SCHON IMMER vor Putin gewarnt, ihn selbstverst\u00e4ndlich ABGRUNDTIEF GEHASST und auf seine &#8211; von &#8222;der westlichen Wertegemeinschaft&#8220; weitgehend ignorierten und besch\u00f6nigten &#8211; Verheerungen in der Ukraine hingewiesen habe.&nbsp;<\/p>\n<p>ICH geh\u00f6re daher zu den ALLERLETZTEN, von denen irgendein &#8222;Verzicht&#8220; verlangt werden d\u00fcrfte: ich DUSCHE und HEIZE UNVER\u00c4NDERT !!!<\/p>\n<p><strong>Soll doch bitte &#8222;die Politik&#8220; PUTZEN GEHEN, soll MERKEL doch ihre ETW und Datschen VERKAUFEN, sollen die fast GESAMTE &#8222;SPD&#8220; + SED\/\u201cLinke\u201c sich AUFL\u00d6SEN, ihr IMMENSES VERM\u00d6GEN f\u00fcr von ihr bed\u00fcrftig Gemachte verwenden, statt sich VERLOGEN &#8222;von Schr\u00f6der zu trennen&#8220;, der doch die PERSONIFIZIERUNG der Jahrzehnte langen SPD- und Merkel-Putin- &#8222;Politik&#8220; IST !<\/strong><br><strong><br>Ganz zu schweigen von der SED und der \u00fcbrigen Putin-freundlichen &#8222;QUERFRONT&#8220;:<br>&#8222;das Volk&#8220;, welches einem PUTIN-FL*TTCHEN wie schon bei ihren L\u00dcGEN zu &#8222;Corona&#8220; zujubelt, weil sie ANGEBLICH &#8222;die Wahrheit&#8220; herauskeife, namentlich, aber nicht nur, die Totalitarismus-affine &#8222;Mehrheit&#8220; der OSSIS, hat sich SELBST mit seinem Hereinfallen auf solche L\u00dcGEN-HET\u00c4REN zu verdanken, worunter es jetzt &#8222;\u00e4chzt&#8220; und wof\u00fcr es &#8222;Kompensation&#8220; von &#8222;der Politik&#8220; fordert.<\/strong><\/p>\n<p><strong>Es HAT NICHTS zu &#8222;fordern&#8220;, es soll BEZAHLEN, in sich gehen und von mir aus VERRECKEN: sie haben ja nicht mal aus zwei deutschen Diktaturen IRGENDWAS &#8222;gelernt&#8220;, &#8222;w\u00e4hlen&#8220; WEITERHIN Beruhigungspillen, berufsm\u00e4\u00dfige L\u00dcGNER wie &#8222;Merkel&#8220;, und Totalitarismus-affine &#8222;Parteien&#8220; wie AfD, SED\/&#8220;Linke&#8220;, SPD, Kleinb\u00fcrger- SCHRANZEN- &#8222;Parteien&#8220; wie die &#8222;CDU&#8220;\/&#8220;CSU&#8220; usw.<\/strong><\/p>\n<p><!-- \/wp:paragraph --><\/p>\n<p><!-- wp:paragraph {\"style\":{\"color\":{\"background\":\"#f7eed2\"}},\"textColor\":\"vivid-purple\"} --><\/p>\n<p class=\"has-vivid-purple-color has-text-color has-background\" style=\"background-color: #f7eed2;\"><strong>Solange keine FREIHEITLICHE Partei &#8211; mit dem Grundsatz ECHTER AUSEINANDERSETZUNG und KONSTRUKTIVER, WISSENSCHAFTS-affiner ERKENNTNIS-gest\u00fctzter, die FREIHEIT &#8222;aber&#8220; auch VERANTWORTUNG und ZUKUNFTS-Orientiertheit &#8222;des Einzelnen&#8220; f\u00f6rdernder &#8211; Politik entsteht, stattdessen nur Neo-Nazi-, Neo-DDR, Neo-Bleierne Zeit- &#8222;Parteien&#8220; re\u00fcssieren -, ist nicht nur &#8222;Deutschland verloren&#8220;, sondern offensichtlich &#8222;Mehrheit&#8220;-lich PUTIN-AFFIN: denn anders w\u00e4re die DEBILE H\u00d6RIGKEIT und PSEUDO-&#8222;Emp\u00f6rung&#8220; des &#8222;VOLKS&#8220;, das totalit\u00e4re Figuren wie &#8222;Sa*ra W.&#8220; u.v.a. nach oben sp\u00fclt, nicht m\u00f6glich.<br><\/strong><strong><br><\/strong><strong>SIE ALLE SOLLEN frieren, das Duschen unterlassen: sie HABEN es NICHT ANDERS VERDIENT !<br><\/strong><strong><br><\/strong><strong>ICH schon.<br><\/strong><strong><br><\/strong><strong>Einstweilen kann der ausserordentlich MERKW\u00dcRDIGE &#8222;GEHORSAM&#8220; gegen\u00fcber &#8222;der Politik&#8220; und ihren ANMASSUNGEN h\u00f6chstens als Ausdruck des eigenen &#8222;schlechten Gewissens&#8220; gelten: &#8222;das Volk&#8220; weiss, dass es &#8222;Murks&#8220; &#8222;gew\u00e4hlt&#8220; hat und die Folgen auch selbst tragen sollte.<\/strong><\/p>\n<p><!-- \/wp:paragraph --><\/p>\n<p><!-- wp:paragraph {\"style\":{\"color\":{\"text\":\"#05744b\",\"background\":\"#ebe6e8\"}}} --><\/p>\n<p class=\"has-text-color has-background\" style=\"background-color: #ebe6e8; color: #05744b;\">-03. <strong>Zwanghafte PLAPPERLIESCHEN<\/strong><strong> erkl\u00e4ren \u201euns\u201c was \u201eFreiheit\u201c sein soll<\/strong><\/p>\n<p><!-- \/wp:paragraph --><\/p>\n<p><!-- wp:paragraph {\"style\":{\"color\":{\"text\":\"#05744b\",\"background\":\"#ebe6e8\"}}} --><\/p>\n<p class=\"has-text-color has-background\" style=\"background-color: #ebe6e8; color: #05744b;\"><strong>\u00c4hnlich wie schon bei \u201eCorona\u201c kommt es erst gar nicht zur Analyse, Kl\u00e4rung von Ursachen, Folgen, (Selbst-)Verantwortlichkeiten, essentielle Fragen werden nicht gestellt, oder vermieden, stattdessen werden entsprechend jeweiliger \u201ePartei-Raisons\u201c vorgeformte Versatzst\u00fccke als Schein-\u201eL\u00f6sungen\u201c oder \u2013\u201eErkl\u00e4rungen\u201c&nbsp; aufgef\u00fchrt, um \u201edem Volk\u201c Komplexit\u00e4t zu ersparen, das mit wahlweise z.B. resignierender \u201eZustimmung\u201c, aufziehpuppenartigem \u201eProtest\u201c, betont affirmativen \u201estaatstragenden\u201c Animationen und Aufforderungen zum \u201eMitmachen\u201c beim \u201eUnvermeidlichen\u201c &#8211; an oder \u00fcber der Grenze zur \u00dcberwachung, Bevormundung und Anma\u00dfung <\/strong><strong>\u2013 <\/strong><strong>oder der Selbstbedienung an bunten Str\u00e4u\u00dfen von \u201eVerschw\u00f6rungs\u201c-\u201eTheorien\u201c welche \u201edie Wahrheit sagen\u201c <\/strong><strong>\u2013<\/strong><strong>, reagiert und ruhig gestellt werden soll bzw. sich selbst ruhig stellt. &nbsp;<br><\/strong><strong><br><\/strong><strong>Energiepreise sind aber z.B. sehr komplex jeweils von sehr vielen verschiedenen Faktoren abh\u00e4ngig, nicht nur von staatlichen Eingriffen oder Besteuerung.<\/strong><\/p>\n<p><!-- \/wp:paragraph --><\/p>\n<p><!-- wp:paragraph {\"style\":{\"color\":{\"text\":\"#05744b\",\"background\":\"#ebe6e8\"}}} --><\/p>\n<p class=\"has-text-color has-background\" style=\"background-color: #ebe6e8; color: #05744b;\"><strong>Es gibt auch L\u00e4nder mit relativ hohen Energiepreisen bei geringer Besteuerung und hoher Verf\u00fcgbarkeit etc.<\/strong><\/p>\n<p><!-- \/wp:paragraph --><\/p>\n<p><!-- wp:paragraph {\"style\":{\"color\":{\"text\":\"#05744b\",\"background\":\"#ebe6e8\"}}} --><\/p>\n<p class=\"has-text-color has-background\" style=\"background-color: #ebe6e8; color: #05744b;\"><strong>Die Vorgehensweise und Grundhaltung in Deutschland diesbzgl. \u00e4hnelt aber eben leider der bei &#8222;Corona&#8220;: es wird so getan, oder suggeriert, als h\u00e4tte &#8222;der B\u00fcrger&#8220; vorrangige Verpflichtungen und M\u00f6glichkeiten, statt dass &#8222;der Staat&#8220; zu irgendetwas verpflichtet w\u00fcrde, sich verpflichtet s\u00e4he oder Pflichten anerkennen w\u00fcrde.<\/strong><\/p>\n<p><!-- \/wp:paragraph --><\/p>\n<p><!-- wp:paragraph {\"style\":{\"color\":{\"text\":\"#05744b\",\"background\":\"#ebe6e8\"}}} --><\/p>\n<p class=\"has-text-color has-background\" style=\"background-color: #ebe6e8; color: #05744b;\"><strong>Schon bei &#8222;Corona&#8220; waren Entsch\u00e4digungsleistungen &#8222;des Staates&#8220; reine Almosen &#8211; keinerlei offizielle und unhintergehbare Pflichten -, und &#8222;Alternativen&#8220; zum (Total)Lockdown allein in das Gutd\u00fcnken des &#8222;Staates&#8220; gestellt, dessen Akteure freilich h\u00e4ufig hilflos, kakophon, widerspr\u00fcchlich agierten und den Ernst der Lage, dem sie nicht gerecht wurden, kaum angemessen und annehmbar vermitteln konnten.<\/strong><\/p>\n<p><!-- \/wp:paragraph --><\/p>\n<p><!-- wp:paragraph {\"style\":{\"color\":{\"text\":\"#05744b\",\"background\":\"#ebe6e8\"}}} --><\/p>\n<p class=\"has-text-color has-background\" style=\"background-color: #ebe6e8; color: #05744b;\"><strong>Erst das hat die &#8222;Querdenker&#8220; gen\u00e4hrt, das Empfinden der Hilflosigkeit unter den B\u00fcrgern.<\/strong><\/p>\n<p><!-- \/wp:paragraph --><\/p>\n<p><!-- wp:paragraph {\"style\":{\"color\":{\"text\":\"#05744b\",\"background\":\"#ebe6e8\"}}} --><\/p>\n<p class=\"has-text-color has-background\" style=\"background-color: #ebe6e8; color: #05744b;\"><strong>Genau das wird jetzt wieder aufgef\u00fchrt &#8211; und es gibt von Seiten so genannter &#8222;Opposition&#8220; keinerlei Anstrengungen, solche Verpflichtungen &#8222;vom Staat&#8220; zu fordern: sie betreiben alle nur Klientelpolitik wie &#8222;Die Linke&#8220; angeblich &#8222;f\u00fcr Arme und den unteren Mittelstand&#8220;.<\/strong><\/p>\n<p><!-- \/wp:paragraph --><\/p>\n<p><!-- wp:paragraph {\"style\":{\"color\":{\"text\":\"#05744b\",\"background\":\"#ebe6e8\"}}} --><\/p>\n<p class=\"has-text-color has-background\" style=\"background-color: #ebe6e8; color: #05744b;\"><strong>Das Gebaren des Staates wird nirgends grunds\u00e4tzlich in Frage gestellt, wie denn auch jemals von obrigkeitsh\u00f6rigen Kollektivisten, die etwa schon die Unterwerfung unter Putin als \u201ealternativlos\u201c darstellten, und wenn dies nicht fruchtete, mit der \u201eMoral\u201c-Keule der \u201ehistorischen Schuld\u201c anhoben, als habe die Ukraine (\u201eUkrainische SSR\u201c) wie Polen oder auch Belarus nicht mehr unter dem deutschen Faschismus wie auch dem Stalinismus gelitten als \u201edie Russen\u201c, als seien nicht unz\u00e4hlige Ukrainer unter den \u201esiegreichen Soldaten\u201c des Alliierten Sowjetunion gewesen.<br><\/strong><strong><br><\/strong><strong>Dabei g\u00e4be es \u00e4hnlich wie schon bei &#8222;Corona&#8220; ganz einfache L\u00f6sungen: wenn ein &#8222;Verbraucher&#8220;, eine Familie o.a. die letzten Jahre z.B. 6000- 7000 kwH verbraucht und daf\u00fcr 2000 Euro bezahlt hat, jetzt aber bei nachweislich nicht erh\u00f6htem Verbrauch 4000, 5000 oder mehr zahlen soll, hat ihm &#8222;der Staat&#8220; dies zu ersetzen &#8211; <\/strong><strong><em><u>EGAL<\/u><\/em><\/strong><strong> ob&#8220;Reich&#8220;, &#8222;Arm&#8220;, &#8222;Mittelstand&#8220;: so pragmatisch geht an diesem Punkt z.B. Gro\u00dfbritannien vor: \u201eden Rest\u201c tr\u00e4gt\u201cder Staat\u201c \u2013 allein das kann und wird ihn disziplinieren.<br>Stattdessen wird \u201edem Volk\u201c Waschlappen-Disziplin angedient.<\/strong><\/p>\n<p><!-- \/wp:paragraph --><\/p>\n<p><!-- wp:paragraph {\"style\":{\"color\":{\"text\":\"#05744b\",\"background\":\"#ebe6e8\"}}} --><\/p>\n<p class=\"has-text-color has-background\" style=\"background-color: #ebe6e8; color: #05744b;\"><strong>Aber ein nicht nur bei der Digitalisierung hoffnungslos r\u00fcckst\u00e4ndiger Staat ist zur schnellen Durchf\u00fchrung solcher L\u00f6sungen ebenso unf\u00e4hig wie ihn schon die im Vergleich zu vielen anderen Staaten unfassbare \u00dcberb\u00fcrokratisierung, Zettelwirtschaft und praktisch nicht gegebene Digitalisierung im \u201eGesundheitswesen\u201c an \u00e4hnlichen pragmatischen, schnellen, umfassenden Vorgehensweisen beim Impfen oder der Infektionsnachverfolgung gehindert hat.<\/strong><\/p>\n<p>&#8222;Sparen&#8220; K\u00d6NNEN die einzelnen &#8222;Verbraucher&#8220; so gut wie NICHT, es wird z.B. auch Geb\u00e4udesch\u00e4den, Schimmelbildung, Legionellen u.v.m.&nbsp; dadurch Vorschub geleistet, usw.<\/p>\n<p><strong>Nur solche VERPFLICHTUNGEN des Staates, nur wenn &#8222;der Staat&#8220; WEISS, dass er darum nicht herumkommt, w\u00fcrde er wie von Wunderhand all das tun wozu er \u201eeigentlich\u201c verpflichtet ist.<br><\/strong><strong><br><\/strong><strong>\u00c4hnlich w\u00e4re es auch bei &#8222;Corona&#8220; gewesen, doch es gab keine &#8222;Opposition&#8220;, die \u2013 statt allenfalls \u201eFreiheit\u201c zu keifen oder \u201eVerschw\u00f6rungs\u201c-\u201eTheorien\u201c zu ventilieren \u2013 hier klare Forderungen gestellt h\u00e4tte und wo der Staat verpflichtend die Folgen sofort und vollumf\u00e4nglich statt als Almosen h\u00e4tte tragen m\u00fcssen.<br><\/strong><strong><br><\/strong><strong>Stattdessen nur n\u00f6lende &#8222;Querdenker&#8220;, &#8222;Corona-Leugner&#8220; oder &#8222;Zero Covid&#8220;- Idioten: genau dieselbe Kakophonie, die &#8222;das Volk&#8220; &#8222;der Politik&#8220; so gern vorwirft \u2013 wozu auch Idiotien wie ein \u201e9-Euro-Ticket\u201c und\/oder dessen \u201eNachfolger\u201c geh\u00f6ren.<\/strong><\/p>\n<p><!-- \/wp:paragraph --><\/p>\n<p><!-- wp:paragraph {\"style\":{\"color\":{\"text\":\"#05744b\",\"background\":\"#ebe6e8\"}}} --><\/p>\n<p class=\"has-text-color has-background\" style=\"background-color: #ebe6e8; color: #05744b;\"><strong>Keine garantierten, leicht durchsetzbaren Fahrgastrechte, keine festgelegten durchdachten Qualit\u00e4ts-Mindeststandards: aber \u201e9-Euro-Tickets\u201c ohne Bef\u00f6rderungsgarantie, ohne Rechte, ohne berufbare festgelegte Standards: bezeichnender f\u00fcr deutsche \u201ePolitik\u201c geht es kaum.<\/strong><\/p>\n<p><!-- \/wp:paragraph --><\/p>\n<p><!-- wp:paragraph {\"style\":{\"color\":{\"text\":\"#05744b\",\"background\":\"#ebe6e8\"}}} --><\/p>\n<p class=\"has-text-color has-background\" style=\"background-color: #ebe6e8; color: #05744b;\"><strong>Die \u201e\u00d6PNV\u201c-Verkehrsmittel, das Lieblingsthema der \u201eVerkehrssenatorin\u201c Jarasch \u2013 um auf diese zur\u00fcckzukommen \u2013&nbsp; sind jedenfalls eine Zumutung &#8211; \u00e4hnlich wie z.B. die meisten Radwege.&nbsp;&nbsp;&nbsp;&nbsp;&nbsp;&nbsp;&nbsp;&nbsp;&nbsp;&nbsp;&nbsp;&nbsp;&nbsp;&nbsp; <\/strong><\/p>\n<p><!-- \/wp:paragraph --><\/p>\n<p><!-- wp:paragraph {\"style\":{\"color\":{\"text\":\"#05744b\",\"background\":\"#ebe6e8\"}}} --><\/p>\n<p class=\"has-text-color has-background\" style=\"background-color: #ebe6e8; color: #05744b;\"><strong>Busse, Bahnen, Trams, Z\u00fcge sollten in der Regel p\u00fcnktlich sein, sie m\u00fcssten h\u00e4ufig genug fahren, und sollten nur selten \u00fcberf\u00fcllt sein. In Deutschland ist der \u00d6PNV, sehr h\u00e4ufig auch der Fernverkehr, davon weit entfernt. Daher brauchen Fahrten und Tickets der \u00f6ffentlichen Personenbef\u00f6rderung einen <em><u>an<\/u>g<u>emessenen<\/u><\/em> Preis : diese Fahrten k\u00f6nnen nicht unbegrenzt und voraussetzungslos verf\u00fcgbar sein, ihre Nutzung muss gesteuert, gepr\u00fcft, bestimmten Qualit\u00e4tsrichtlinien unterworfen werden.<br><\/strong><strong><br><\/strong><strong>Aber nirgends fragen die wahnhaft agierenden Chargen \u00e0 la Jarasch, ob es gen\u00fcgend Personal, Strecken, Fahrzeuge \u2013 und Energie \u2013 gibt \u2013 stattdessen wird r\u00fccksichtslos auf Verschlei\u00df gefahren, nur damit Figuren wie Jarasch Schein-\u201eErfolg\u201c melden k\u00f6nnen.&nbsp; <\/strong><\/p>\n<p><!-- \/wp:paragraph --><\/p>\n<p><!-- wp:paragraph {\"style\":{\"color\":{\"text\":\"#05744b\",\"background\":\"#ebe6e8\"}}} --><\/p>\n<p class=\"has-text-color has-background\" style=\"background-color: #ebe6e8; color: #05744b;\"><strong>Beim Beachten und Bezahlen von Qualit\u00e4tsstandards geht es nicht darum, \u00e4rmere Menschen auszuschlie\u00dfen: Ihre Mobilit\u00e4t kann mit anderen Mitteln statt eines Tickets \u201ef\u00fcr alle\u201c gef\u00f6rdert &nbsp;werden.<br>Das \u201e9-Euro-Ticket\u201c war nirgends ein \u201eErfolg\u201c, sondern eine einzige Zumutung.<br>Deshalb kann es jetzt nicht das Ziel von Verkehrspolitik sein, so viele Menschen wie m\u00f6glich in Busse und Bahnen zu locken: daf\u00fcr ist das Angebot schlichtweg zu grottenschlecht.<\/strong><\/p>\n<p><!-- \/wp:paragraph --><\/p>\n<p><!-- wp:paragraph {\"style\":{\"color\":{\"text\":\"#05744b\",\"background\":\"#ebe6e8\"}}} --><\/p>\n<p class=\"has-text-color has-background\" style=\"background-color: #ebe6e8; color: #05744b;\"><strong>\u00d6PNV ist vielfach unzuverl\u00e4ssig und unzumutbar, nicht erst seit es den Fahrg\u00e4sten \u00fcberlassen wird, sich z.B. mit &#8222;(Masken-)Verweigerern&#8220; selbst auseinanderzusetzen oder sie zu &#8222;tolerieren&#8220;.<\/strong><\/p>\n<p><!-- \/wp:paragraph --><\/p>\n<p><!-- wp:paragraph {\"style\":{\"color\":{\"text\":\"#05744b\",\"background\":\"#ebe6e8\"}}} --><\/p>\n<p class=\"has-text-color has-background\" style=\"background-color: #ebe6e8; color: #05744b;\"><strong>H\u00e4tte es z.B. ein <em><u>Recht<\/u><\/em> f\u00fcr jeden Fahrgast gegeben, die Notbremse zu ziehen, sobald eine Nacktnase oder ein Nacktmaul sich herauszublecken gewagt h\u00e4tte, dann h\u00e4tten &#8222;Wir&#8220; schon l\u00e4ngst die \u201eVerweigerer\u201c entnervt.<\/strong><\/p>\n<p><!-- \/wp:paragraph --><\/p>\n<p><!-- wp:paragraph {\"style\":{\"color\":{\"text\":\"#05744b\",\"background\":\"#ebe6e8\"}}} --><\/p>\n<p class=\"has-text-color has-background\" style=\"background-color: #ebe6e8; color: #05744b;\"><strong>Stattdessen wird weggeschaut.<br>Wozu aber gibt es Maskenpflichten, wenn sie nicht durchgesetzt werden k\u00f6nnen, d\u00fcrfen oder wollen ?<\/strong><\/p>\n<p><!-- \/wp:paragraph --><\/p>\n<p><!-- wp:paragraph {\"style\":{\"color\":{\"text\":\"#05744b\",\"background\":\"#ebe6e8\"}}} --><\/p>\n<p class=\"has-text-color has-background\" style=\"background-color: #ebe6e8; color: #05744b;\"><strong>Von *solchen* Freiheits-RECHTEN spricht also aber niemand, wie auch von anderen tats\u00e4chlich essentiellen Rechten z.B. der oben beschriebenen umstandslosen **verpflichtenden** Erstattung von Verlusten oder Gehaltseinbu\u00dfen durch &#8222;den Staat&#8220;: h\u00e4tte &#8222;der Staat&#8220; solche Verpflichtungen auferlegt bekommen, w\u00e4re er eben *von selbst* bed\u00e4chtiger mit &#8222;Vorschriften&#8220; und &#8222;Verboten&#8220; umgegangen &#8230;<\/strong><\/p>\n<p><!-- \/wp:paragraph --><\/p>\n<p><!-- wp:paragraph {\"style\":{\"color\":{\"text\":\"#05744b\",\"background\":\"#ebe6e8\"}}} --><\/p>\n<p class=\"has-text-color has-background\" style=\"background-color: #ebe6e8; color: #05744b;\"><strong>Aber warum f\u00e4llt Super-Hyper- &#8222;Intellekt&#8220;- Kanonen wie &#8222;Milosz Matuschek&#8220; oder &#8222;Gunnar Kaiser&#8220; DAS nicht ein &#8230;?<\/strong><\/p>\n<p><!-- \/wp:paragraph --><\/p>\n<p><!-- wp:paragraph {\"style\":{\"color\":{\"text\":\"#05744b\",\"background\":\"#ebe6e8\"}}} --><\/p>\n<p class=\"has-text-color has-background\" style=\"background-color: #ebe6e8; color: #05744b;\"><strong>Es w\u00fcrde ja zur Folge haben, dass sie Anspr\u00fcche auch an SICH selbst zu stellen h\u00e4tten statt &#8222;Fraihait&#8220; &#8222;Fraihait&#8220; &#8222;Fraihait&#8220; zu krakeelen und daf\u00fcr &#8222;Abonnenten&#8220; und &#8222;K\u00e4ufer&#8220; absoluter Schrott- &#8222;B\u00fccher&#8220; zu generieren oder in Filmen mit hyperbolen Plapperlieschen wie \u201eUlrike Gu\u00e9rot\u201c zu nerven, mit<\/strong><\/p>\n<p><!-- \/wp:paragraph --><\/p>\n<p><!-- wp:paragraph {\"style\":{\"color\":{\"text\":\"#05744b\",\"background\":\"#ebe6e8\"}}} --><\/p>\n<p class=\"has-text-color has-background\" style=\"background-color: #ebe6e8; color: #05744b;\"><strong>Wettbewerben darum, wer es mit flinker Zunge wie Gu\u00e9rot am \u201ebilligsten\u201c macht und \u201edem Volk\u201c am meisten anstrengungslos und ohne Qualit\u00e4ts- und sonstige Anspr\u00fcche \u201eFraihait\u201c und den n\u00e4chsten Schuss zu bieten verspricht.<\/strong><\/p>\n<p><!-- \/wp:paragraph --><\/p>\n<p><!-- wp:paragraph {\"style\":{\"color\":{\"text\":\"#22709d\",\"background\":\"#e3efec\"}}} --><\/p>\n<p class=\"has-text-color has-background\" style=\"background-color: #e3efec; color: #22709d;\">-4<strong>. &nbsp;<\/strong><strong>Geistfeindliche <\/strong><strong>Pseudo<\/strong><strong>-\u201e<\/strong><strong>Diversit\u00e4t<\/strong><strong>\u201c \u201e<\/strong><strong>f\u00fcr alle<\/strong><strong>\u201c<\/strong><strong> \u2013 also niemanden<\/strong><\/p>\n<p><!-- \/wp:paragraph --><\/p>\n<p><!-- wp:paragraph {\"style\":{\"color\":{\"text\":\"#22709d\",\"background\":\"#e3efec\"}}} --><\/p>\n<p class=\"has-text-color has-background\" style=\"background-color: #e3efec; color: #22709d;\"><strong>W\u00e4hrend, wo es Politikern genehm ist und ihnen politisch frommen soll, \u201edas Volk\u201c billig bedient werden soll, \u201ebeschwert\u201c sich \u201edie Politik\u201c, &nbsp;wenn es woanders geistlos, d\u00fcrftig und billig hergeht, wenn z.B. in &#8222;Diskussionen&#8220; in \u201eSozialen Netzwerken\u201c \u2013 auch ausgerechnet dann, wenn es um proklamierte \u201eMeinungsfreiheit\u201c gehen zu sollen behauptet wird \u2013 mit einer auff\u00e4lligen Gleichgeschaltetheit gr\u00f6lender selbstgef\u00e4lliger Herrschaften \u00fcberdeutlich wird, dass &#8211; gerade bei ihnen und gerade entgegen ihrer proklamierten \u201eWahrheits\u201c-Liebe oder \u201eMeinungs\u201c-\u201eFreiheit\u201c &#8211; Widerrede oder Differenzierung hier wenig erw\u00fcnscht sind : die Prediger und st\u00e4ndigen Herbeter von &#8218;Meinungsfreiheit&#8216; sind die ersten, die sie nicht ertragen k\u00f6nnen und abschaffen w\u00fcrden, ja, die eben mit \u201eMeinungsfreiheit\u201c \u00fcberhaupt nichts anfangen k\u00f6nnen.<\/strong><\/p>\n<p><strong>\u00c4hnliches ist freilich auch bei vielen selbst ernannten Proklamateuren von \u201eDiversit\u00e4t\u201c festzustellen, die bemerkenswert wenige, eingeschr\u00e4nkte und kaum \u201ediverse\u201c Verhaltensformen zulassen, sondern das von ihnen Zugelassene und Goutierte streng limitieren wollen\u2026<\/strong><\/p>\n<p><!-- \/wp:paragraph --><\/p>\n<p><!-- wp:paragraph {\"style\":{\"color\":{\"text\":\"#22709d\",\"background\":\"#e3efec\"}}} --><\/p>\n<p class=\"has-text-color has-background\" style=\"background-color: #e3efec; color: #22709d;\"><strong>\u2026 \u00e4hnlich wie die zahllosen \u201eJournalisten\u201c, die \u201ePolitikwissenschaft\u201c und \u201eSoziologie\u201c studiert haben, bei der \u201etaz\u201c oder dem \u201eTagesspiegel\u201c landen, t\u00e4glich ungeduldig \u201eVer\u00e4nderungen\u201c fordern und \u201emangelnde Umsetzung und Bereitschaft\u201c dazu \u201ein der Bev\u00f6lkerung und vor allem \u201ader Wirtschaft\u2018\u201c bejammern, selbst aber nie Bereitschaft gezeigt haben, sich zu ver\u00e4ndern und z.B. das zu studieren \u2013 wie z.B. Wirtschaft oder Ingenieurwesen -, \u00fcber das \u201ekritisch\u201c zu \u201eberichten\u201c sie sich aber unentwegt f\u00fcr berufen f\u00fchlen, erkennbar ohne Ahnung davon zu haben und ohne die geringste \u201eDiversit\u00e4t\u201c.<br>Nach dem Beispiel des \u201eChef-Redakteurs\u201c streng-infantil grinsend glotzen uns solche \u201eRedakteure\u201c aus \u201eNewslettern\u201c an, um uns mit Belehrungen und Ideologie statt Information den Tag zu verderben, und damit allen Ernstes z.B. \u201eHauptstadtblatt\u201c sein zu wollen, was in dem Fall hei\u00dfen zu sollen scheint, tagt\u00e4glich in den \u201eSzenen\u201c und \u201eMilieus\u201c der \u201elinks\u201c-radikal \u201eregierten\u201c \u201eHauptstadt\u201c herumzufallen, die dort empfangenen Impressionen zu teilen und das f\u00fcr \u201eInformation\u201c auszugeben, wenn sich \u201eSzene\u201c- Insassen etwa \u00fcber \u201edie hohen Mieten\u201c beschweren, die man halt als \u201ePolitikwissenschaft\u201c-ler, \u201eSoziologe\u201c oder alln\u00e4chtlicher Besucher \u201eangesagter\u201c Locations selten bezahlen kann; umso heftiger wird dann \u00fcber angebliches \u201eRecht\u201c berichtet, in \u201eangesagten\u201c Gegenden f\u00fcr Lau ewig anmieten zu k\u00f6nnen \u2013 und \u00fcber \u201edie Gier\u201c: bei anderen, nur nicht bei sich selbst.<\/strong><\/p>\n<p><strong>So wie \u201eMangel an Diversit\u00e4t\u201c selbstverst\u00e4ndlich immer nur bei \u201eanderen\u201c diagnostiziert wird, niemals bei sich selbst.<br>Bei bestimmten Themen wird dies notorisch deutlich \u2013 wie etwa bei Diskussionen um \u201eGeschlechts\u201c-Zugeh\u00f6rigkeit, \u201eGeschlechtsrollen\u201c u.\u00e4., bzw. bei allem was von der vorgeblichen \u201cNorm\u201c angeblich oder tats\u00e4chlich \u201eabweicht\u201c, wobei Differenzierungen auf \u201ebeiden Seiten\u201c eher rar sind und bei \u201ebeiden Seiten\u201c ein deutlicher Eindruck entsteht, dass es ihnen weniger um die Sache und die \u201eBetroffenen\u201c geht, sondern haupts\u00e4chlich bis ausschliesslich um sich selbst und ihre Darstellung. <\/strong><\/p>\n<p><!-- \/wp:paragraph --><\/p>\n<p><!-- wp:paragraph {\"style\":{\"color\":{\"text\":\"#22709d\",\"background\":\"#e3efec\"}}} --><\/p>\n<p class=\"has-text-color has-background\" style=\"background-color: #e3efec; color: #22709d;\"><strong>Das beginnt mit \u2013 \u201ebeiderseits\u201c verwendeten \u2013 unsachlichen Bezeichnungen wie \u201eEhe f\u00fcr alle\u201c \u2013 die es nicht gibt, vielmehr gibt es z.B. \u201enur\u201c ein &nbsp;\u201eEHE\u00d6FFNUNGSGESETZ\u201c (die bis dahin allein heterosexuellen Partnern vorbehaltene Ehe wurde f\u00fcr Gleichgeschlechtliche ge\u00f6ffnet, mehr nicht).<\/strong><\/p>\n<p><!-- \/wp:paragraph --><\/p>\n<p><!-- wp:paragraph {\"style\":{\"color\":{\"text\":\"#22709d\",\"background\":\"#e3efec\"}}} --><\/p>\n<p class=\"has-text-color has-background\" style=\"background-color: #e3efec; color: #22709d;\"><strong>So ist z.B. auch eine Eheschliessung nachvollziehbarer Weise nicht m\u00f6glich f\u00fcr alle, deren beabsichtigte Eheschliessung gegen andere Rechtsg\u00fcter bzw. rechtliche Vorschriften (erheblich) versto\u00dfen w\u00fcrde &#8211; z.B. darf man nicht (s)einen Hund heiraten, nicht seine Oma oder Schwester usw.<\/strong><\/p>\n<p>Schon von daher ist die Bezeichnung \u201eEhe f\u00fcr alle\u201c schlichtweg falsch und irref\u00fchrend, und daher eben auch keine offizielle Bezeichnung.<\/p>\n<p>Es handelt sich also um ein \u201eEhe\u00f6ffnungsgesetz\u201c (&#8222;Gesetz zur Einf\u00fchrung des Rechts auf Eheschlie\u00dfung f\u00fcr Personen gleichen Geschlechts\u201c, durch \u00a7 1353 Absatz 1 Satz 1 ), Erweiterung der Eheschliessung auch f\u00fcr gleichgeschlechtliche Partnerschaften, eben nicht um eine \u201eEhe f\u00fcr alle\u201c.<\/p>\n<p>Abgesehen davon, dass im Grundgesetz weiterhin vom \u201eSchutz der Ehe zwischen Mann und Frau\u201c und dessen \u201ebesonderer F\u00f6rderungsw\u00fcrdigkeit\u201c die Rede ist und hier eigentlich eine Grundgesetz\u00e4nderung notwendig w\u00e4re, ohne die zuk\u00fcnftige Klagen gegen das \u201eEhe\u00f6ffnungsgesetz\u201c durchaus erfolgreich sein k\u00f6nnten (das BVerfG spricht lediglich davon, dass die Eheschliessungsgesetze den \u201ever\u00e4nderten Auffassungen in der Gesellschaft und Bev\u00f6lkerung angepasst werden k\u00f6nnten\u201c &#8211; was im Umkehrschluss heisst, dass sich die \u201eAuffassungen in der Gesellschaft&#8220; auch wieder \u00e4ndern k\u00f6nnten und dann die \u201eEhe\u00f6ffnung\u201c wieder einkassiert werden k\u00f6nnte -, ist z.B. das Adoptionsrecht noch immer nicht \u201eangepasst\u201c.<\/p>\n<p>Frau Merkel hat mit ihren uns\u00e4glichen \u201eBauchschmerzen\u201c jahrelang eine umfassende Ausarbeitung der Gesetze verhindert, und dann in einer ihr genehmen Nacht- und Nebel- Aktion ein hastiges und m\u00e4ngelbehaftetes Gesetz verabschieden lassen, mit M\u00e4ngeln, die in den Kerns\u00e4tzen des neuen Rechts stehen.<\/p>\n<p>Bei genauem Lesen erweist sich, dass die so genannte &#8222;Ehe f\u00fcr alle\u201c eben keine Ehe f\u00fcr wirklich alle ist; das vom Gesetzgeber beschlossene Gesetz schlie\u00dft etwa die gesch\u00e4tzt mindestens mehreren Hunderttausend Intersexuellen in Deutschland aus (genaue Daten\/ Erhebungen gibt es eben nicht, weil hier klare gesetzliche Regelungen und Umgehensweisen damit weiterhin fehlen).<\/p>\n<p>Die Ehe wird gem. Gesetz, &#8222;von zwei Personen verschiedenen oder gleichen Geschlechts\u201c geschlossen- mit dieser Formulierung wird mithin die Zugeh\u00f6rigkeit der Menschen, die heiraten wollen, zu einem bestimmten Geschlecht verlangt und festgeschrieben; Menschen, die weder dem m\u00e4nnlichen noch dem weiblichen Geschlecht zugeordnet werden, sind von der Ehe ausgeschlossen.<\/p>\n<p><strong>Dies widerspricht etwa dem seit 2013 geltenden Personenstandsgesetz (z.B. &#8222;Kann das Kind weder dem m\u00e4nnlichen noch dem weiblichen Geschlecht zugeordnet werden, so ist der Personenstandsfall ohne eine solche Angabe in das Geburtenregister einzutragen\u201c\/ \u00a7 22. 3. Personenstandsgesetz vom 7. 05. 2013), es gibt also ganz offiziell auch lt. Familienrecht das &#8222;unbestimmte Geschlecht&#8220;.<\/strong><\/p>\n<p><!-- \/wp:paragraph --><\/p>\n<p><!-- wp:paragraph {\"style\":{\"color\":{\"text\":\"#22709d\",\"background\":\"#e3efec\"}}} --><\/p>\n<p class=\"has-text-color has-background\" style=\"background-color: #e3efec; color: #22709d;\"><strong>Dem widersprechend, wird mit der Formulierung im \u201eEhe\u00f6ffnungsgesetz\u201c also die Zugeh\u00f6rigkeit der Menschen, die heiraten wollen, zu einem bestimmten Geschlecht verlangt und festgeschrieben.<br>Das hei\u00dft: Menschen, die weder dem m\u00e4nnlichen noch dem weiblichen Geschlecht zugeordnet werden, sind von der Ehe ausgeschlossen &#8211; ein Mensch mit uneindeutigen geschlechtlichen Merkmalen soll nicht heiraten d\u00fcrfen.<br><\/strong><strong><br><\/strong><strong>Seit 2013 gilt aber das neue Personenstandsgesetz. Das sieht folgendes vor: &#8222;Kann das Kind weder dem m\u00e4nnlichen noch dem weiblichen Geschlecht zugeordnet werden, so ist der Personenstandsfall ohne eine solche Angabe in das Geburtenregister einzutragen&#8220;.<br><\/strong><strong><br><\/strong><strong>Bis zu diesem Gesetz, bis zu diesem Paragrafen 22 Absatz 3 Personenstandsgesetz vom 7. Mai 2013, ging dieses Gesetz davon aus, dass es M\u00e4nner und Frauen gibt &#8211; und sonst nichts. Seit 2013 gibt es nun ganz offiziell, wie es die Familienrechtler nennen, das &#8222;unbestimmte Geschlecht&#8220;.<\/strong><\/p>\n<p><!-- \/wp:paragraph --><\/p>\n<p><!-- wp:paragraph {\"style\":{\"color\":{\"text\":\"#22709d\",\"background\":\"#e3efec\"}}} --><\/p>\n<p class=\"has-text-color has-background\" style=\"background-color: #e3efec; color: #22709d;\"><strong>Aber intersexuelle Menschen, kurz &#8222;inter&#8220; oder &#8222;divers&#8220; genannt, kommen dennoch im \u201eEhe\u00f6ffnungs-Gesetz\u201c nicht vor.<br><\/strong><strong><br><\/strong><strong>Im Geburtenbuch wird dies (zumeist) nicht eingetragen, das Feld bleibt leer. Der intersexuelle Mensch kann sich dann sp\u00e4ter f\u00fcr das m\u00e4nnliche oder weibliche Geschlecht entscheiden, und dann den entsprechenden Eintrag im standesamtlichen Register vornehmen lassen, muss es aber nicht.<br><\/strong><strong><br><\/strong><strong>Er kann sich auch daf\u00fcr entscheiden, zeitlebens ohne eine solche Zuordnung zu bleiben.<br><\/strong><strong><br><\/strong><strong>Wenn er dies tut, wird ihm das Standesamt Schwierigkeiten machen, wenn er heiraten will. Er muss eben, so die geltende Eheregel, ein bestimmtes Geschlecht haben.<br><\/strong><strong><br><\/strong><strong>Der Ausschluss der Intersexuellen von der Ehe kann somit durchaus als Diskriminierung bezeichnet werden, die aber mit dem \u201eEhe\u00f6ffnungsgesetz\u201c gerade beendet werden sollte.<br><\/strong><strong><br><\/strong><strong>Entsprechend der 2013 geschaffenen Rechtslage h\u00e4tte der Gesetzgeber dies 2017 ber\u00fccksichtigen m\u00fcssen.<br><\/strong><strong><br><\/strong>&#8212;&#8212;&#8212;&#8212;&#8212;&#8212;&#8212;&#8212;&#8212;&#8212;&#8212;&#8212;&#8212;&#8212;&#8212;&#8212;&#8212;&#8212;&#8212;&#8212;&#8212;&#8212;&#8212;&#8212;&#8212;&#8212;&#8212;&#8212;&#8212;&#8212;&#8212;&#8212;&#8212;-<\/p>\n<p><!-- \/wp:paragraph --><\/p>\n<p><!-- wp:paragraph {\"style\":{\"color\":{\"text\":\"#22709d\",\"background\":\"#e3efec\"}}} --><\/p>\n<p class=\"has-text-color has-background\" style=\"background-color: #e3efec; color: #22709d;\"><strong>&#8222;Unserer Generation&#8220; f\u00e4llt ENDLICH auf, dass es tats\u00e4chlich MEHR gibt als einfach &#8222;Mann&#8220; und &#8222;Frau&#8220; &#8211; das nennt man auch (Ergebnis von) Fortschritt, Forschung, Wissenschaft.<br>Statt dies einfach mal zu verstehen zu versuchen, werden dar\u00fcber d\u00fcmmliche &#8222;Witze&#8220; auf Sechstkl\u00e4ssler- &#8222;Niveau&#8220; gemacht.<\/strong><\/p>\n<p><!-- \/wp:paragraph --><\/p>\n<p><!-- wp:paragraph {\"style\":{\"color\":{\"text\":\"#22709d\",\"background\":\"#e3efec\"}}} --><\/p>\n<p class=\"has-text-color has-background\" style=\"background-color: #e3efec; color: #22709d;\"><strong>Wahrscheinlich von denselben, die dann wieder behaupten, &#8222;westliche Werte zu verteidigen&#8220;, die aber gerade u.a. in der kritischen unabh\u00e4ngigen und m\u00f6glichst evidenzbasierten Wissenschaft Wirklichkeit werden.<\/strong><\/p>\n<p><strong>So ist u.a. nun mal bekannt und Konsens, dass das &#8222;chromosomale Geschlecht&#8220;, die \u00adtypische Konstellation XX oder XY, weder das \u00e4u\u00dfere Geschlecht noch die geschlechtliche Selbstwahrnehmung eines Menschen eindeutig festlegt. Die Gene geben lediglich wieder, welches Potenzial \u00fcblicherweise im Bauplan des Menschen ausgesch\u00f6pft wird bzw. werden kann.<br><\/strong><strong><br><\/strong><strong>Die Gene steuern die Entwicklung der Keimdr\u00fcsen. Das sind die Organe, die sich zu Hoden oder Eierst\u00f6cken entwickeln k\u00f6nnen &#8211; schon auf dieser Ebene sind Abweichungen vom \u00fcblichen Ablauf m\u00f6glich.<\/strong><\/p>\n<p><!-- \/wp:paragraph --><\/p>\n<p><!-- wp:paragraph {\"style\":{\"color\":{\"text\":\"#22709d\",\"background\":\"#e3efec\"}}} --><\/p>\n<p class=\"has-text-color has-background\" style=\"background-color: #e3efec; color: #22709d;\"><strong>Kinder weisen dann sowohl Eierstock- als auch Hodenanteile auf. F\u00fcr die Auspr\u00e4gung der Geschlechtsmerkmale, also Penis, Vagina, Geb\u00e4rmutter und so weiter, sind letztlich Hormone zust\u00e4ndig.<br><\/strong><strong><br><\/strong><strong>Nach heutigem Erkenntnisstand ist hierbei die Hormon\u00adproduktion des Hodens von entscheidender Bedeutung.<br>Hier werden zwei Arten von Hormonen gebildet: Testosteron sowie das so genannte &#8222;Anti-M\u00fcller-Hormon&#8220;.<br><\/strong><strong><br><\/strong><strong>Von dieser Forschung ist auch z.B. bekannt, dass jeder F\u00f6tus zun\u00e4chst die Anlage, eine Geb\u00e4rmutter zu entwickeln.<br>Durch Aussch\u00fcttung des &#8222;Anti-M\u00fcller-Hormon&#8220;s aus dem Hoden\u00adgewebe wird die Bildung der Geb\u00e4rmutter unterdr\u00fcckt.<br>Ist z.B. dieser Botenstoff gar nicht oder nicht in ausreichender Menge vorhanden oder wirkt er nicht richtig, kann am Ende trotz sonst m\u00e4nnlicher Merkmale eine Geb\u00e4rmutter entstehen.<\/strong><\/p>\n<p>\u00c4hnlich verh\u00e4lt es sich bspw. mit dem Testosteron. Steht es nicht in gen\u00fcgender Dosis zur Verf\u00fcgung oder verfehlt es seine Wirkung, wird das bei beiden Geschlechtern am Beginn des Embryonalstadiums gleich aussehende Genital nicht zu einem Penis.<\/p>\n<p>Dann k\u00f6nnen &#8222;Zwischen\u00adformen&#8220; der Geschlechter entstehen, die keinem klar m\u00e4nnlichen oder weiblichen Erscheinungsbild entsprechen.<\/p>\n<p>Die geschlechtliche Entwicklung kann deshalb sehr vielf\u00e4ltig verlaufen, da hier nun mal viele verschiedene Gene und Hormone zusammenwirken.<\/p>\n<p><strong>So k\u00f6nnen die \u00e4u\u00dferen Geschlechtsmerkmale mitunter eindeutig m\u00e4nnlich oder weiblich aussehen, obwohl sich die Keimdr\u00fcsen anders entwickelt haben oder die Bildung und Wirkung der Hormone vom Normalfall abweichen.<br><\/strong><strong><br><\/strong><strong>Die biologische Geschlechtsentwicklung ist h\u00f6chst fa\u00e7ettenreich und bislang offensichtlich nur in groben Z\u00fcgen verstanden.<br>In der Tat ist klar davon auszugehen, dass es sich keinesfalls um ein &#8222;Minderheiten- Problem&#8220; handelt, sondern sehr viele Menschen in ihrem Empfinden nicht kongruent mit den erwarteten &#8222;Geschlechter-Rollen&#8220; sind.<\/strong><\/p>\n<p><!-- \/wp:paragraph --><\/p>\n<p><!-- wp:paragraph {\"style\":{\"color\":{\"text\":\"#22709d\",\"background\":\"#e3efec\"}}} --><\/p>\n<p class=\"has-text-color has-background\" style=\"background-color: #e3efec; color: #22709d;\"><strong>Da es aber &#8222;gesellschaftlich nicht opportun&#8220; ist, solche Fragen zu stellen, werden solche Fragen unterdr\u00fcckt und abgewehrt &#8211; was aber &#8222;westlichen Werten&#8220; wie der &#8222;Aufkl\u00e4rung&#8220; deutlich widerspricht.<br><\/strong><strong><br><\/strong><strong>Unklar ist etwa, welche Auswirkungen die hormonelle Variabilit\u00e4t auf die Geschlechtsidentit\u00e4t hat.<br><\/strong><strong><br><\/strong><strong>Manche Menschen mit den beschriebenen Besonderhei\u00adten bezeichnen sich selbst als &#8222;intersexuell&#8220;, w\u00e4hrend sich andere klar als m\u00e4nnlich oder weiblich empfinden.<br><\/strong><strong><br><\/strong><strong>Diese pers\u00f6nliche &#8222;Empfindung&#8220; sollte freilich wissenschaftlich abgekl\u00e4rt werden und nicht nur allein oder vorrangig das pers\u00f6nliche &#8222;Empfinden&#8220; zum Ma\u00dfstab genommen werden, es sollte eben auch kritisch hinterfragt werden k\u00f6nnen:<\/strong><\/p>\n<p><!-- \/wp:paragraph --><\/p>\n<p><!-- wp:paragraph {\"style\":{\"color\":{\"text\":\"#22709d\",\"background\":\"#e3efec\"}}} --><\/p>\n<p class=\"has-text-color has-background\" style=\"background-color: #e3efec; color: #22709d;\"><strong>Hier sehe ich einen Widerspruch zwischen &#8222;Gender- Aktivisten&#8220;, die sich auf &#8222;die Wissenschaft&#8220; berufen (k\u00f6nnen), die kritischen Fragen &#8222;der Wissenschaft&#8220; aber nicht auf sich selbst anwenden (lassen) wollen.<\/strong><\/p>\n<p>Die Kategorien &#8222;Mann&#8220; und &#8222;Frau&#8220; bilden eine Art Rahmen, innerhalb dessen vielf\u00e4ltige Auspr\u00e4gungen von Geschlechtlichkeit m\u00f6glich sind \u2013 sowohl genetisch, anatomisch und hormonell als auch psychologisch und sozial.<\/p>\n<p><strong>Diese Varianten sind jedoch nicht krankhaft, sondern k\u00f6nnen als nat\u00fcrliches Spektrum der Geschlechtsentwicklung verstanden werden.<\/strong><\/p>\n<p><strong>Alle solchen und weiteren Differenzierungen finden in entsprechenden Diskussionen selten statt.<\/strong><\/p>\n<p><strong>Es scheint nur darum zu gehen, \u201ePositionen\u201c darzustellen und festzuf\u00fcgen, \u201eseine Meinung\u201c zu \u00e4ussern statt sie zu \u00fcberpr\u00fcfen und Fragen zuzulassen.<\/strong><\/p>\n<p><strong>Geistfeindliches Plappern f\u00fcr alle statt eines dringend notwendigen \u201eGeist\u00f6ffnungsgesetzes\u201c.<\/strong><\/p>\n<p><strong>\u201eDie Politik\u201c bekommt das, was sie s\u00e4t.<\/strong><\/p>\n<p><!-- \/wp:paragraph --><\/p>\n<p><!-- wp:paragraph {\"style\":{\"color\":{\"text\":\"#22709d\"}}} --><\/p>\n<p class=\"has-text-color\" style=\"color: #22709d;\">\n<\/p><p><!-- \/wp:paragraph --><\/p>\n<p><!-- wp:paragraph {\"backgroundColor\":\"pale-cyan-blue\",\"textColor\":\"vivid-red\"} --><\/p>\n<p class=\"has-vivid-red-color has-pale-cyan-blue-background-color has-text-color has-background\"><strong>Copyright zu diesem Text liegt vollst\u00e4ndig und ausschliesslich bei:<\/strong><br>FiNiTESTi PUBLISHING, <strong>Berlin<\/strong>,Deutschland \u2013<strong>Lugano<\/strong>\/TI,Svizzera \u2013 <strong>Graz<\/strong>, Steiermark, Rep. \u00d6sterreich &#8211; <strong>Missachtungen der Eigentums- und Nutzungsrechte, unbefugtes Verwenden, Kopieren, Verlinken, Weiterleiten, Kommentieren usw. von Texten, Textteilen und s\u00e4mtlichen Photos, einzeln, auch in Montagen, Kontexten, Zusammenstellungen ohne Genehmigung werden STRAFRECHTLICH SCH\u00c4RFSTENS VERFOLGT !<\/strong>&nbsp;&nbsp;&nbsp;&nbsp;&nbsp;&nbsp;&nbsp;&nbsp;&nbsp; &nbsp;&nbsp;&nbsp;&nbsp;&nbsp;&nbsp;&nbsp;&nbsp;&nbsp;&nbsp;&nbsp;&nbsp;&nbsp;&nbsp;&nbsp;&nbsp;<\/p>\n<p><!-- \/wp:paragraph --><\/p>\n<p><!-- wp:paragraph {\"backgroundColor\":\"pale-cyan-blue\",\"textColor\":\"vivid-red\"} --><\/p>\n<p class=\"has-vivid-red-color has-pale-cyan-blue-background-color has-text-color has-background\">23. September 2022<\/p>\n<p><!-- \/wp:paragraph --><\/p>\n<p><!-- wp:paragraph {\"backgroundColor\":\"pale-cyan-blue\",\"textColor\":\"vivid-red\"} --><\/p>\n<p class=\"has-vivid-red-color has-pale-cyan-blue-background-color has-text-color has-background\"><strong>Copyright for this text is entirely and exclusively with:<\/strong>FiNiTESTi PUBLISHING, <strong>Berlin<\/strong>, Germany \u2013 <strong>Lugano<\/strong>\/TI, Svizzera \u2013 <strong>Graz<\/strong>, Styria\/ Republic of Austria<strong> &#8211; Disregard of property and usage rights, unauthorized use, copying, linking, forwarding, commenting etc. of texts, parts of texts and all photos, individually, also in montage, contexts, compilations without permission will indictably be PROSECUTED !<\/strong><\/p>\n<p><!-- \/wp:paragraph --><\/p>\n<p><!-- wp:paragraph {\"backgroundColor\":\"pale-cyan-blue\",\"textColor\":\"vivid-red\"} --><\/p>\n<p class=\"has-vivid-red-color has-pale-cyan-blue-background-color has-text-color has-background\"><strong>September &nbsp;23<sup>rd<\/sup>, 2022<\/strong><strong>&nbsp;&nbsp;&nbsp;<\/strong><\/p>\n<p><!-- \/wp:paragraph --><\/p>","protected":false},"excerpt":{"rendered":"<p>^^Bettina-Jarasch-Protest-Duschen^^, zwanghafte Plapperlieschen, die \u201euns\u201c die \u201eFreiheit\u201c erkl\u00e4ren, u.v.m.: Bullerb\u00fc-Kleinkinder- Mentalit\u00e4t und Obrigkeits-Gehorsam finden wie stets zusammen FiniTestiPublishing&nbsp;\/www.ricercando.eu \u2014\u2014\u2014\u2014\u2014\u2014\u2014\u2014\u2014\u2014\u2014\u2014\u2014\u2014\u2014\u2014\u2014\u2014\u2014\u2014\u2014\u2014\u2014\u2014\u2014\u2014\u2014\u2014\u2014\u2014\u2014\u2014\u2014\u2014\u2014\u2014\u2014\u2014\u2014\u2014\u2014\u2014&nbsp;&nbsp; \u25caLugano\u25caBerlin\u25caGraz\u25ca September 23,2022 Copyright zu diesem Text liegt vollst\u00e4ndig und ausschliesslich bei:FiNiTESTi PUBLISHING, Berlin,Deutschland \u2013Lugano\/TI,Svizzera\u2013 Graz, Steiermark, Rep. \u00d6sterreich &#8211; Missachtungen der Eigentums- und Nutzungsrechte, unbefugtes Verwenden, Kopieren, Verlinken, Weiterleiten, Kommentieren usw. von Texten, Textteilen und &hellip; <\/p>\n<p class=\"link-more\"><a href=\"https:\/\/ricercando.eu\/?p=258\" class=\"more-link\"><span class=\"screen-reader-text\">\u201eSeptember 23,2022\u201c <\/span>weiterlesen<\/a><\/p>\n","protected":false},"author":2,"featured_media":262,"comment_status":"closed","ping_status":"closed","sticky":false,"template":"","format":"standard","meta":{"footnotes":""},"categories":[5],"tags":[],"class_list":["post-258","post","type-post","status-publish","format-standard","has-post-thumbnail","hentry","category-actually-and-fundamentally"],"_links":{"self":[{"href":"https:\/\/ricercando.eu\/index.php?rest_route=\/wp\/v2\/posts\/258","targetHints":{"allow":["GET"]}}],"collection":[{"href":"https:\/\/ricercando.eu\/index.php?rest_route=\/wp\/v2\/posts"}],"about":[{"href":"https:\/\/ricercando.eu\/index.php?rest_route=\/wp\/v2\/types\/post"}],"author":[{"embeddable":true,"href":"https:\/\/ricercando.eu\/index.php?rest_route=\/wp\/v2\/users\/2"}],"replies":[{"embeddable":true,"href":"https:\/\/ricercando.eu\/index.php?rest_route=%2Fwp%2Fv2%2Fcomments&post=258"}],"version-history":[{"count":8,"href":"https:\/\/ricercando.eu\/index.php?rest_route=\/wp\/v2\/posts\/258\/revisions"}],"predecessor-version":[{"id":276,"href":"https:\/\/ricercando.eu\/index.php?rest_route=\/wp\/v2\/posts\/258\/revisions\/276"}],"wp:featuredmedia":[{"embeddable":true,"href":"https:\/\/ricercando.eu\/index.php?rest_route=\/wp\/v2\/media\/262"}],"wp:attachment":[{"href":"https:\/\/ricercando.eu\/index.php?rest_route=%2Fwp%2Fv2%2Fmedia&parent=258"}],"wp:term":[{"taxonomy":"category","embeddable":true,"href":"https:\/\/ricercando.eu\/index.php?rest_route=%2Fwp%2Fv2%2Fcategories&post=258"},{"taxonomy":"post_tag","embeddable":true,"href":"https:\/\/ricercando.eu\/index.php?rest_route=%2Fwp%2Fv2%2Ftags&post=258"}],"curies":[{"name":"wp","href":"https:\/\/api.w.org\/{rel}","templated":true}]}}