{"id":275,"date":"2023-03-11T17:19:59","date_gmt":"2023-03-11T17:19:59","guid":{"rendered":"https:\/\/ricercando.eu\/?p=275"},"modified":"2023-03-11T17:19:59","modified_gmt":"2023-03-11T17:19:59","slug":"ricercando-maerz-2023-miszellen-01-06-ueber-tabus-doitscher-anti-freiheitlichkeit-von-links-ueber-mitte-bis-raeaeaechts","status":"publish","type":"post","link":"https:\/\/ricercando.eu\/?p=275","title":{"rendered":"RICERCANDO Maerz 2023 &#8211; Miszellen 01-06 \u00fcber TABUS DOITSCHER ANTI-FREIHEITLICHKEIT von &#8222;Links&#8220; ueber &#8222;Mitte&#8220; bis &#8222;Raeaeaechts&#8220;"},"content":{"rendered":"\n<p class=\"has-vivid-purple-color has-text-color has-background\" style=\"background-color:#7bdbb566\">F\u00fcr leichtere Lesbarkeit k\u00f6nnen Sie den Beitrag <a href=\"https:\/\/ricercando.eu\/wp-content\/uploads\/2023\/03\/RICERCANDO-Maerz-2023-Miszellen-01-06-ueber-TABUS-DOITSCHER-ANTI-FREIHEITLICHKEIT-von-22Links22-ueber-22Mitte22-bis-22Raeaeaechts22-1.pdf\" target=\"_blank\" rel=\"noreferrer noopener\">HIER<\/a> als <a href=\"https:\/\/ricercando.eu\/wp-content\/uploads\/2023\/03\/RICERCANDO-Maerz-2023-Miszellen-01-06-ueber-TABUS-DOITSCHER-ANTI-FREIHEITLICHKEIT-von-22Links22-ueber-22Mitte22-bis-22Raeaeaechts22-1.pdf\" target=\"_blank\" rel=\"noreferrer noopener\">pdf <\/a>lesen und herunterladen\/ For an easier reading experience you may see and download this text as <a href=\"https:\/\/ricercando.eu\/wp-content\/uploads\/2023\/03\/RICERCANDO-Maerz-2023-Miszellen-01-06-ueber-TABUS-DOITSCHER-ANTI-FREIHEITLICHKEIT-von-22Links22-ueber-22Mitte22-bis-22Raeaeaechts22-1.pdf\" target=\"_blank\" rel=\"noreferrer noopener\">pdf<\/a> <a href=\"https:\/\/ricercando.eu\/wp-content\/uploads\/2023\/03\/RICERCANDO-Maerz-2023-Miszellen-01-06-ueber-TABUS-DOITSCHER-ANTI-FREIHEITLICHKEIT-von-22Links22-ueber-22Mitte22-bis-22Raeaeaechts22-1.pdf\" target=\"_blank\" rel=\"noreferrer noopener\">HERE<\/a>. <\/p>\n\n\n\n<p class=\"has-background\" style=\"background-color:#fcb90042\"><strong>Copyright zu diesem Text liegt vollst\u00e4ndig und ausschliesslich bei:<\/strong><br>FiNiTESTi PUBLISHING, <strong>Berlin<\/strong>\/Deutschland \u2013<strong>Bregenz<\/strong>,Vorarlberg \u2013 <strong>Graz<\/strong>,Steiermark\/ Rep. \u00d6sterreich &#8211; <strong>Missachtungen der Eigentums- und Nutzungsrechte, unbefugtes Verwenden, Kopieren, Verlinken, Weiterleiten, Kommentieren usw. von Texten, Textteilen und s\u00e4mtlichen Photos, einzeln, auch in Montagen, Kontexten, Zusammenstellungen ohne Genehmigung werden STRAFRECHTLICH SCH\u00c4RFSTENS VERFOLGT !<\/strong>\u00a0\u00a0\u00a0\u00a0\u00a0\u00a0\u00a0\u00a0\u00a0\u00a0\u00a0\u00a0\u00a0\u00a0\u00a0\u00a0\u00a0\u00a0\u00a0\u00a0\u00a0\u00a0\u00a0\u00a0\u00a0\u00a0\u00a0\u00a0\u00a0\u00a0\u00a0\u00a0\u00a0\u00a0\u00a0\u00a0\u00a0 11. M\u00e4rz 2023<\/p>\n\n\n\n<p class=\"has-background\" style=\"background-color:#fcb90042\"><strong>Copyright for this text is entirely and exclusively with:<\/strong>FiNiTESTi PUBLISHING, <strong>Berlin<\/strong>\/Germany \u2013 <strong>Bregenz<\/strong>,Vorarlberg \u2013 <strong>Graz<\/strong>,Styria\/ Republic of Austria<strong> &#8211; Disregard of property and usage rights, unauthorized use, copying, linking, forwarding, commenting etc. of texts, parts of texts and all photos, individually, also in montage, contexts, compilations without permission will indictably be PROSECUTED ! <\/strong><strong>March 11<sup>th<\/sup>, 2023&nbsp;&nbsp;&nbsp;<\/strong><\/p>\n\n\n\n<p>01. Vorausruf : \u201cImmunschuld\u201c \u2013 02. Das GR\u00d6SSTE TABU, das gr\u00f6sste \u201eFreiheits\u201c- Hindernis: \u201ePers\u00f6nlich\u201c zu werden \u2013 03. VORSPIEL: Accu-T\u00f6ff-T\u00f6ffs, E-Fuels und \u201edie Zukunft\u201c \u2013 04. HAUPTSPIEL : Herr Habeck zu Habeck und die erz-reaktion\u00e4re PREUSSISCHE OBRIGKEITSSTAATS- POLITIK der \u201eAnti-Faschisten\u201c und \u201eAnti-Lobbyisten\u201c \u2013 05. NACHSPIEL: \u201eDer Fall Maa\u00dfen\u201c \u2013 06. NACHGETRETEN : Die ASOZIALSTE PARTEI : \u201eDie Linke\u201c (SED) <strong><\/strong><\/p>\n\n\n\n<p><strong>FiniTestiPublishing<\/strong>&nbsp;\/ www.ricercando.eu<\/p>\n\n\n\n<p>\u2014\u2014\u2014\u2014\u2014\u2014\u2014\u2014\u2014\u2014\u2014\u2014\u2014\u2014\u2014\u2014\u2014\u2014\u2014\u2014\u2014\u2014\u2014\u2014\u2014\u2014\u2014\u2014\u2014\u2014\u2014\u2014\u2014<strong><em>\u00a0\u00a0<\/em><\/strong><\/p>\n\n\n\n<p>\u25ca<strong>Berlin<\/strong>\u25ca<strong>Graz<\/strong>\u25ca<strong>Bregenz<\/strong>\u25ca<\/p>\n\n\n\n<p><strong>March 11,2023<\/strong><strong><\/strong><\/p>\n\n\n\n<p><strong>&#8212; <\/strong>01<strong>.<em><u>ERSTMAL<\/u><\/em> ein VORAUSRUF:<br><br><\/strong>\u201e<strong><em>IMMUNSCHULD<\/em><\/strong>\u201c \u2026???\u00a0\u00a0\u00a0\u00a0\u00a0\u00a0\u00a0\u00a0\u00a0\u00a0\u00a0\u00a0\u00a0\u00a0\u00a0\u00a0\u00a0\u00a0\u00a0\u00a0\u00a0\u00a0\u00a0\u00a0\u00a0\u00a0\u00a0\u00a0\u00a0\u00a0\u00a0\u00a0\u00a0\u00a0\u00a0\u00a0\u00a0\u00a0\u00a0\u00a0\u00a0\u00a0\u00a0\u00a0\u00a0\u00a0\u00a0\u00a0\u00a0\u00a0\u00a0\u00a0\u00a0\u00a0\u00a0\u00a0\u00a0\u00a0\u00a0\u00a0\u00a0\u00a0\u00a0\u00a0\u00a0\u00a0\u00a0\u00a0\u00a0\u00a0\u00a0\u00a0\u00a0\u00a0\u00a0\u00a0\u00a0\u00a0\u00a0\u00a0\u00a0\u00a0\u00a0\u00a0\u00a0\u00a0\u00a0\u00a0\u00a0\u00a0\u00a0\u00a0\u00a0\u00a0\u00a0\u00a0\u00a0\u00a0\u00a0\u00a0\u00a0\u00a0\u00a0\u00a0\u00a0\u00a0\u00a0\u00a0\u00a0\u00a0\u00a0\u00a0\u00a0\u00a0\u00a0\u00a0\u00a0\u00a0\u00a0\u00a0\u00a0\u00a0\u00a0\u00a0\u00a0\u00a0\u00a0\u00a0\u00a0\u00a0\u00a0\u00a0<br>Sieht und weiss man, wie sich Heranwachsende ern\u00e4hren, (nicht)bewegen\/von \u201eErwachsenen\u201c nicht gef\u00f6rdert werden, kaum Vorbild erhalten, ist klar, dass kaum jemand wissen will, wie das Immunsystem mit\/ohne Masken gest\u00e4rkt werden kann\/muss (abgesehen davon, dass auch der Mund-\/HNO-Bereich allerdings stets \u00fcbers\u00e4t ist mit allen m\u00f6glichen Bakterien, Viren etc).<br>Dazu ein \u201eGesundheits\u201c-Minister, der von Naturheilkr\u00e4ften, Hom\u00f6opathie usw. nichts weiss, oder \u201ePolitik\u201c, die Saunen, B\u00e4der, Spielpl\u00e4tze schliesst.<br>An den Folgen des in \u201eSuperm\u00e4rkten\u201c, \u201eImbissen\u201c, Gastst\u00e4tten u.a. verkauften Fra\u00dfes, barer Unkenntnis \u00fcber gesunde und schmackhafte Ern\u00e4hrung, Naturheilmittel, Vorbeugung, Bewegungsmangel usw. sollen jetzt \u201edie Masken schuld\u201c sein: das Theater des \u00f6ffentlichen Irreseins, an dessen Gef\u00e4hrlichkeit keine Maske, keine Impfung herankommt.<br>Aber Hauptsache, \u201eFraihait\u201c kreischen, und dass wieder jeder \u201efreie m\u00fcndige\u201c B\u00fcrger in \u201eSelbstverantwortung\u201c \u00fcberall ohne Maske rotzen, schniefen, r\u00f6cheln darf: \u201edie \u00c4rzte\/Politiker haben\u00b4s gesagt\u201c.<\/p>\n\n\n\n<p>FAZIT: \u201eaus der Pandemie NICHTS gelernt\u201c, GAR NICHTS.<\/p>\n\n\n\n<p><strong>&#8212; <\/strong>02<strong>.<\/strong><strong><em><u>DANNMAL <\/u><\/em><\/strong><strong>: Das <\/strong><strong>GEFASEL<\/strong><strong> von \u201eFreiheit\u201c \u2013 und das <\/strong><strong>ALLERGR\u00d6SSTE TABU<\/strong><strong>: \u201ePERS\u00d6NLICH\u201c zu werden<\/strong><strong><\/strong><\/p>\n\n\n\n<p>Das Hantieren mit \u201eSchlagworten\u201c erschl\u00e4gt meist eine Diskussion.<\/p>\n\n\n\n<p>Aber was ist wirklich &#8222;gemeint&#8220;- etwas anderes als, doch verwandt mit &#8222;Meinung&#8220;-, wenn jemand von &#8222;Objektivit\u00e4t&#8220;, &#8222;Konstruktivit\u00e4t&#8220;, aber auch von &#8222;Freiheit&#8220;, &#8222;Nonkonformit\u00e4t&#8220;, &#8222;Angstmachen&#8220;, &#8222;faktenbasiert&#8220;, &#8222;Vorschriftenmachen&#8220;, &#8222;Informations gest\u00fctzt&#8220; usw. spricht ?<\/p>\n\n\n\n<p>Versuchen \u201eWir\u201c ehrlich zu sein, so stellt sich die Frage, ob wirklich \u00fcberhaupt *irgendjemand* nach &#8222;Freiheit&#8220; suchen will, und solche finden kann &#8211; eher sucht jeder doch bestenfalls \u2013 und ebenso selten \u2013 nach Dingen, Gr\u00fcnden, Inhalten, mit denen er \u00fcberzeugt, bewusst, vertretbar sein Leben f\u00fchren, vertreten, verantworten kann: das beinhaltet aber, dass es grenzenlose &#8222;Freiheit&#8220; nicht geben kann, denn, sich zu etwas Vertretbarem zu bekennen, schliesst mdst. bis zu einem gewissen Grade die &#8222;Freiheit&#8220; zu etwas anderem aus.<\/p>\n\n\n\n<p>Freilich, um zu etwas gef\u00fchlt Vertretbarem finden zu k\u00f6nnen, ist grunds\u00e4tzliche Freiheit des Denkens, F\u00fchlens, Folgerns unabdingbar: (nur)deshalb muss man diese allen erm\u00f6glichen.<\/p>\n\n\n\n<p>Doch all diese Schlagworte bleiben inhaltslos, beliebig: jeder denkt, f\u00fchlt, folgert anders.<\/p>\n\n\n\n<p>Diesen Dissonanzen\/Konflikten entkommt niemand, der ehrlich,ernsthaft, also &#8222;frei&#8220; sein will- will er nicht ernsthaft und ehrlich sein, sondern nur seine &#8222;Meinung&#8220; vertreten und auf ihr &#8222;bestehen&#8220;,ist er nicht frei.<\/p>\n\n\n\n<p>Wie kann man dem n\u00e4her kommen, begegnen, was WIRKLICH bei jedem Einzelnen mit den Schlagworten &#8222;gemeint&#8220; ist, sich inhaltlich darin verbirgt ?<\/p>\n\n\n\n<p>Nur durch PERS\u00d6NLICHE, TIEFE BEGEGNUNG, durch das Begreifen,(kritische) Betrachten des eigenen Individuums,und des anderer.<\/p>\n\n\n\n<p>Und, aber, genau das ist das gr\u00f6\u00dfte TABU in all dieser Geschw\u00e4tzigkeit,der in den Schlagworten mainifestierten Unfreiheit: <strong>PERS\u00d6NLICH<\/strong> zu werden, nicht zu phrasieren,sondern jemandem (&#8222;zu&#8220;&#8220;) NAHE zu kommen: DAS &#8222;macht man doch nicht&#8220;&#8230;<\/p>\n\n\n\n<p>Aber erst dann erf\u00fchre man, z.B., was der Klimakleber eigentlich hinter Aktivismus verbirgt,&#8220;meint&#8220;- oder der &#8222;\u00fcberzeugte&#8220; Fossil-Fan, oder warum sich jemand aversiv gegen die Aufnahme von Information auff\u00fchrt, usw.<\/p>\n\n\n\n<p>Erst das Brechen dieses Tabus kann &#8222;Freiheit&#8220; er\u00f6ffnen.<\/p>\n\n\n\n<p><strong>&#8212; <\/strong>03<strong>.<\/strong><strong>VORSPIEL<\/strong><strong>:<br><\/strong><strong>Accu-T\u00f6ffT\u00f6ffs und E-Fuels:<\/strong><\/p>\n\n\n\n<p><strong>Wenn die Einw\u00e4nde (vor allem der FDP) in der \u201eVerkehrswende\u201c zu \u201ekritisieren\u201c&nbsp; versucht werden, f\u00e4llt zum Beispiel auf:<\/strong><\/p>\n\n\n\n<p><strong>&#8211; das \u201eUmweltbundesamt\u201c (sicher ganz \u201eneutral\u201c, \u201eobjektiv\u201c, \u201ewissenschaftlich\u201c und nirgends politisch besetzt)\u00a0 zieht bei seinen Vor- und Berechnungen den Verbrauch der Kfz-Flotte von 2018 heran, die Autos sind allerdings l\u00e4ngst erheblich verbessert, was Aussto\u00df und Verbrauch betrifft.<br>Niemand w\u00fcrde bei aktuellen Prognosen des allgemeinen Stromverbrauchs von PCs solche von 2018 heranziehen, deren Verbrauch gro\u00dfenteils um zwei Drittel geringer liegt als vor Jahren \u2013 aber es w\u00fcrde kaum verwundern, da \u201eBundesbeh\u00f6rden\u201c noch Windows 7 und PCs von 2015 verwenden.<br><br>&#8211; Das \u201eUmweltbundesamt\u201c unterstellt eine Verlagerung des Verkehrs von den Autobahnen auf die 3-mal t\u00f6dlicheren Landstra\u00dfen: das kann nur als verantwortungslos bezeichnet werden, und d\u00fcrfte die Opferzahlen sofort erh\u00f6hen.<br><br>&#8211; \u201eDer Schienenverkehr\u201c\/ \u201eDie Bahn\u201c braucht Infrastruktur &#8211; insbesondere auch Tunnel und Br\u00fccken &#8211; aus Stahl und Beton mehr als es f\u00fcr Stra\u00dfen, etwa wegen deren geringeren Gef\u00e4llen, ben\u00f6tigt wird.<br>\u201eKlimaneutral\u201c d\u00fcrfte das eher nicht sein; es wird aber gerne vergessen, ebenso wie, dass man mit \u201e9-\/29-\/49- Euro\u201c \u2013 Tickets weder das noch bestimmte Qualit\u00e4tsanspr\u00fcche, garantierte Zeittakte mit entsprechenden Fahrgastrechten auch nur ann\u00e4hernd finanzieren kann.<br><br>Das Pferd wird vollkommen von hinten aufgezogen.<br>&#8211; \u201eE-Fuels\u201c soll angeblich \u201enicht die Zukunft\u201c geh\u00f6ren.<br>Da kann man NUR NOCH LACHEN.<\/strong><\/p>\n\n\n\n<p><strong>Wie w\u00e4re es schon mal mit der Gegenwart?<br>Porsche und andere produzieren l\u00e4ngst, und eine Beimischung von nur 10% h\u00e4tte bei 44 Mio Verbrennern alleine in Deutschland einen riesigen Effekt:<br>von den ERZ-LOBBYISTEN der \u201eGr\u00fcnen\u201c aus ideologischen Gr\u00fcnden nicht gewollt.<br><br>DESHALB verbohren sich BEAMTETE ERZ-LOBBYISTEN wie \u201ePatrik Graichen\u201c SO SEHR in \u201eVERBOTE\u201c: sie sp\u00fcren, dass DIE ZEIT DR\u00c4NGT, bevor ihre W\u00e4rmep\u00fcmpchen und ihr ganzer anderer LOBBYISTEN-SCHNICKSCHNACK als D\u00dcMMLICHES, INEFFIZIENTES, WEITHIN \u2013 ZU RECHT ! \u2013 ABGELEHNTES NISCHEN-Produkt VOLLENDS DEUTLICH wird.<br><\/strong><strong><br>&#8211; \u201eNur E-Autos retten das Klima\u201c \u2013 nur leider in den n\u00e4chsten Jahrzehnten nicht ohne Nuklearenergie \u2013 diese aber wird \u201eabgeschaltet\u201c\u201c: aus REIN IDEOLOGISCHEN \u201eGr\u00fcnden\u201c.<br>Die \u201e\u00fcbrige Welt\u201c sch\u00fcttelt \u00fcber all das nur den Kopf. <\/strong><strong><\/strong><\/p>\n\n\n\n<p><strong>&#8212; <\/strong>04<strong>.<\/strong><strong><em><u>HAUPTSPIEL<\/u><\/em><\/strong><strong>:<br>HERR HABECK zu HABECK<\/strong><strong> und die erz-reaktion\u00e4re <\/strong><strong>PREUSSISCHE OBRIGKEITSSTAATS<\/strong><strong>&#8211; <\/strong><strong>POLITIK<\/strong><strong> der \u201eAnti-Faschisten\u201c und \u201eAnti-Lobbyisten\u201c<\/strong><\/p>\n\n\n\n<p><strong>Nie habe ich es verstehen k\u00f6nnen, wieso man sich \u00fcber so genannte \u201eLobbyisten\u201c ereifern kann. So genannte \u201eLobbyisten\u201c sind Interessenvertreter,&nbsp; Produktvertreter, um eine Sache Werbende usw., auf deren Werbung man eingehen und sich mit der Sache oder dem Produkt besch\u00e4ftigen, und deren Sache man f\u00f6rdern oder das Produkt erwerben kann, wenn es \u00dcBERZEUGT \u2013 oder auch NICHT.<br>So wie bei anderer Werbung auch.<\/strong><\/p>\n\n\n\n<p><strong>Wenn die Sache\/das Produkt NICHT \u00fcberzeugt, kauft man es einfach nicht und f\u00f6rdert es nicht. Punkt.<br>Was DARAN \u201everwerflich\u201c oder gar zu \u201eVERBIETEN\u201c sein soll, bleibt v\u00f6llig unerfindlich.<\/strong><\/p>\n\n\n\n<p><strong>Die selbst ernannten \u201e<em>Lobbyismus<\/em>&#8211;<em>Kritiker<\/em>\u201c sind wiederum aber l\u00e4cherlicher und bezeichnender Weise solche, die SELBST geradezu unertr\u00e4gliche, <em>MANISCHE Lobbyisten in ihrer Sache<\/em> sind und selbst solche besch\u00e4ftigen, dies aber gar nicht bemerken, weil sie \u2013 anders als andere Lobbyisten, die sich sehr gut auf dem Markt der M\u00f6glichkeiten und auch den Schw\u00e4chen ihrer eigenen Produkte oder Anliegen auskennen und sich mit Kritik BESCH\u00c4FTIGEN und die Sache und die Produkte grunds\u00e4tzlich VERBESSERN wollen \u2013 <em>KRITIKUNF\u00c4HIG <\/em>&nbsp;\u2013 man kann auch sagen: <em><u>TOTALIT\u00c4R<\/u><\/em> \u2013 sind und ihre Sache per se f\u00fcr \u201eDas Gute\u201c, das \u201e<em><u>Nicht zu Hinterfra<\/u>g<u>ende<\/u><\/em>\u201c ausgeben.<\/strong><\/p>\n\n\n\n<p><strong>Kritik daran wird nicht zugelassen, die Welt wird&nbsp; in \u201eGut\u201c\/\u201cB\u00f6se\u201c-\u201eSchwarz\u201c\/\u201cWeiss\u201c eingeteilt, es wird nicht KRITISCH zu betrachten und zu erfassen versucht, OB, WANN, WIE ein Anliegen oder ein Produkt TATS\u00c4CHLICH \u201edas Beste\u201c sein\/werden kann oder keine ernsthafte Kritik (mehr) daran erkennbar erscheint: was eben i.d.R. nur DANN entstehen kann, WENN ein Anliegen oder Produkt sich DER KRITIK GESTELLT hat und DURCH SIE HINDURCH GEGANGEN ist.<\/strong><\/p>\n\n\n\n<p><strong>All dies aber versuchen die Lobbyisten, die von sich behaupten, sie seien keine, zu VERHINDERN und zu UMGEHEN.<br><br>Aber \u201eDas Volk\u201c ist eben doch nicht ganz so doof, wie die PSEUDO-\u201eNICHT\u201c-Lobbyisten das gerne h\u00e4tten. Diese SIND und BLEIBEN komplett LERUNF\u00c4HIG: die Wahl-KLATSCHEN der \u201eGr\u00fcnen\u201c und der SED\/\u201cLinke\u201c etwa in Berlin fassen diese nicht als Quittung f\u00fcr ihre weithin UNERW\u00dcNSCHTE \u201ePolitik\u201c auf, sondern als Zeichen daf\u00fcr, dass \u201edas Volk indoktriniert\u201c, \u201er\u00fcckst\u00e4ndig\u201c und \u201enoch nicht so weit\u201c sei wie sie f\u00fcr den \u201e<em><u>GROSSEN MARSCH<\/u><\/em>\u201c ihrer GROSSEN VORSITZENDEN !<\/strong><\/p>\n\n\n\n<p><strong>Die M\u00f6glichkeit, dass \u201edas Volk\u201c \u00fcberhaupt nicht \u201egegen Erneuerbare\u201c sein k\u00f6nnte, sondern die Unausgegorenheit der ihnen daf\u00fcr zwangs-verordneten Produkte, Verordnungen und VERBOTE zu Recht wahrnehmen k\u00f6nnte, darf nicht vorkommen, das kommt in den K\u00f6pfen totalit\u00e4r \u2013 also nicht Argumente fundierter \u2013 \u201e\u00fcberzeugter\u201c Doktrin\u00e4re nicht vor.&nbsp;<br><br>Ein typisches Anzeichen f\u00fcr LOBBYISMUS der allermiesesten Sorte : Interessenvertreter f\u00fcr SICH SELBST, NICHT im Sinne der \u201eNutzer\u201c und F\u00dcR diese, f\u00fcr das BESTM\u00d6GLICHE Anliegen oder Produkt, sondern GEGEN die \u201eNutzer\u201c, GEGEN die B\u00fcrger.<br><br>Solarthermie oder Photovoltaik z.B. \u00fcberzeugen die B\u00fcrger grunds\u00e4tzlich \u2013 aber sie bemerken nat\u00fcrlich die erheblichen <\/strong><strong><em>NACHTEILE<\/em><\/strong><strong>: insbesondere die weiterhin v\u00f6llig ungen\u00fcgende Langzeit-Energie- Speicherung \u2026<\/strong><\/p>\n\n\n\n<p><strong>\u2026 in Jahrzehnten der \u201eSolar-F\u00f6rderung\u201c wurde dieses GRUND-PROBLEM noch immer nicht angegangen: \u201ewarum auch\u201c, wenn die Solarenergie zuerst BESINNUNGSLOS gepusht und gef\u00f6rdert und dann \u201eabgeschmolzen\u201c und \u201enach China verlagert\u201c wurde, sprich: der Solarindustrie wurde Kapital entzogen statt dass ihr QUALIT\u00c4TSVORGABEN gemacht wurden, f\u00fcr und bei deren ERF\u00dcLLUNG Kapital zur Verf\u00fcgung gestellt werden w\u00fcrde.<br><br>\u00c4HNLICH bei dem \u201e29-\/49-Euro-Ticket\u201c: hiermit werden sowohl den Betreibern Einnahmen entzogen wie auch \u201estaatliches Geld\u201c in den Verkehrssektor gepumpt wird &#8211; aber OHNE KLARES, EINFORDERBARES, FESTGELEGTES ZIEL, ohne SINN, VERSTAND, OHNE FAHRGASTRECHTE, OHNE QUALIT\u00c4TS-VORGABEN: dabei KANN NICHTS in irgendeiner Weise \u201eVern\u00fcnftiges\u201c herauskommen, wenn Geld von WIRTSCHAFTSFEINDLICHEN, \u00d6KONOMIE-FREMDEN Kr\u00e4ften und \u201edem Staat\u201c in etwas hineingepumpt wird ohne VORGABEN dazu, wie das hineingepumpte Geld sich wieder amortisieren k\u00f6nnte durch \u00dcBERZEUGENDE, NICHT \u201eBILLIGE\u201c Angebote !<br><\/strong><strong><br><\/strong><strong>Bei der Solarthermie und der Photovoltaik z.B. GIBT es tats\u00e4chlich \u00fcberzeugende LANGZEIT- Energie- Speicher- L\u00f6sungen, doch sie sind noch \u201eSAU\u201cTEUER, mehrere Zehntausend Euro \u2013 UND, \u201eaber\u201c: sie arbeiten auf WASSERSTOFF-Basis.<\/strong><\/p>\n\n\n\n<p><strong>Doch WASSERSTOFF und alles damit Zusammenh\u00e4ngende wie Hybridgas oder E-Fuels geh\u00f6rt NICHT zu dem von der \u201eRegierung\u201c, den selbst ernannten \u201eKLIMA-LOBBYISTEN\u201c Gef\u00f6rderten, sondern dies wird zum FEIND erkl\u00e4rt, \u201eweil\u201c E-Fuels und Wasserstoff-Anwendungen zur Bezahlbarkeit, Anwendung und Distribution letztlich NUR von entsprechend KAPITALstarken \u201eGro\u00dfkapitalisten\u201c entwickelt und vorangebracht werden k\u00f6nnen: also von den ERKL\u00c4RTEN \u201eFeinden\u201c der selbst ernannten \u201eKlima-LOBBYISTEN\u201c, inclusive der vom WIRTSCHAFTSFERNEN \u201eWirtschafts\u201c-Minister in seinem Ministerium eingeschleusten HARDCORE- LOBBYISTEN der \u201eW\u00c4RMEPUMPEN\u201c-Industrie.<br><\/strong><strong><br><\/strong><strong>Diese wollen das Gasnetz nicht WEITERENTWICKELN und UMGESTALTEN<\/strong><strong>, sondern ZERST\u00d6REN, \u201eabwickeln\u201c.<br>Dass erhebliche Teile der Industrie ohne Gas \u00fcberhaupt nicht produzieren k\u00f6nnen ? Interessiert den \u201eWirtschafts\u201c-Minister nicht.<br>Dass eine Umr\u00fcstung von Gasthermen und Gasnetz auf Hybridgase vor allem die B\u00fcrger und Gasthermen-Betreiber VIEL WENIGER kostet als der \u201eAlternativlos\u201c2.0-ZWANGSUMSTIEG auf \u201eW\u00e4rmepumpen\u201c ?<br>Interessiert den \u201eWirtschaftsminister\u201c nicht ! Er versucht die B\u00fcrger zu k\u00f6dern \u2013 klar ausgedr\u00fcckt: zu BESCHE*SSEN \u2013 mit angeblichen \u201eF\u00f6rderungen\u201c, die zudem noch an DAS EINKOMMEN GEKOPPELT sein sollen : d.h. also, \u201ereiche\u201c Vermieter erhalten KEINE F\u00f6rderung, da sie das ja angeblich \u201eselbst bezahlen\u201c k\u00f6nnen sollen \u2013 daf\u00fcr d\u00fcrfen sie aber \u201eStrafzahlungen\u201c leisten wenn sie es sich, WIE FAST ALLE, NICHT \u201eleisten\u201c K\u00d6NNEN, denn schon in Neubauten kosten (etwa zehn bis zw\u00f6lf Jahre haltbare) P\u00fcmpchen um die 20.000 \u2013 30.000 Euro, in \u201eBestandsbauten\u201c k\u00f6nnen je nach Gr\u00f6\u00dfe und incl. aller erforderlichen Umbauten deutlich \u00fcber 100.000 Euro entstehen : WER soll, kann DAS bezahlen ??<br><br>Und darin ist noch nicht mal der Strom inbegriffen, der allt\u00e4glich f\u00fcr W\u00e4rmepumpen anf\u00e4llt \u2013 \u201eeffizient\u201c sind diese letztlich h\u00f6chstens mit eigener PV(-Solar-)Anlage \u2026! \u2026 Problem HIER, sh. oben: die LANGZEIT-Speicherung \u2026<br><br>All diese Kosten f\u00fcr \u201eW\u00e4rmepumpen\u201c K\u00d6NNEN NUR in MILLIARDEN-GR\u00c4BERN landen und unz\u00e4hlige Hausbesitzer, die NIE W\u00e4rmepumpen wollten, mit diesen ineffizienten, im Betrieb teuren Dingern zur\u00fccklassen.<\/strong><\/p>\n\n\n\n<p><strong>Das angebliche politische Ziel und deren Mittel UNTERSCHEIDEN<\/strong><strong>, ja WIDERSPRECHEN sich: das Ziel soll eine <em><u>Befreiun<\/u>g<\/em> oder Erleichterung von Natur und Mensch von den Folgen des Verbrauchs problematischer Energieformen sein \u2013 doch die Mittel sind ANTI-FREIHEITLICH, TOTALIT\u00c4R und REPRESSIV.<br><br>WARUM also b\u00fcrdet der \u201eWirtschaftsminister\u201c dem \u201eVOLK\u201c all diese SINNLOSEN KOSTEN auf ? WARUM f\u00f6rdert er nicht stattdessen in ALLERMASSIVSTER WEISE die WASSERSTOFF-Technologie, wo doch Deutschland (noch) bei deren Entwicklung seit Langem die Nummer Eins ist, und wo zahlreiche andere FORTSCHRITTLICH denkende und handelnde \u2013 \u201eaber\u201c kapitalistische &#8211; L\u00e4nder l\u00e4ngst diese Technologien massiv f\u00f6rdern, die dann teuer in Qatar, Australien, Kanada eingekauft werden \u2026?<br>Stattdessen wird Wasserstoff \u2013 der greifbaren Realit\u00e4t deutlich widersprechend \u2013 <\/strong><strong><em><u>HERUNTERGESCHRIEBEN<\/u><\/em><\/strong><strong> als \u201eIllusion\u201c \u2026 <em>GENAU SO wie NOCH VOR ZEHN JAHREN dieSELBEN, EXAKT DIESELBEN selbst ernannten \u201eKlima-Aktivisten\u201c DAS E-AUTO gnadenlos HERUNTERGESCHRIEBEN hatten mit teils denselben Worth\u00fclsen: \u201eIllusion\u201c, \u201ekann niemals Verbrenner ersetzen\u201c, \u201eineffizient\u201c usw. usf.<\/em><\/strong><\/p>\n\n\n\n<p><strong>Doch den \u201eKlima-Aktivisten\u201c WILL dies nicht auffallen \u2013 denn ihre Zielrichtung ist ja \u2013 so wie 2013 \u201egegen das E-Auto\u201c \u2013 in 2023 NICHT eine f\u00fcr DEN B\u00dcRGER BESSERE und fossilfreiere Versorgung, sondern ihre Zielrichtung ist AUSSCHLIESSLICH und ALLEIN die ZERST\u00d6RUNG der Industrie, des Unternehmertums, des Kapitalismus, ihr Ziel ist DER SOZIALISMUS, die \u201eStaats\u201c-\u201eWirtschaft\u201c.<br><\/strong><strong><br><\/strong><strong>Bei all dieser DUMMHEIT wagen es Personen \u00e0 la Ricarda Breit-wie-Lang (o.\u00e4.?) auch noch, die \u201eGr\u00fcnen\u201c als \u201eNeue Wirtschaftspartei\u201c zu behaupten \u2026!<br><\/strong><strong><br><\/strong><strong>Bei der Dame, bei welcher Herr Habeck stets einen ORG*SMUS zu bekommen scheint \u2013 \u00fcberraschender Weise nicht Ricarda, sondern die \u201e\u00d6konomin\u201c Mariana Mazzucato \u2013, die davon schreibt, \u201eder Staat\u201c m\u00fcsse als \u201eordnende unterst\u00fctzende Kraft\u201c (wieder) \u201emehr Verantwortung \u00fcbernehmen\u201c, \u201e\u00fcbersieht\u201c Habeck, dass die \u201eIdeen\u201c dieser Dame mit ihrer ANGEBLICH \u201e<\/strong><strong>neuen\u201c, \u201eAngebots orientierten\u201c Wirtschaftstheorie jedoch so gut wie ausschliesslich aus KERN-INNOVATIVEN, GRUNDS\u00c4TZLICH \u201eWIRTSCHAFTSFREUNDLICHEN\u201c Staaten wie etwa Israel, USA, Australien, Japan oder auch China stammen und dort angewendet werden K\u00d6NNEN, weil die Staaten und Menschen dort eben NICHT \u201ekapitalismuskritisch\u201c und wirtschaftsfeindlich SIND ! \u2013 so wie es leider fast alle \u201eW\u00e4hler\u201c der \u201eGr\u00fcnen\u201c sind.<br><br>Diese Ideen kommen NICHT aus einem DOITSCHEN Staat, der unver\u00e4ndert vom Preu\u00dfentum, dem GEHORSAM, das OBRIGKEITS-\u201eDenken\u201c, der ANTI-INDIVIDUALISMUS gezeichnet ist:<\/strong><\/p>\n\n\n\n<p><strong>Habeck und die selbst ernannten \u201eFortschritts\u201c-Parteien wollen also von gesellschaftlich krasser R\u00dcCKSCHRITTLICHKEIT profitieren, vom GEHORSAMS- und GEMEINSCHAFTS-\u201eDenken\u201c, das neben SED\/\u201cLinke\u201c in KEINER \u201ePartei\u201c \u2013 nicht mal der \u201eAfD\u201c \u2013 so EXTREM VIRULENT ist wie bei den ERZ-\u201eProtestantischen\u201c \u201eGr\u00fcnen\u201c.<br>Die CDU ist ein INNOVATIONSPOOL dagegen !<br><br>Auch \u201emeint\u201c Habeck von der leider allerdings unterentwickelten Risikofreude deutscher Unternehmer profitieren zu&nbsp; k\u00f6nnen, insbesondere aber von der NICHT VORHANDENEN INNOVATIONSF\u00c4HIGKEIT des DOITSCHEN STAATES und seiner Gehorsams-\u201eBeamten\u201c wie z.B. auch \u201ePatrik Graichen\u201c.<br><br>Ein KLUMPEN, der die Dysfunktionalit\u00e4t von Bundeswehr oder Bahn AG, den praktisch bei Null zu verortenden &nbsp;Digitalisierungsgrad staatlicher Administration usw. usf. zu verantworten hat, soll als Modernisierungstreiber fungieren ??????<\/strong><\/p>\n\n\n\n<p><strong>Mit Faxger\u00e4t und Leitz-Ordner, mit \u201eFinanz\u00e4mtern\u201c, die gem\u00e4\u00df Befehl und Gehorsam funktionieren, und in gleicher Weise dem B\u00fcrger begegnen ????? HAHAHAHAHAHAHAHA !!!!!<\/strong><\/p>\n\n\n\n<p><strong>Dann k\u00f6nnte ich ja mit einem Drei-Gang-Rad auch bei der Tour de France antreten, ja ?<br><br>STATT diese strukturelle Innovationsunf\u00e4higkeit des deutschen Staates und Deutschlands GNADENLOS anzugehen, setzen sie \u2013 WIE eben ein (preu\u00dfischer) OBRIGKEITSSTAAT \u2013&nbsp; auf STRAFE und VERBOTE: TYPISCH f\u00fcr ALLE, die NICHT WISSEN WOLLEN (da sie ja KEINE Erfahrung in der \u201eFreien Wirtschaft\u201c HABEN), dass alle wirklichen Innovationen die Kraft haben, sich von alleine durchzusetzen, und es daher GIFT f\u00fcr die FREIHEIT sein MUSS, Technologien zu f\u00f6rdern, die ansonsten sich kaum jemand freiwillig zulegen w\u00fcrde.<br>Die PFLICHT eines nicht der Realit\u00e4t entr\u00fcckten \u201eWirtschafts\u201c-Ministers eines FREIEN Landes w\u00e4re es, dem nachzusp\u00fcren, WAS im \u201eVolk\u201c und von den \u201eNutzern\u201c ANGENOMMEN wird, was ihnen und dem Land langfristig Vorteile bringt, was f\u00fcr den \u201eEndverbraucher\u201c ATTRAKTIV und leicht anwendbar ist: die \u201eW\u00e4rmepumpe\u201c&nbsp; z.B. ist davon WEIT ENTFERNT.<\/strong><\/p>\n\n\n\n<p><strong>Jedoch <\/strong><strong><em>diffamieren<\/em><\/strong><strong> Habeck und sein Hofstaat plus Gefolge die vollkommen nachvollziehbare Ablehnung der W\u00e4rmep\u00fcmpchen als \u201eAblehnung der \u201aEnergiewende\u2018\u201c.<\/strong><\/p>\n\n\n\n<p><strong>FAZIT: bei Habeck+Co. ist es VERBOTEN, die Nachteile der \u201eW\u00e4rmepumpe\u201c auszusprechen, die NIEMALS Gas- oder \u00d6l-Heizungen ersetzen kann: im Vergleich zu teuer, ineffizient, nicht universal einsetzbar, geringe Haltbarkeit.<br>Viele Unternehmen k\u00f6nnen nicht ohne Gas produzieren, ich kenne kein Restaurant, das nicht mit Gas zubereitet,etc.: interessiert s\u00e4mtlich den \u201eWirtschafts\u201c-Minister nicht.<br>Man kann NUR zu dem EINDEUTIGEN Ergebnis kommen, dass es f\u00fcr die \u201eNachhaltigkeit\u201c WESENTLICH SINNVOLLER ist, MASSIV Hybridgas-Technologie (Wasserstoff,Biogas)zu f\u00f6rdern, \u201eW\u00e4rmepumpe\u201c Nischen-Produkt bleiben zu lassen.<br>WARUM also will Habeck das Gasnetz ZERST\u00d6REN, warum wollen seine Lobbyisten es so ?<\/strong><strong><\/strong><\/p>\n\n\n\n<p><strong>\u201eWegen\u201c ihres HASSES auf \u201eden Kapitalismus\u201c, \u201edie Wirtschaft\u201c.<\/strong><\/p>\n\n\n\n<p><strong>DESHALB jubeln selbst ernannte \u201eAnti-Faschisten\u201c zu erz-reaktion\u00e4rer preu\u00dfischer \u201eOrdnungs\u201c- und VERBOTS-Politik.<\/strong><\/p>\n\n\n\n<p><strong>Es geht KLAR um IDEOLOGIE, NICHT um das BESTM\u00d6GLICHE.<\/strong><\/p>\n\n\n\n<p><strong>Es geht KEINESFALLS um irgendeine Verneinung der Notwendigkeit, regenerative und fossilarme\/-freie Technologen und Energien zu f\u00f6rdern und zu bevorzugen \u2013 doch Habeck + Co.&nbsp; erweisen der Akzeptanz dieser unabweisbaren Notwendigkeit gerade einen B\u00e4rendienst.<br><\/strong><strong><br><\/strong><strong>Um daher zum Ausgangspunkt zur\u00fcckzukommen:<br>es ist nicht nachvollziehbar, weshalb \u201eLobbyismus\u201c bestraft, VERBOTEN werden soll. Werbung ist nichts Verwerfliches.<br><br>VERWERFLICH \u2013 aber auch nicht \u201estrafbar\u201c \u2013 ist ALLEIN: wenn ein von Lobbyisten Angesprochener ERKENNBAR nur EINEN Lobbyisten BEVORZUGT, ohne dass es aber daf\u00fcr unabweisbare GR\u00dcNDE gibt.<br>Ja, wenn ZUL\u00c4SSIGE, EINSEHBARE, BERECHTIGTE KRITIK geradezu VERBOTEN und BESTRAFT wird und, wenn eine von den \u201eVerantwortlichen\u201c und deren Lobbyisten DURCHGEDR\u00dcCKTE Technologie mit ERKENNBAREN, UNBESTREITBAREN SCHW\u00c4CHEN ZWANGSWEISE durchgedr\u00fcckt wird, und die BERECHTIGTE KRITIK als solche von \u201eBremsern\u201c, \u201eKlimawandelleugnern\u201c oder \u201eR\u00fcckschrittlichen\u201c DIFFAMIERT wird:<br>DANN ist KLAR, dass hier VERWERFLICHER \u2013 um nicht zu sagen: STRAFBARER \u2013 LOBBYISMUS vorliegen k\u00f6nnte, zum ERHEBLICHEN SCHADEN nicht nur der Volkswirtschaft, sondern gerade zum Schaden NACHHALTIGER und von den \u201eNutzern\u201c auch AKZEPTIERTER Technologien.<br><br>Es ist daher auch EGAL, ob Herr \u201ePatrik Graichen\u201c und die \u00fcbrigen Habeck-LOBBYISTEN \u201eGeld\u201c von den W\u00e4rmepumpen- Herstellen erhalten (haben): WENN das ERGEBNIS den Aufwand RECHTFERTGT, WAS sollte daran so SCHLIMM sein ?<br><br>VERWERFLICH ist nur, wenn UNTAUGLICHE und \u201evom Volk\u201c BERECHTIGT kritisierte, unausgegorene, kritikW\u00dcRDIGE Technologien als \u201ealternativlos\u201c DURCHGEDR\u00dcCKT werden: solche KRITIKUNF\u00c4HIGKEIT, solches KRITIK-VERBOT ist ERZ-ANTI-DEMOKRATISCH, ist TOTALIT\u00c4R, und DA sollte \u201edas Volk\u201c ZU RECHT HELLH\u00d6RIG werden und SOLCHE \u201eVolksvertreter\u201c ABW\u00c4HLEN und zum R\u00dcCKTRITT auffordern oder sie dazu ZWINGEN !!<br>NIEMAND braucht Habeck, aber ALLE brauchen (deutsche) profitable Unternehmen, Industrie, Ingenieure, Erfinder, die sich nicht fragw\u00fcrdige sch\u00e4dliche Technologien aufdr\u00fccken lassen.<br><br>GRUNDLEGENDE FRAGEN werden bei Habecks \u201eHandeln\u201c gar NICHT mehr GESTELLT \u2013 OB z.B. eine Ma\u00dfnahme :<\/strong><strong><br>a) technisch in jedem Fall umsetzbar ist<br>b) ob es ausreichende Planungskapazit\u00e4ten, und<br>c) Material in ausreichender Menge gibt<br>d) ob gen\u00fcgend Menschen zur Ausf\u00fchrung von Auftr\u00e4gen innerhalb des Zeitfensters vorhanden sind<br>e) ob der finanzielle Aufwand im Verh\u00e4ltnis zum Zusatznutzen steht<br><br>Doch OHNE solche Fragen jemals ERNSTHAFT gestellt zu haben, ORDNET der \u201eWirtschafts\u201c-Minister AN, wedelt mit L\u00c4CHERLICHEN \u201eF\u00f6rderungs\u201c-Betr\u00e4gen und DROHT mit \u201eStraf\u201c-Zahlungen.<br><br>DAS ist ORIGINAL \u201eDDR 2.0\u201c, DAS ist STAATSKAPITALISMUS (der schon mit \u201eSozialismus\u201c gar nichts zu tun hat).<br><br>DENN: WAS ist das ERGEBNIS des HANDELNS dieser selbsternannten \u201eNeue Wirtschafts\u201c- Partei \u2026??<br><br>Wenn ich heute nach einer W\u00e4rmepumpe suche, dann komme ich z.B. auf Daikin, NICHT \u201eViessmann\u201c.<\/strong><\/p>\n\n\n\n<p><strong>Daikin hat viel mehr Erfahrung, viel mehr DIVERSIT\u00c4T in seinen Produkten \u2013 und ist nicht zuletzt: erheblich g\u00fcnstiger im Preis \u2026<br>WARUM wohl wird \u00fcberall \u201eViessmann\u201c u.a. gehypt und genannt, aber \u2013 von der \u201eAnti-Rassismus\u201c- und \u201ePro-Einwanderungs\u201c(-aber \u201eAnti-Gentrifizierungs\u201c-)-Partei \u2013 nirgends \u201eausl\u00e4ndische Anbieter\u201c \u2026?<br><br>Wenn ich nach einem Auto suche, komme ich auf Hyundai oder BYD.<br>Bei Fernsehern, Computern, Sp\u00fclmaschinen, Handys, Kameras, Waschmaschinen \u2026 NA\u2026? KLINGELT\u00b4S ??<br><\/strong><\/p>\n\n\n\n<p><strong>OFFENBAR NICHT.<br>Sonst w\u00fcrde diese \u201eNeue Wirtschafts-Partei\u201c nicht \u201e30 Prozent und mehr W\u00e4hlerpotential\u201c haben.<\/strong><\/p>\n\n\n\n<p><strong>Ich habe die \u201eGr\u00fcnen\u201c Jahrzehnte lang \u201egew\u00e4hlt\u201c, als \u201eAlternative\u201c zur reaktion\u00e4ren Br\u00e4sigkeit und R\u00fcckst\u00e4ndigkeit der Adenauer-Helmut-Schmidt-Kohl-Republik, weil z.B. die FDP zu verlogen war.<br><\/strong><\/p>\n\n\n\n<p><strong>Doch seit sp\u00e4testens 2015, seit sie zu immer mehr Macht kamen, muss sich JEDEM zeigen, dass \u2013 der EINZIGE Punkt, in dem ich mit Sahra W. \u00fcbereinstimmen muss \u2013 die \u201eGr\u00fcnen\u201c in der Tat jetzt die \u201eGEF\u00c4HRLICHSTE PARTEI DEUTSCHLANDS\u201c SIND.<br><\/strong><\/p>\n\n\n\n<p><strong>Habeck+Co. m\u00f6gen gem\u00e4\u00df oberfl\u00e4chlicher Definition &#8222;F\u00fchrungs&#8220;-&#8222;Elite&#8220; sein.<br>Im Sinne einer QUALIFIKATIONS-Definition sind sie alle UNFASSBAR UNF\u00c4HIGE NICHTSNUTZIGE NIETEN, welche Deutschland auf Jahrzehnte zur\u00fcckwerfen, mit KATASTROPHALEM UNVERM\u00d6GEN.<\/strong><\/p>\n\n\n\n<p><strong>Wer SOWAS \u201ew\u00e4hlt\u201c, der hat nichts Besseres verdient als den UNTERGANG.<\/strong><\/p>\n\n\n\n<p><strong>WENN es eine \u201eRevolution\u201c geben m\u00fcsste, \u201eFFF\u201c, \u201eKlima-Aktivisten\u201c +Co., DANN eine, die diese KOMPLETT UNF\u00c4HIGEN von S\u00c4MTLICHEN \u201e\u00c4mtern\u201c F\u00dcR ALLE ZEITEN ENTFERNTE.<\/strong><\/p>\n\n\n\n<p><strong>&#8212; <\/strong>05<strong>.<\/strong><strong>NACHSPIEL:<br><\/strong><strong>Der \u201eFall\u201c\u00a0 Maa\u00dfen:<\/strong><\/p>\n\n\n\n<p>Grunds\u00e4tzlich ist nichts dagegen zu sagen bzw. ist es nicht auszuschliessen, jemanden aus \u201eParteien\u201c o.a. Gemeinschaften auszuschliessen.<\/p>\n\n\n\n<p>In einem demokratischen Rechtsstaat mit grunds\u00e4tzlicher Denkfreiheit sollte die Latte hierf\u00fcr aber ziemlich hoch h\u00e4ngen.<\/p>\n\n\n\n<p>Die \u201eF\u00e4lle\u201c Schr\u00f6der oder Palmer haben jedoch leider gezeigt, wie tief die Latte bei doitschen \u201eParteien\u201c hierbei h\u00e4ngt : nicht \u201etrotz\u201c zweier totalit\u00e4rer Systeme, sondern WEGEN ihnen, WEGEN der unver\u00e4ndert und in GEF\u00c4HRLICHER Weise UNVERARBEITETEN Folgen, die sich f\u00fcr jeden Aufmerksamen in jeglichem Alltag sp\u00fcrbar zeigen.<br><br>Der \u201eFall Sarrazin\u201c \u2013 welcher sich als Hobby-Ethnologe vollst\u00e4ndig vergaloppiert hatte \u2013 zeigt zu Ungunsten der SPD ungeachtet der Merkw\u00fcrdigkeiten des Sarrazin auf, dass es offensichtlich weiterhin in \u201elinken\u201c Parteien unm\u00f6glich ist, \u201eschwierige\u201c oder \u201eTabu\u201c-Themen inhaltlich und Argument gest\u00fctzt \u00fcberhaupt zu f\u00fchren, was wiederum unausweichlich Krawallmacher, Unbelehrbare, aber auch Ausgrenzung provoziert, mit der Verhinderung jeglichen Ergebnisses und vor allem der fortlaufenden St\u00e4rkung gerade der selbst ernannten \u201eGegner\u201c von \u201eR\u00e4\u00e4\u00e4chts\u201c.<br><br>\u201eBeispielhaft\u201c zu studieren auch am \u201eFall Maa\u00dfen\u201c.<br><\/p>\n\n\n\n<p>Was Herrn Maa\u00dfen eigentlich vorgeworfen wird, werden soll oder angeblich werden kann\u2026?<br>NIEMAND &#8211; den ich gefragt habe &#8211; WEISS ES, NIEMAND ist in der Lage, es zu erkl\u00e4ren, DENN: es kommt in der Diskussion praktisch nicht vor &#8211; niemand wei\u00df es, und \u201eFranca Lehfeldt\u201c \u2013 leicht \u00fcberdrehte Gef\u00e4hrtin eines angeblich \u201eliberalen\u201c deutschen Parteivorsitzenden &#8211; konnte bzw. wollte es in ihrem erb\u00e4rmlichen \u201eInterview\u201c auf &#8222;WELT TV&#8220; als Teil eines blond-br\u00fcnetten M\u00c4DCHEN-Duos nicht erhellen, es \u00fcbersteigt den Kreischziegen- Horizont und \u201eJournalisten\u201c, die st\u00e4ndig nach Gelegenheiten suchen, sich erb\u00f6tig gegen\u00fcber dem geforderten \u201emainstream\u201c zu erweisen.<br><br><em>Allen Ernstes werden Maa\u00dfen<\/em> \u201e<em>rassistische<\/em>\u201c oder \u201e<em>antisemitische<\/em>\u201c <em>\u00c4usserungen unterstellt<\/em> &#8211; <em>dabei hat er sich gerade mit unbestreitbar rassistischen Auslassungen eines<\/em> \u201e<em>Linken<\/em>\u201c <em>befasst und diese kritisiert<\/em>.<\/p>\n\n\n\n<p>Antisemitischen und \u201enational\u201c-sozialistischen, also AfD- Beiklang haben seine Bezeichnungen, es gebe \u201eVerschw\u00f6rungen\u201c so genannter \u201eGlobalisten\u201c, einen \u201e\u00d6kosozialismus\u201c zu \u201einstallieren\u201c.<br>Da kann ich nur sagen: <strong>WENN<\/strong> es doch (\u201enur\u201c)so <strong>W\u00c4RE<\/strong> \u2026!<br><br>Es ist nur leider <strong>VIEL SCHLIMMER<\/strong>: nach 16 Jahren Herrschaft in der CDU einer geistig\/seelisch minderbemittelten OSSI-Gouvernante mit Kleinkinder-\u201eErkl\u00e4r\u201c-Diktion sind die hier handelnden \u201eGlobalisten\u201c doch VIEL zu <strong><em>VERBL\u00d6DET<\/em><\/strong>, um &#8222;Verschw\u00f6rungen&#8220; anzuleiern &#8211; sie haben ja sogar ge-<strong>GLAUBT<\/strong>, mit dem Putin-Verbrecher sei &#8222;Wandel durch Handel&#8220; m\u00f6glich -, sie sind doch vielmehr schlichtweg zu NAIV gegen\u00fcber \u201elinkem Mainstream\u201c und meinen offenbar, DESSEN Geraune des \u201e(\u00f6kologischen)Internationalismus\u201c, der den Kapitalismus &#8211; welcher gerade als Einziger dauerhaft in der Lage ist dazu, weltweit regenerative\/ fossilfreie Energien zu entwickeln und verf\u00fcgbar zu machen &#8211; weltweit vernichten will, brauche man nicht weiter ernst zu nehmen und man m\u00fcsse dagegen nicht offensiv vorgehen:<br>w\u00e4hrend \u201eSprecher\u201c der \u201eKlimaaktivisten\u201c im Deutschen Fernsehen offenherzig von \u201eKlimar\u00e4ten\u201c\/ R\u00e4tediktatur schwadronieren, behauptet der *jetzige* \u201eVerfassungsschutz\u201c-Pr\u00e4sident, es handle sich nicht um linksradikale Verfassungsfeinde.<br><br>Ich <em>WIEDERHOLE<\/em>: w\u00e4hrend \u201eSprecher\u201c der \u201eKlimaaktivisten\u201c im Deutschen Fernsehen offenherzig von \u201eKlimar\u00e4ten\u201c\/ R\u00e4tediktatur schwadronieren, behauptet der *jetzige* \u201eVerfassungsschutz\u201c-Pr\u00e4sident, es handle sich nicht um linksradikale Verfassungsfeinde.<br><br>WER &#8222;Axel Steier\u201c ist, was er gesagt hat, was Maa\u00dfen kritisiert, scheint niemanden zu interessieren &#8211; stattdessen kr\u00e4ht die PSEUDO-\u201eJournalistin\u201c Franca Lehfeldt minutenlang Herrn Maa\u00dfen an, ER habe \u201erassistische\u201c \u00c4u\u00dferungen getan, nicht \u201eAxel Steier\u201c.<br>Wenn \u201eFranca Lehfeldt\u201c bei mir als \u201eJournalistin\u201c angestellt w\u00e4re, h\u00e4tte ich sie SOFORT ENTLASSEN und ihr einen Platz als RAUMPFLEGERIN zugewiesen.<br><br>Aber ihr \u201eNiveau\u201c ist ja das mittlerweile \u00fcbliche des deutschen \u201eJournalismus\u201c.<br><br>\u201eAxel Steier\u201c ist Mitgr\u00fcnder, Vorsitzender und Sprecher von \u201eLifeline\u201c, einer \u201eFl\u00fcchtlingsrettungs\u201c-Organisation, 2016 &#8211; nach u.a. den K\u00f6lner \u201eSilvester-Unruhen\u201c &#8211; gegr\u00fcndet, nachdem die \u201eBalkanroute&#8220; f\u00fcr Fl\u00fcchtlinge geschlossen worden war.<\/p>\n\n\n\n<p><br>Am 12. 01. 23\/ 11.42 Uhr postete Steier auf Twitter:<br><br>\u201eAlle hoffen auf Besserung, auf ein Ende von Rassismus und Abschottungspolitik. Ich f\u00fcrchte, dass das nicht kommt, solange Deutschland existiert. Das ist alles so verfestigt und in den regelhaften Strukturen fest verankert, das ist mit Reformen nicht zu l\u00f6sen.\u201c Steier f\u00e4hrt fort: \u201eEs werden Fl\u00fcchtlinge nach Deutschland geholt, weil wir das so wollen. Wir sitzen am l\u00e4ngeren Hebel. Bald ist Schluss mit dem lustigen Leben als Wei\u00dfbrot!\u201c<br>Ein Kritiker twittert: \u201eAlso Sie m\u00f6chten f\u00fcr sich und andere Menschen in Deutschland gerne ein beschwerliches Leben, voll Unsicherheit, Instabilit\u00e4t, Aggression und Gewalt gegen Einheimische als auch Migranten in 3. und 4. Generation?\u201c<br><br>Steier antwortet: \u201eNein, es wird irgendwann keine Wei\u00dfbrote mehr geben, weil ihre Nachkommen in 50 bis 100 Jahren (offenbar anders als Sie) sich f\u00fcr ein\u00b4n Partner*in entscheidet, der nicht weiss ist. Die Enthomogenisierung der Gesellschaft schreitet voran. Ich unterst\u00fctze das mit meiner Arbeit.\u201c<br><br>Was Steier &#8211; der \u201eAnti-Rassist\u201c &#8211; \u201emeint\u201c, ist also, dass es ab einem bestimmten Zeitraum keine \u201ewei\u00dfen&#8220; Deutschen mehr geben soll.<br><br>Darauf reagierte dann u.a. Maa\u00dfen: \u201eWir k\u00f6nnen dankbar f\u00fcr Herrn Steier sein. Er f\u00fchlt sich so sicher, dass er ausspricht, was die treibenden politischen Kr\u00e4fte im politisch-medialen Raum als Sto\u00dfrichtung haben.<br><br>Eliminatorischer Rassismus gegen Wei\u00dfe und der brennende Wunsch, das Deutschland verrecken m\u00f6ge.\u201c<br><br>Er zieht auch eine Linie zu den \u201eSilvesterkrawallen\u201c 2022\/23 und zur K\u00f6lner \u201eSilvesternacht\u201c 2015\/16.<br>Der Umgang damit sei &#8222;Verschweigen und Verharmlosen.\u201c- \u201eWeil die politische Linke die ungesteuerte Massenzuwanderung will\u201c\u2026 \u2013 \u201ewobei Fl\u00fcchtlingsschutz oder die Zuwanderung von Fachkr\u00e4ften allenfalls Vorw\u00e4nde sind.\u201c<br>Dahinter stehe eine Ideologie \u2013 die Abschaffung der wei\u00dfen Deutschen.<br><br>Maa\u00dfen bezieht sich \u2013 als Ex-Verfassungsschutzchef \u2013 auf eine Str\u00f6mung innerhalb des Linksextremismus, die \u201eAntideutschen\u201c.<br><br>In der Tat taucht sie in Verfassungsschutzberichten auf, man findet in der Bundeszentrale f\u00fcr Politische Bildung oder auch bei \u201eWikipedia\u201c Abhandlungen u.a. von Extremismusforschern dazu.<\/p>\n\n\n\n<p>Im Kern behauptet diese politische Richtung, der Nationalsozialismus habe nicht nur Deutschland, sondern das \u201eDeutschsein\u201c per se diskreditiert.<br><br>Von da bis zur &#8222;Abschaffung Deutschlands\u201c ist es ein kurzer folgerichtiger Schritt.<br><br>Maa\u00dfen bemerkt dazu: \u201eAuch wenn dies als Gegenbild zur NS-Ideologie erscheint, ist diese Ideologie mit ihrem antideutschen und antiwei\u00dfen Rassismus, der menschenverachtenden Unterscheidung zwischen Menschen verschiedener Klassen, und mit der Anma\u00dfung, den Willen der Evolution zu vollziehen und durch Migration zu beschleunigen, nichts anderes als die Rassenlehre mit umgekehrten Vorzeichen.<br><br>Es ist ein Menschenzuchtprogramm, wobei die \u00b4Wei\u00dfbrote`als minderwertig angesehen werden. Deshalb empfinden die Anh\u00e4nger dieser Ideologie auch keine Empathie f\u00fcr deutsche Opfer von Migrantengewalt.\u201c<br><br>Solche Folgerungen Maa\u00dfens muss man nicht teilen, sie sind jedoch nachvollziehbar, schl\u00fcssig und daher diskutabel &#8211; nur eben offensichtlich zahllosen \u201eJournalisten\u201c unbekannt: sie WISSEN NICHT, wovon Herr Maa\u00dfen spricht, \u201emeinen\u201c aber dennoch ihn \u201einterviewen\u201c und mit v\u00f6llig gegenstandslosen atemberaubenden Unterstellungen \u00fcberziehen zu d\u00fcrfen, ja zu m\u00fcssen.<br><br>\u201eLiberal\u201c bedeutet: FREI, ohne Ansicht der Person\/Partei Argumente stets vorurteilsfrei abzuw\u00e4gen, zuzuh\u00f6ren, Diskussionen zu f\u00fchren.<br><br>Dass die Ehefrau des Vorsitzenden einer angeblich \u201eliberalen\u201c Partei von solchen Grunds\u00e4tzen offensichtlich nicht die allergeringste Ahnung hat, dass der deutsche Staat\u201c sich hier einmal mehr als ERZ-anti-\u201eliberal\u201c erweist &#8211; und Herr Merz als \u00e4hnlich geistig minderbemittelt wie die allerh\u00f6chst verehrte DAME \u201eMerkel\u201c -, ist armselig, Furcht erregend, zum K*TZEN.<br><br>DAS ist an Deutschland zu kritisieren &#8211; das Gestammel eines linksradikalen zwanghaften \u201eFl\u00fcchtlingsfreundes\u201c geh\u00f6rt ZU dieser extremen geistigen Minderbemitteltheit, sie ist gerade KEIN &#8222;Gegenbild&#8220;, sondern DOITSCH-SEIN PUR, verst\u00e4rkt es und setzt es fort: Herr Steier ist so EXTREM OBER-\u00dcBER-HYPER-DEUTSCH wie nur m\u00f6glich.<br>Dagegen ist Herr Maa\u00dfen geradezu liberal.<br><br>Aber Herr Merz hat in seiner Erb\u00e4rmlichkeit nichts anderes zu tun als Maa\u00dfen zu diffamieren und ihn auszuschliessen.<br><br>\u201eAus der Vergangenheit NICHTS gelernt\u201c: DAS scheint \u201etypisch Deutsch\u201c zu sein, nur anders als gemeingef\u00e4hrliche linksradikale Idioten es \u201emeinen\u201c.<strong><br><br><\/strong><strong>NACHGETRETEN :<br><\/strong><strong><br><\/strong><strong>&#8212; <\/strong>06<strong>.<\/strong><strong>EXTREM ASOZIALE<\/strong> \u201e<strong>Linke<\/strong>\u201c: <strong>die ASOZIALSTE PARTEI Deutschlands<\/strong>, <strong>SED<\/strong><br><br>Die gesamten &#8222;Ma\u00dfnahmen&#8220; angeblich &#8222;gegen hohe Mieten&#8220; wie &#8222;Zweckentfremdungs- Verbot&#8220;, &#8222;Mietendeckel&#8220;, &#8222;Milieuschutz&#8220;, &#8222;Mietpreisbremse&#8220; usw. haben exakt und nur genau denen genutzt und sind genau nur f\u00fcr die tragbar, welche angeblich &#8222;Gegner&#8220; von &#8222;linken&#8220; Parteien sind: sie haben die kapitalstarken \u201eGro\u00df-Besitzer\u201c gest\u00e4rkt und unz\u00e4hlige \u201eKleine\u201c zum Aufgeben oder Verkauf <strong>GETRIEBEN<\/strong>.<\/p>\n\n\n\n<p>Frei nach dem UR-DOITSCHEN MOTTO der OBRIGKEITS-St\u00e4rkung und ENTRECHTUNG der INDIVIDUALIT\u00c4T und der pers\u00f6nlichen FREIHEIT, DAHER die mit Abstand geringste Eigentumsquote (West-)Europas (ausser Schweiz), der HASS auf Eigentum und Unabh\u00e4ngigkeit.<br><\/p>\n\n\n\n<p>\u201eLinke\u201c sind REAKTION\u00c4RE:&nbsp;<br>sie tragen am ERHEBLICHSTEN zur Entm\u00fcndigung, Bevormundung, Abh\u00e4ngigmachung und Verarmung von Mietern und &#8222;kleinen Vermietern&#8220; bei und treiben alle in die Arme von &#8222;Big Playern&#8220; und der &#8222;Unterst\u00fctzung&#8220; durch &#8222;den Staat&#8220;, sprich: den Neo-Stalinismus, s\u00e4mtliche vorgeblich &#8222;linken&#8220; Parteien sind leider neo-stalinistisch, <em>der<\/em> &#8222;<em>Staatskommunismus<\/em>&#8220; <em>wird mit dem gleichgesetzt was Marxisten eigentlich beabsichtigt hatten<\/em>, <em>die z.B. auch keinerlei grunds\u00e4tzliche Feindschaft mit dem<\/em> &#8222;<em>Liberalismus<\/em>&#8222;, <em>sondern tw. \u00dcberzeugungen und Absichten gemeinsam haben<\/em>.<br><br>Genau DAS ist die ABSICHT aller &#8222;Linken&#8220;: unter dem Vorwand &#8222;sozialer&#8220;, &#8222;gerechter&#8220; Politik wollen sie ALLE enteignen und &#8222;vom Staat&#8220; abh\u00e4ngig machen, bis nur noch die gro\u00dfen Feindbilder der b\u00f6sen &#8222;Kapitalisten&#8220; \u00fcbrigbleiben, die dann schliesslich auch &#8222;vom Staat&#8220; aufgekauft werden, bis nur noch &#8222;der Staat&#8220; \u00fcbrigbleibt.<br><br><strong>Sowjetunion<\/strong>\/ <strong>Stalinismus 2.0<\/strong>.<br><br>Denn &#8222;Kapitalismus finde ich doof&#8220; (Zitat des Geistesgr\u00f6\u00dfen-Cracks &#8222;Lena Kreck&#8220;, tempor\u00e4re f\u00fcr \u201edas Recht zust\u00e4ndige\u201c &#8222;Justizsenatorin&#8220; aus einer Unrechtsstaats-Partei): weil Geistesgr\u00f6\u00dfen ihrer Art schlichtweg zu <strong><em>BL\u00d6D<\/em><\/strong> und <strong><em>D\u00c4MLICH<\/em><\/strong> sind \u2013 also genau das was sie in andere hineinprojizieren \u2013&nbsp; , die Komplexit\u00e4t von (kapitalistischer, freier) \u00d6konomie zu begreifen.<br><br>Und alle m\u00fcssen unter <strong><em>deren Doof<\/em><\/strong>heit leiden, und &#8222;das Volk&#8220; &#8222;w\u00e4hlt&#8220; sie weil es &#8222;mehrheit&#8220;lich \u2013 nicht g\u00e4nzlich \u2013 eben auch doof ist und gern doof bleiben m\u00f6chte &#8211; von &#8222;Selbstverantwortung&#8220; quakt &#8222;das Volk&#8220; nur wenn etwas &#8222;zu anstrengend&#8220; wird.<br><br>Das Gleiche trifft nat\u00fcrlich auch auf die &#8222;Ma\u00dfnahmen&#8220; z.B. im &#8222;Mobilit\u00e4ts&#8220;-Bereich oder der &#8222;Energie&#8220; zu: Absicht ist das Brechen jeder Eigenst\u00e4ndigkeit, etwas anderes kennt der Stalinismus (nicht zu verwechseln mit &#8222;Marxismus&#8220;) nun mal nicht.<br><br>Es ist erstaunlich, dass &#8222;der Staat&#8220; zwar &#8222;Reichsb\u00fcrger&#8220; &#8211; darunter &#8222;Richter&#8220; -, zu Recht, einkassiert, dass aber &#8222;Lena Kreck&#8220;, &#8222;Bettina Jarasch&#8220;, &#8222;Andrej Holm&#8220;, &#8222;Florian Schmidt&#8220;, &#8222;Katalin Gennburg&#8220; etc. frei herumlaufen und Volksverhetzung betreiben d\u00fcrfen.<br><br>&#8222;Der Rechtsextremismus wird untersch\u00e4tzt&#8220; &#8211; der Linksextremismus aber wird gar nicht mehr wahrgenommen: er ist eingesickert in die so genannte &#8222;Normalit\u00e4t&#8220;, das manische Irresein von &#8222;Gr\u00fcnen&#8220;, SPD und SED\/&#8220;Linke&#8220; gilt als nicht extremistisch und nicht gef\u00e4hrlich.<br>Und &#8222;der Staat&#8220; \u2013 vor allem der preu\u00dfische \u2013 profitiert davon.<\/p>\n\n\n\n<p><strong>Copyright zu diesem Text liegt vollst\u00e4ndig und ausschliesslich bei:<\/strong><br>FiNiTESTi PUBLISHING, <strong>Berlin<\/strong>\/Deutschland \u2013<strong>Bregenz<\/strong>,Vorarlberg \u2013 <strong>Graz<\/strong>,Steiermark\/ Rep. \u00d6sterreich &#8211; <strong>Missachtungen der Eigentums- und Nutzungsrechte, unbefugtes Verwenden, Kopieren, Verlinken, Weiterleiten, Kommentieren usw. von Texten, Textteilen und s\u00e4mtlichen Photos, einzeln, auch in Montagen, Kontexten, Zusammenstellungen ohne Genehmigung werden STRAFRECHTLICH SCH\u00c4RFSTENS VERFOLGT !<\/strong>\u00a0\u00a0\u00a0&#8211; 11. M\u00e4rz 2023<\/p>\n\n\n\n<p><strong>Copyright for this text is entirely and exclusively with:<\/strong>FiNiTESTi PUBLISHING, <strong>Berlin<\/strong>\/Germany \u2013 <strong>Bregenz<\/strong>,Vorarlberg \u2013 <strong>Graz<\/strong>,Styria\/ Republic of Austria<strong> &#8211; Disregard of property and usage rights, unauthorized use, copying, linking, forwarding, commenting etc. of texts, parts of texts and all photos, individually, also in montage, contexts, compilations without permission will indictably be PROSECUTED !<\/strong>&#8211;<strong>March 11<sup>th<\/sup>, 2023\u00a0\u00a0\u00a0 <\/strong><\/p>\n","protected":false},"excerpt":{"rendered":"<p>F\u00fcr leichtere Lesbarkeit k\u00f6nnen Sie den Beitrag HIER als pdf lesen und herunterladen\/ For an easier reading experience you may see and download this text as pdf HERE. Copyright zu diesem Text liegt vollst\u00e4ndig und ausschliesslich bei:FiNiTESTi PUBLISHING, Berlin\/Deutschland \u2013Bregenz,Vorarlberg \u2013 Graz,Steiermark\/ Rep. \u00d6sterreich &#8211; Missachtungen der Eigentums- und Nutzungsrechte, unbefugtes Verwenden, Kopieren, Verlinken, Weiterleiten, &hellip; <\/p>\n<p class=\"link-more\"><a href=\"https:\/\/ricercando.eu\/?p=275\" class=\"more-link\"><span class=\"screen-reader-text\">\u201eRICERCANDO Maerz 2023 &#8211; Miszellen 01-06 \u00fcber TABUS DOITSCHER ANTI-FREIHEITLICHKEIT von &#8222;Links&#8220; ueber &#8222;Mitte&#8220; bis &#8222;Raeaeaechts&#8220;\u201c <\/span>weiterlesen<\/a><\/p>\n","protected":false},"author":2,"featured_media":274,"comment_status":"closed","ping_status":"closed","sticky":false,"template":"","format":"standard","meta":{"footnotes":""},"categories":[18],"tags":[],"class_list":["post-275","post","type-post","status-publish","format-standard","has-post-thumbnail","hentry","category-esposito-uno-straniero-qui"],"_links":{"self":[{"href":"https:\/\/ricercando.eu\/index.php?rest_route=\/wp\/v2\/posts\/275","targetHints":{"allow":["GET"]}}],"collection":[{"href":"https:\/\/ricercando.eu\/index.php?rest_route=\/wp\/v2\/posts"}],"about":[{"href":"https:\/\/ricercando.eu\/index.php?rest_route=\/wp\/v2\/types\/post"}],"author":[{"embeddable":true,"href":"https:\/\/ricercando.eu\/index.php?rest_route=\/wp\/v2\/users\/2"}],"replies":[{"embeddable":true,"href":"https:\/\/ricercando.eu\/index.php?rest_route=%2Fwp%2Fv2%2Fcomments&post=275"}],"version-history":[{"count":2,"href":"https:\/\/ricercando.eu\/index.php?rest_route=\/wp\/v2\/posts\/275\/revisions"}],"predecessor-version":[{"id":278,"href":"https:\/\/ricercando.eu\/index.php?rest_route=\/wp\/v2\/posts\/275\/revisions\/278"}],"wp:featuredmedia":[{"embeddable":true,"href":"https:\/\/ricercando.eu\/index.php?rest_route=\/wp\/v2\/media\/274"}],"wp:attachment":[{"href":"https:\/\/ricercando.eu\/index.php?rest_route=%2Fwp%2Fv2%2Fmedia&parent=275"}],"wp:term":[{"taxonomy":"category","embeddable":true,"href":"https:\/\/ricercando.eu\/index.php?rest_route=%2Fwp%2Fv2%2Fcategories&post=275"},{"taxonomy":"post_tag","embeddable":true,"href":"https:\/\/ricercando.eu\/index.php?rest_route=%2Fwp%2Fv2%2Ftags&post=275"}],"curies":[{"name":"wp","href":"https:\/\/api.w.org\/{rel}","templated":true}]}}