{"id":282,"date":"2023-09-24T22:38:24","date_gmt":"2023-09-24T22:38:24","guid":{"rendered":"https:\/\/ricercando.eu\/?p=282"},"modified":"2023-09-24T22:59:19","modified_gmt":"2023-09-24T22:59:19","slug":"ricercando-september-25-2023","status":"publish","type":"post","link":"https:\/\/ricercando.eu\/?p=282","title":{"rendered":"RICERCANDO September 25.2023 &#8211;                                      \u201cToleranz (o)der Geisteskrankheit\u201c\u00a0\u00a0:"},"content":{"rendered":"\n<p class=\"has-vivid-red-color has-text-color has-background has-medium-font-size\" style=\"background-color:#9ce4e4\"><strong>\u201cToleranz (o)der Geisteskrankheit\u201c&nbsp;&nbsp;: <strong>\u201cSelbstbestimmung\u201c im realit\u00e4tsverlustigen todesfreudigen Land der \u201eVerbote\u201c&nbsp;<\/strong><\/strong><\/p>\n\n\n\n<p class=\"has-vivid-purple-color has-text-color\">F\u00fcr leichtere Lesbarkeit k\u00f6nnen Sie den Beitrag <a href=\"https:\/\/ricercando.eu\/wp-content\/uploads\/2023\/09\/TOLERANZ-oder-Geisteskrankheit-Ricercando-Publishing-SEPT-25-2023.pdf\">HIER<\/a> als <a href=\"https:\/\/ricercando.eu\/wp-content\/uploads\/2023\/09\/TOLERANZ-oder-Geisteskrankheit-Ricercando-Publishing-SEPT-25-2023.pdf\">pdf<\/a> lesen und herunterladen\/ For an easier reading experience you may see and download this text as <a href=\"https:\/\/ricercando.eu\/wp-content\/uploads\/2023\/09\/TOLERANZ-oder-Geisteskrankheit-Ricercando-Publishing-SEPT-25-2023.pdf\">pdf<\/a> <a href=\"https:\/\/ricercando.eu\/wp-content\/uploads\/2023\/09\/TOLERANZ-oder-Geisteskrankheit-Ricercando-Publishing-SEPT-25-2023.pdf\">HERE<\/a>.<\/p>\n\n\n\n<p class=\"has-background\" style=\"background-color:#eae3e3\"><strong>Copyright zu diesem Text liegt vollst\u00e4ndig und ausschliesslich bei:<\/strong><br>FiNiTESTi PUBLISHING, <strong>Berlin<\/strong>\/Deutschland \u2013<strong>Bregenz<\/strong>,Vorarlberg \u2013 <strong>Graz<\/strong>,Steiermark\/ Rep. \u00d6sterreich &#8211; <strong>Missachtungen der Eigentums- und Nutzungsrechte, unbefugtes Verwenden, Kopieren, Verlinken, Weiterleiten, Kommentieren usw. von Texten, Textteilen und s\u00e4mtlichen Photos, einzeln, auch in Montagen, Kontexten, Zusammenstellungen ohne Genehmigung werden STRAFRECHTLICH SCH\u00c4RFSTENS VERFOLGT !<\/strong>&nbsp;&nbsp;&nbsp;&nbsp;&nbsp;&nbsp;&nbsp;&nbsp;&nbsp;&nbsp;&nbsp;&nbsp;&nbsp;&nbsp;&nbsp;&nbsp;&nbsp;&nbsp;&nbsp;&nbsp;&nbsp;&nbsp;&nbsp;&nbsp;&nbsp;&nbsp;&nbsp;&nbsp;&nbsp;&nbsp;&nbsp;&nbsp;&nbsp;&nbsp;&nbsp;&nbsp;&nbsp; 25. September 2023<\/p>\n\n\n\n<p class=\"has-background\" style=\"background-color:#ece5e5\"><strong>Copyright for this text is entirely and exclusively with:<\/strong> FiNiTESTi PUBLISHING, <strong>Berlin<\/strong>\/Germany \u2013 <strong>Bregenz<\/strong>,Vorarlberg \u2013 <strong>Graz<\/strong>,Styria\/ Republic of Austria<strong> &#8211; Disregard of property and usage rights, unauthorized use, copying, linking, forwarding, commenting etc. of texts, parts of texts and all photos, individually, also in montage, contexts, compilations without permission will indictably be PROSECUTED ! September 25<sup>th<\/sup>, 2023&nbsp;&nbsp;&nbsp;<\/strong><\/p>\n\n\n\n<p><\/p>\n\n\n\n<p><strong><em><u>INTRADA<\/u><\/em>&nbsp;:&nbsp;\u201e(Deutsche)&nbsp;Politik\u201c:Reale Schizophrenie&nbsp;<\/strong><\/p>\n\n\n\n<p><strong>01. \u201eToleranz\u201c \u2013 eine&nbsp;<\/strong><strong>HERRENMENSCHEN<\/strong><strong>\u2013Haltung als Fetisch &nbsp; &nbsp; &nbsp; &nbsp; &nbsp; &nbsp; &nbsp; &nbsp; &nbsp; &nbsp; &nbsp; &nbsp; &nbsp; &nbsp; &nbsp; &nbsp; &nbsp; &nbsp; &nbsp; &nbsp; &nbsp; &nbsp; &nbsp; &nbsp; &nbsp; &nbsp; &nbsp; &nbsp; &nbsp; &nbsp; <\/strong><\/p>\n\n\n\n<p><strong>02.&nbsp;<\/strong><strong>Der \u201eFall Aiwanger\u201c \u2013&nbsp;<\/strong><strong>ACHTUNG<\/strong><strong>&nbsp;!!, k\u00f6nnte Ironie enthalten &nbsp; &nbsp; &nbsp; &nbsp; &nbsp; &nbsp; &nbsp; &nbsp; &nbsp; &nbsp; &nbsp; &nbsp; &nbsp; &nbsp; &nbsp; &nbsp; &nbsp; &nbsp; &nbsp; &nbsp; &nbsp; &nbsp; &nbsp; &nbsp; &nbsp; &nbsp; &nbsp; &nbsp;<\/strong><\/p>\n\n\n\n<p><strong>03.&nbsp;<\/strong><strong>\u201eDer Klimawandel\u201c \u2013 oder auch nicht&nbsp;&nbsp;&nbsp;&nbsp;&nbsp;&nbsp;&nbsp;&nbsp;&nbsp;&nbsp;&nbsp;&nbsp;&nbsp;&nbsp;&nbsp;&nbsp;&nbsp;&nbsp;&nbsp;&nbsp;&nbsp;&nbsp;&nbsp;&nbsp;&nbsp;&nbsp;&nbsp;&nbsp;&nbsp;&nbsp;&nbsp;&nbsp;&nbsp;&nbsp;&nbsp;&nbsp;&nbsp;&nbsp;&nbsp;&nbsp;&nbsp;&nbsp;&nbsp;&nbsp;&nbsp;&nbsp;&nbsp;&nbsp;&nbsp;&nbsp;&nbsp;&nbsp;&nbsp;&nbsp;&nbsp;&nbsp;&nbsp;&nbsp;&nbsp;&nbsp;&nbsp;&nbsp;&nbsp;&nbsp;&nbsp;&nbsp;&nbsp;&nbsp;<\/strong><\/p>\n\n\n\n<p><strong>04.&nbsp;<\/strong><strong>\u201eDeutsche\u201c und: ihr besonderer Hang zur \u201eIrrationalit\u00e4t\u201c \u2026? &nbsp; &nbsp; &nbsp; &nbsp; &nbsp; &nbsp; &nbsp; &nbsp; &nbsp; &nbsp; &nbsp; &nbsp; &nbsp; &nbsp; &nbsp; &nbsp; &nbsp; &nbsp; &nbsp; &nbsp; &nbsp; &nbsp; &nbsp; &nbsp; &nbsp; &nbsp; &nbsp; &nbsp; &nbsp; <\/strong><\/p>\n\n\n\n<p><strong>05<\/strong>.&nbsp;<strong>Lieber&nbsp;<\/strong><strong>MENSCH<\/strong><strong>&nbsp;werden \u2013 oder \u201etolerant\u201c sein ?<\/strong>&nbsp;&nbsp;&nbsp;&nbsp;&nbsp;&nbsp;&nbsp;<\/p>\n\n\n\n<p><strong>06.&nbsp;<\/strong><strong>Die ungebrochene Wiedergabe putinesker\/neo-sowjetischer Geschichtsschreibung &nbsp; &nbsp; <\/strong><\/p>\n\n\n\n<p><strong>07.&nbsp;<em>Das \u201eSelbstbestimmungsgesetz\u201c als Ausweis von&nbsp;&nbsp;Verantwortungslosigkeit : <strong><em>\u201eProgressive Protagonisten\u201c und \u201eGender<\/em><\/strong><\/em><\/strong>&#8211;<strong><em>Kritiker\u201c nehmen sich nichts<\/em><\/strong><\/p>\n\n\n\n<p><strong>08.&nbsp;<\/strong><strong><em>\u201eKlima-Aktivisten\u201c und \u201eDer Staat\u201c, den sie \u201ebek\u00e4mpfen wollen\u201c, nehmen sich nichts&nbsp;&nbsp;&nbsp;&nbsp;&nbsp;&nbsp;&nbsp;&nbsp;&nbsp;&nbsp;&nbsp;<\/em><\/strong><\/p>\n\n\n\n<p><strong>09.<\/strong>&nbsp;<strong>\u201eDeutsche Fragen\u201c: Lebensfreude \u201aoder\u2018 Idealismus \u2026? Die Lust oder \u201edas Gute\u201c ?&nbsp;&nbsp;&nbsp;&nbsp;&nbsp;&nbsp;&nbsp;<\/strong><\/p>\n\n\n\n<p><strong>10. &nbsp;<em>\u2026&nbsp;<\/em>und noch ein ausf\u00fchrlicher Blick in die&nbsp;<em><u>Realit\u00e4t<\/u><\/em>&nbsp;(!!!!)&nbsp;: alles \u201ezu anstrengend\u201c \u2026&nbsp;<\/strong>&#8211; <strong>\u201eEmp\u00f6rung\u201c oder \u201eToleranz\u201c sind viel einfacher<\/strong><\/p>\n\n\n\n<p><strong><em><u>EXTRADA<\/u><\/em>&nbsp;:&nbsp;POSSIERLICHES&nbsp;SANATORIUM&nbsp;:&nbsp;<\/strong> <strong>Formen Manischen Irreseins&nbsp;als \u201ezu tolerierende\u201c \u201aMeinungen\u00b4<\/strong><\/p>\n\n\n\n<p><\/p>\n\n\n\n<p><strong><em><u>INTRADA<\/u><\/em>&nbsp;:<br>Es gibt Maschinen &#8211; der Kategorie&nbsp;\u201eCCS\u201c-Technik (Carbon Capture and Storage\/ Carbon Engineering u.a.) -, die z.B. aus mit fossilen Kraftstoffen betriebenen Heizthermen&nbsp;CO<sub>2<\/sub>&nbsp; &#8222;heraussaugen&#8220;\/ filtern k\u00f6nnen, aber auch aus Industrieanlagen, Chemiewerken u.a., z.B.&nbsp;mit Hilfe von Kaliumhydroxid u.a. Mitteln.<\/strong><\/p>\n\n\n\n<p><strong>In zahlreichen L\u00e4ndern werden sie entsprechend angewendet; Deutschland ist mit f\u00fchrend in dieser Technologie und verkauft sie in alle Welt.<\/strong><strong><\/strong><\/p>\n\n\n\n<p><strong><em><u>Preisfra<\/u><\/em><\/strong><strong><em>g<u>e<\/u><\/em><\/strong><strong>: wie hei\u00dft das Land, in dem dennoch die Anwendung dieser Technologie&nbsp;<\/strong><strong>VERBOTEN<\/strong><strong>&nbsp;ist, und wie heisst die &#8222;Friedenspreis&#8220;-gekr\u00f6nte Kanzlerin welche dieses&nbsp;<\/strong><strong>VERBOT<\/strong><strong>&nbsp;mit einer seinerzeitigen &#8222;Oppositionspartei\u201c&nbsp;beschlossen, durchgesetzt und die&nbsp;<em><u>dies nicht<\/u><\/em>&nbsp;&#8222;r\u00fcckg\u00e4ngig gemacht&#8220; hat ?<\/strong><strong><\/strong><\/p>\n\n\n\n<p><strong>Wer die Frage richtig beantwortet, darf sich \u00fcber einen passenden Gewinn freuen: acht Tage Aufenthalt in einer Schizophrenie-Nervenheilanstalt.<\/strong><strong><\/strong><\/p>\n\n\n\n<p><strong>Au\u00dfer er wohnt in Deutschland: dann erlebt er t\u00e4glich bereits Schizophrenie in der &#8222;Regierung&#8220;.<\/strong><\/p>\n\n\n\n<p><strong>Eigentlich k\u00f6nnte ich hier schon aufh\u00f6ren \u2013 denn aus dieser bezeichnenden offensichtlich typisch deutschen Haltung der Geisteskrankheit, des Lebenshasses und der Todesbejahung ergibt sich alles Folgende.<\/strong><strong><\/strong><\/p>\n\n\n\n<p><strong><em>01.- \u201e<\/em><\/strong><strong><em>Toleranz<\/em><\/strong><strong><em>\u201c : eine&nbsp;<\/em><\/strong><strong><em>HERRENMENSCHEN<\/em><\/strong><strong><em>&#8211;<\/em><\/strong><strong><em>Haltung<\/em><\/strong><strong><em>&nbsp;<\/em><\/strong><strong><em>als<\/em><\/strong><strong><em>&nbsp;<\/em><\/strong><strong><em>Fetisch<\/em><\/strong><strong><em>&nbsp;<\/em><\/strong><strong><em>f\u00fcr<\/em><\/strong><strong><em>&nbsp;<\/em><\/strong><strong><em>Freiheitsfeinde<\/em><\/strong><strong><em>&nbsp;<\/em><\/strong><strong><em>und<\/em><\/strong><strong><em>&nbsp;<\/em><\/strong><strong><em>Denkunf\u00e4hige<\/em><\/strong><strong><em><\/em><\/strong><\/p>\n\n\n\n<p><strong>\u00dcber so genannte \u201eIntoleranz\u201c wird immer wieder gegreint, gerade oder besonders auch, wenn sie bei \u201eGruppen\u201c lokalisiert wird, die vorgeblich \u201eToleranz\u201c oder \u00e4hnliche&nbsp;<\/strong><strong>FETISCHE<\/strong><strong>&nbsp;auf ihre Fahnen geschrieben haben sollen.<\/strong><\/p>\n\n\n\n<p><strong>Etwa die Schweizer \u201eSonntags-Zeitung\u201c wollte solches k\u00fcrzlich \u201eentdeckt\u201c haben, und fasste die Ergebnisse einer breit angelegten europ\u00e4ischen Studie unter dem Titel \u201eLinks, urban, gebildet \u2013 und intolerant\u201c zusammen, wobei eine \u201eGruppe\u201c von \u201eYIPS\u201c\/&nbsp;\u00abyoung illiberal progressives\u00bb&nbsp;ausgemacht wurde, die \u201eentgegen ihrem Selbstbild\u201c besonders \u201aintolerant\u2018 gegen \u201aAnders Denkende\u2018 seien.<\/strong><\/p>\n\n\n\n<p><strong>\u00dcberraschend ist daran nichts, h\u00f6chstens, dass, um dies festzustellen, eine \u201eUntersuchung\u201c ben\u00f6tigt zu werden scheint.<\/strong><\/p>\n\n\n\n<p><strong>\u00dcberraschend ist auch, dass im Verlauf der Diskussion antike Selbstbilder von \u201eLinken\u201c aufgew\u00e4rmt werden, wie,&nbsp;dass diese angeblich ihr Weltbild und ihre Politik auf Prinzipien wie \u201eToleranz, R\u00fccksichtnahme und Solidarit\u00e4t aufbauen\u201c sollen, und in Anspruch n\u00e4hmen, sich f\u00fcr \u201edas Gute\u201c einzusetzen, f\u00fcr \u201eSchwache\u201c und \u201eMinderheiten\u201c.<\/strong><\/p>\n\n\n\n<p><strong>Wer \u201eLinken\u201c das jemals abgenommen hat und jetzt \u201efeststellt\u201c, \u201eherausfindet\u201c oder \u201eanklagt\u201c, dass dem gar nicht so sei, sollte eher sich selbst untersuchen, und sich fragen, warum er sich nicht an das viele viele \u201eGute\u201c erinnert, f\u00fcr das \u201eLinke\u201c einstehen und eingestanden haben:&nbsp;<br><\/strong><strong>Stalin, Putin, Polh Poth, Mao Zedong<\/strong><strong>,  DER<\/strong><strong>&nbsp;&#8222;Islam&#8220; und die armen unterdr\u00fcckten Araber und \u201ePal\u00e4stinenser\u201c, Fidel Castro, Che Guevara \u2013 usw.: alles \u201esch\u00fctzenswertes\u201c \u201eGutes\u201c, f\u00fcr dessen \u201eSchutz\u201c die \u201eLinken\u201c eintraten und eintreten, und die sich&nbsp;<\/strong><strong>NIEMALS IRREN<\/strong><strong>,&nbsp;<\/strong><strong>IMMER RECHT<\/strong><strong>&nbsp;haben, immer wieder ihr ahnungsloses&nbsp;<\/strong><strong><em>MAUL<\/em><\/strong><strong>&nbsp;aufrei\u00dfen d\u00fcrfen, \u201edie Geschichte ist auf unserer Seite\u201c.<\/strong><\/p>\n\n\n\n<p><strong>Nicht erst seit der merkw\u00fcrdigen \u201ePopularit\u00e4t\u201c von Gestalten wie der&nbsp;<em>Erz<\/em>&#8211;<\/strong><strong><em><u>KOMMUNISTIN<\/u><\/em><\/strong><strong>&nbsp;\u201eSahra Wagenknecht\u201c hat sich auch das \u201eHufeisen\u201c l\u00e4ngst wieder herausgebildet und beabsichtigt die Gesellschaft erneut in den W\u00fcrgegriff zu nehmen; wie bereits \u201evor Hitler\u201c: was aufgrund der Jahrzehnte lang vorherrschenden putinesken und \u201esowjetischen Geschichtsschreibung\u201c &#8211; die Wahrheits widrig \u201eden Faschismus\u201c als \u201edem Kapitalismus immanent\u201c oder \u201eden Kapitalismus als Vorform des Faschismus\u201c zu kolportieren versucht &#8211; in Vergessenheit geraten war, weil die aktive Rolle von \u201eKommunisten\u201c dabei, den demokratisch verfa\u00dften Staat gezielt in die H\u00e4nde von Hitler zu treiben, und die sich alleinig und ohne Betrachtung der Selbstbeteiligung als \u201eOpfer von Hitler\u201c zu inszenieren versuchen, verschwiegen wird und werden durfte.<\/strong><\/p>\n\n\n\n<p><strong>Von dieser Geschichtsklitterung wollen \u201eLinke\u201c bis heute zehren.<br><\/strong><strong><br><\/strong><strong>Dazu weiter unten \u2013 (<\/strong><strong>Punkt 05.\/Seite 10 \u2013 `Lieber&nbsp;<\/strong><strong><em>MENSCH<\/em><\/strong><strong>&nbsp;werden \u2013 oder \u201etolerant\u201c sein ?\u00b4) wo \u201eMartenstein meint\u201c \u2013 Weiteres.<\/strong><\/p>\n\n\n\n<p><strong>Wer jedenfalls angesichts nicht nur des \u201eReal Existierenden Sozialismus\u201c, sondern des schon immer un\u00fcbersehbar gegen\u00fcber \u201eAbweichenden\u201c aggressiven, abweisenden und gewaltt\u00e4tigen Verhaltens \u201eLinker\u201c &#8211; die notorisch h\u00e4ufig auch Haltungen vertreten, welche sie woanders als \u201erassistisch\u201c klassifizieren &#8211; \u201eLinken\u201c besondere \u201eR\u00fccksichtnahme\u201c andichtet, sollte dringend seine Wahrnehmung \u00fcberpr\u00fcfen, und sich vergewissern, wie \u201etolerant\u201c oder \u201er\u00fccksichtsvoll\u201c sich \u201eLinke\u201c z.B. gegen\u00fcber Autofahrern, Polizisten, Expats\/\u201cGentrifizierern\u201c, \u201eReichen\u201c, \u201eLeistungstr\u00e4gern\u201c, \u201eInvestoren\u201c usw. &nbsp;verhalten \u2013 und wie sie sich dabei regelm\u00e4\u00dfig mit \u201eRechtspopulisten\u201c\/ Faschisten in sch\u00f6ner \u00dcbereinstmmung treffen : der \u201eGrund\u201c des \u201eErfolgs\u201c von Sahra Wagenknecht und \u00e4hnlichen gef\u00e4hrlichen Gestalten, auf die so viele \u2013 auch unz\u00e4hlige sich f\u00fcr \u201ekritisch\u201c, \u201ehuman(istisch)\u201c, \u201etolerant\u201c halten Wollende \u2013 hereinfallen.<\/strong><\/p>\n\n\n\n<p><strong>Zu \u201eToleranz\u201c aufzufordern, ist nicht nur hierbei, sondern generell selbstverst\u00e4ndlich total verfehlt.<\/strong><\/p>\n\n\n\n<p><strong>Solche Aufforderungen&nbsp;<\/strong><strong>sind selbst Teil des Problems:<br><\/strong><\/p>\n\n\n\n<p><strong>\u201eToleranz\u201c ist der \u201eWert\u201c einer satten, selbstzufriedenen, konflikt- und auseinandersetzungsunf\u00e4higen Gesellschaft, die es verlernt hat, sich ernsthaft und umfassend auseinanderzusetzen, und, um solchen Auseinandersetzungen, denen man sich nicht gewachsen f\u00fchlen will, die \u201ezu kontrovers\u201c und \u201ezu emotional\u201c sein sollen, auszuweichen, und stattdessen billig \u201eToleranz\u201c zu verk\u00fcnden \u2013 und niemals \u00fcber das zu sprechen, was man wirklich \u201edenkt\u201c.<br><\/strong><\/p>\n\n\n\n<p><strong>&#8222;<em>Toleranz<\/em>&#8220; ist&nbsp;<em>komplett<\/em>&nbsp;<em>inhaltslos<\/em>.&nbsp;<\/strong><\/p>\n\n\n\n<p><strong>&#8222;Toleranz&#8220; ist eine &#8222;Herrenmenschen&#8220;haltung, sie wird gn\u00e4dig gew\u00e4hrt- und kann jederzeit wieder entzogen werden, z.B. \u201ewenn die Zeiten h\u00e4rter werden\u201c.<\/strong><\/p>\n\n\n\n<p><strong><br>Es m\u00fc\u00dfte um&nbsp;<\/strong><strong>INHALTE<\/strong><strong>&nbsp;gehen, Fragen wie etwa &#8222;Braucht der Mensch wirklich unbedingt (so viel) &#8218;Fleisch&#8217;\/&#8217;Tierprodukte&#8216; ?- Wenn Ja, w\u00e4re sogar Massentierhaltung ggf. zu vertreten- wenn Nicht, w\u00e4re sie ggf.&nbsp;<\/strong><strong>NICHT<\/strong><strong>&nbsp;vertretbar und daher auch&nbsp;<\/strong><strong>NICHT<\/strong><strong>zu &#8218;tolerieren&#8220; !&#8220;<br>&nbsp;<\/strong><strong><br>Oder: &#8222;Wenn so genannte &#8218;Geschlechterrollen&#8216; genetisch u.gem\u00e4\u00df z.B. etlicher einschl\u00e4giger ethnologischer Berichte und Erkenntnisse gar nicht so festgelegt sein k\u00f6nnten wie es z.B. die &#8218;Institution Familie&#8216; vorgibt, weshalb werden so genannte &#8218;Gender&#8216;-Fragen so aggressiv&nbsp; angegangen und zur\u00fcckgewiesen? K\u00f6nnte es ein Anzeichen f\u00fcr Verdr\u00e4ngung von Fragestellungen sein, welche die &#8218;Mitte der Gesellschaft&#8216; verunsichern k\u00f6nnten?&#8220;<br><br>Wenn Ja, wieso sollte man &#8222;Toleranz&#8220; gegen\u00fcber denen haben, die solche aggressive Verdr\u00e4ngung bevorzugen ?<\/strong><strong><\/strong><\/p>\n\n\n\n<p><strong>Oder auch: wieso soll \u201eVerst\u00e4ndnis\u201c und \u201eR\u00fccksichtnahme\u201c f\u00fcr solche Menschen sich in \u201eGendersternchen\u201c ausdr\u00fccken *m\u00fcssen* ?<br>Wieso soll jemand, der \u201eGender\u201c-Sprache ablehnt, und daf\u00fcr wom\u00f6glich gute Gr\u00fcnde hat, \u201edeshalb\u201c in Verdacht stehen, z.B. queere oder nicht-bin\u00e4re Menschen abzulehnen ?<\/strong><strong><br><br>Das Problem besteht darin, dass es seit Langem um&nbsp;<\/strong><strong>OBERFL\u00c4CHEN<\/strong><strong>-Eigenschaften geht und nicht um&nbsp;<\/strong><strong>INHALTE<\/strong><strong>, sprich z.B.: darum, dass, wenn es nach aller reiflicher \u00dcberlegung und Erkenntnis f\u00fcr etwas&nbsp;<\/strong><strong>KEINE<\/strong><strong>&nbsp;<\/strong><strong>ARGUMENTE<\/strong><strong>&nbsp;zu geben scheint, ich es auch&nbsp;<\/strong><strong>NICHT<\/strong><strong>&nbsp;&#8218;tolerieren&#8216; mu\u00df.<\/strong><strong>&nbsp;<\/strong><\/p>\n\n\n\n<p><strong>02<\/strong><strong>.-&nbsp;<\/strong><strong>Der \u201eFall Aiwanger\u201c \u2013&nbsp;<\/strong><strong>ACHTUNG<\/strong><strong>&nbsp;!!, k\u00f6nnte Ironie enthalten&nbsp;<\/strong><\/p>\n\n\n\n<p><strong>Auch der \u201eFall Aiwanger\u201c k\u00f6nnte als schlagendes Beispiel f\u00fcr die notorische, unab\u00e4nderliche und komplette \u201aIntoleranz\u2018 gerade \u2013 aber nat\u00fcrlich nicht nur \u2013 selbst ernannter \u201eLinker\u201c oder \u201eAnti-B\u00fcrgerlicher\u201c hergenommen werden<\/strong>:<\/p>\n\n\n\n<p><strong>Jemand \u201afragt\u2018&nbsp;&nbsp;dazu : &lt;&lt; &#8230; w\u00e4re es nicht zwingende Logik \u201ades Rechtsstaates\u2018 gewesen, dass die Schulleitung Aiwanger damals wegen Volksverhetzung angezeigt h\u00e4tte &#8230;&gt;&gt;<\/strong><\/p>\n\n\n\n<p><strong>Wer sich vor solchen \u201aFragen\u2018 informiert h\u00e4tte, w\u00fcrde etwa wissen, dass es zum Zeitpunkt 1987\/88 den Begriff &#8222;Volksverhetzung&#8220; als Straftatbestand ebensowenig gab wie etwa (f\u00fcr) f\u00fcr das &#8222;Ver\u00e4chtlichmachen&#8220; der Shoah oder des Judentums.<\/strong><\/p>\n\n\n\n<p><strong>Dies wurde erst 1994 eingef\u00fchrt.<\/strong><\/p>\n\n\n\n<p><strong>Aiwanger h\u00e4tte allenfalls wg. &#8222;Beleidigung&#8220; angezeigt und angeklagt werden, und h\u00e4tte hier allenfalls eine Jugendstrafe erhalten k\u00f6nnen.<\/strong><\/p>\n\n\n\n<p><strong>Abgesehen davon werden auch permanent Fakten \u00fcbersehen wie, dass die Schule nicht mal die Eltern informiert hatte : wie h\u00e4tte dann eine polizeiliche Anzeige oder juristische Anklage erfolgen sollen ?<\/strong><\/p>\n\n\n\n<p><strong>Aber Fakten haben ja generell keine Chance, wenn es um Furor und Ideologie geht.<\/strong><\/p>\n\n\n\n<p><strong>Offensichtlich lag ja der gesamte Umgang damit in gar keiner Weise in Aiwangers Hand &#8211; sondern&nbsp;<em>dies bestimmten die<\/em>&#8222;<em>Autorit\u00e4te<\/em>n&#8220; &#8211;&nbsp;<em>also die<\/em>,&nbsp;<em>welche in manchen Bierzelten heute wieder so viel Zustimmung erhalten<\/em>,&nbsp;<em>von denen<\/em>,&nbsp;<em>die<\/em>&nbsp;\u201e<em>f\u00fcr mehr Meinungsfreiheit k\u00e4mpfen<\/em>\u201c<\/strong><\/p>\n\n\n\n<p><strong>Abgesehen davon: wenn alle B\u00fcrger wegen allem m\u00f6glichen, das sie w\u00e4hrend ihrer Schul- oder Jugendzeit verzapft haben, 35 Jahre sp\u00e4ter denunziert, &#8222;angeklagt&#8220;, beruflich und privat vernichtet werden k\u00f6nnten, w\u00e4re der &#8222;Fachkr\u00e4ftemangel&#8220; wohl noch um Etliches h\u00f6her &#8211; und wir w\u00fcrden in einem StaSi-Staat leben, der ja angeblich &#8222;kein Unrechtsstaat&#8220; gewesen sein soll.<\/strong><\/p>\n\n\n\n<p><strong>Eigenartiger Weise verlangt niemand von Mitgliedern und W\u00e4hlern der viermal umbenannten SED, ein f\u00fcr alle Mal \u00f6ffentlich auszusprechen, dass die &#8222;DDR&#8220; ein kompletter grunds\u00e4tzlicher Unrechtsstaat war &#8211; was bei &#8222;sozialistischen&#8220;\/ &#8222;kommunistischen&#8220; Staaten auch 100%ig unvermeidbar, ja, was Grundvoraussetzung ist.<\/strong><\/p>\n\n\n\n<p><strong>Es **gibt keinen** &#8222;Demokratischen Sozialismus&#8220;. Daher selbstverst\u00e4ndlich und immanent f\u00fcr \u201eLinke\u201c auch keine \u201eToleranz\u201c.<\/strong><\/p>\n\n\n\n<p><strong>Aber niemand verlangt von &#8222;Linken&#8220;, ihren totalit\u00e4ren schein-&#8222;demokratischen&#8220; Irrtum &#8222;r\u00fcckg\u00e4ngig&#8220; zu machen, obwohl sie kein St\u00fcck weniger totalit\u00e4r sind als W\u00e4hler von &#8222;FW&#8220; oder &#8222;AfD&#8220;, eher im Gegenteil.<\/strong><\/p>\n\n\n\n<p><strong>Insbesondere aber (was bezeichnender Weise in der \u201eDiskussion\u201c kaum vorkam, und was keine Rolle spielte): das vermeintlich \u201evon (Hubert) Aiwanger stammen\u201c sollende, ihm \u2013 oder seinem Bruder Helmut \u2013 zugeschriebene Flugblatt \u201eenth\u00e4lt\u201c offenbar, eigentlich un\u00fcbersehbar \u201eIronie\u201c: etwas, mit dem Deutsche weithin fremdeln, womit sie nichts anfangen k\u00f6nnen, was f\u00fcr sie meistens unverst\u00e4ndlich bleibt und gereizte Abwehr ausl\u00f6st.<\/strong><\/p>\n\n\n\n<p><strong>Mir w\u00e4re, h\u00e4tte ich es \u201eentdeckt\u201c, als Autor&nbsp;<em>Thomas<\/em>&nbsp;<em>Bernhard<\/em>&nbsp;eingefallen: f\u00fcr ihn und seine Beziehung zum \u201eDeutschen\u201c und zu \u00d6sterreich gilt Gleiches wie f\u00fcr die Ironie: heute mehr denn je, oder so wie immer \u2013 und im Besonderen f\u00fcr die vorgeblich \u201eantagonistischen\u201c Parteien \u201eGr\u00fcne\u201c und \u201eAfD\u201c, die beide ohne Ironie nicht zu ertragen w\u00e4ren.<\/strong><\/p>\n\n\n\n<p><strong>03.-\u201eDer Klimawandel\u201c \u2013 oder auch nicht<\/strong><\/p>\n\n\n\n<p><strong>Dass es nat\u00fcrlich &#8222;auch fr\u00fcher schon&#8220; &#8222;Naturkatastrophen&#8220;, Eiszeiten, W\u00e4rmezeiten, \u00dcberschwemmungen, Starkwinde etc. gegeben hat, daraus ergibt sich nicht logisch oder zwingend, dass es an momentanen Wetter-Ph\u00e4nomenen keinen (gesteigerten) &#8222;menschengemachten Anteil&#8220; geben sollte.<br><br>Diese stets reichlich k\u00fcnstlich oder vors\u00e4tzlich aufgestellten angeblichen &#8222;Gegens\u00e4tze&#8220; von Solar-, Wind-, Wasserkraft- u.a.-Energie, Wasserstoff, E-Fuels und Nuklearenergie\/ Nuklearfusion sind nicht nachvollziehbar.<br>Grunds\u00e4tzlich hat alles seinen Platz und seine Berechtigung.<br><br>Realit\u00e4tsfremd und kontraproduktiv wurden &#8222;nat\u00fcrliche&#8220;, fossilfreie regenerative Energien nur durch die &#8222;gr\u00fcne&#8220; Ideologie und deren k\u00fcnstliche \u00dcberh\u00f6hung von &#8222;gr\u00fcnen&#8220; Energien, verbunden mit dem \u00dcbersehen von deren Nachteilen bzw. ungel\u00f6sten Problemen.<br><br>Etwa das kaum thematisierte Hauptproblem von Solar- und Windkraft ist deren praktisch bisher nicht vorhandene (Langzeit-)Speicherkapazit\u00e4t.<br>Aber dieses Problem erscheint grunds\u00e4tzlich als l\u00f6sbar bzw. gibt es ja bereits L\u00f6sungen f\u00fcr Langzeit-Speicherung, etwa auf Wasserstoffbasis, da z.B. die Energiedichte von geeigneten Fl\u00fcssigkeiten diejenige von Batteriespeichern wohl immer weit \u00fcbertreffen wird.<br><\/strong><strong><br><\/strong><strong>Nur ein Beispiel daf\u00fcr, dass nicht mit Frontstellungen und &#8222;Gegens\u00e4tzen&#8220;, sondern eben nur mit *Technologie-Offenheit* die jeweils besten und angemessensten L\u00f6sungen erreicht und etabliert werden k\u00f6nnen.<br>Ebenso d\u00fcrften die noch bestehenden Probleme der Kernfusion irgendwann nach und nach gel\u00f6st werden.<br>Nur bestimmt dann nicht, wenn die Fehler der Grundhaltungen &#8222;gr\u00fcner&#8220; Ideologen &#8222;auf der anderen Seite&#8220; wiederholt und einseitig bestimmte Technologien forciert werden.<\/strong><strong><\/strong><\/p>\n\n\n\n<p><strong>&nbsp;&nbsp;&nbsp;&nbsp;&nbsp;&nbsp;&nbsp;&nbsp;&nbsp;04.-&nbsp;&nbsp;\u201eDeutsche\u201c und: ihr besonderer Hang zur \u201eIrrationalit\u00e4t\u201c \u2026?<br><\/strong><\/p>\n\n\n\n<p><strong>Wenn schon ohne Ironie, dann wenigstens &#8222;irrational&#8220; ? &#8211; was&nbsp;aber bestenfalls&nbsp;als&nbsp;ein Sammelbegriff erscheint, unter den von au\u00dfen nicht nachvollziehbare Verhaltensweisen subsumiert werden.<\/strong><\/p>\n\n\n\n<p><strong>In Deutschland&nbsp;scheint&nbsp;es eher notorisch, dass etliche Deutsche \u201enur darauf warten&#8220;, endlich irgendwo &#8222;dazu&#8220; geh\u00f6ren und alles andere ausblenden zu k\u00f6nnen.<\/strong><\/p>\n\n\n\n<p><strong>\u201eSoziale Netzwerke\u201c&nbsp;sind voll von bedauernswerten Gestalten, die ganztags damit besch\u00e4ftigt scheinen, die Ideologien von&nbsp;\u201eGr\u00fcnen\u201c&nbsp;angeblich&nbsp;\u201eauseinanderzunehmen\u201c&nbsp;und&nbsp;\u201eendlich mal das zu sagen was\u201c&nbsp;&#8211; angeblich &#8211;&nbsp;\u201enirgends gesagt werden darf\u201c; doch gibt man auch nur mit einem Wort zu bedenken, dass ihre eigenen&nbsp;\u201eGedanken\u201c-Geb\u00e4ude \u00e4hnlich hohl, undurchdacht, kritikw\u00fcrdig oder auch nur erg\u00e4nzungsf\u00e4hig sein k\u00f6nnten wie die der&nbsp;\u201eVerbotspartei\u201c&nbsp;&#8211; also: setzt man die behauptete Rede um,\u201cendlich mal&nbsp;\u201afrei\u201c&nbsp;reden\/denken zu&nbsp;\u201ed\u00fcrfen\u201c&nbsp;-, dann kommt bestenfalls : Schweigen.<\/strong><\/p>\n\n\n\n<p><strong>Denn s\u00e4mtliche&nbsp;\u201eKritiker\u201c sind ja l\u00e4ngst entfernt worden oder haben das Weite gesucht, da sie so viel Beschr\u00e4nktheit nicht ertragen k\u00f6nnen wie sie in den Blasen selbst ernannter&nbsp;\u201eSystemkritiker\u201c vorausgesetzt und verlangt wird, wo man jeden kritischen Denkens au\u00dferhalb der eigenen Borniertheit und Selbstgewi\u00dfheit l\u00e4ngst entw\u00f6hnt ist, l\u00e4ngst sich nur noch mit Sprechblasen vergewissert, wer&nbsp;\u201edazu geh\u00f6rt\u201c und&nbsp;\u201edie \u00dcberzeugungen teilt\u201c und wer nicht, und wo kein bi\u00dfchen mehr ernsthafte Auseinandersetzung stattfindet als bei der&nbsp;\u201eVerbotspartei\u201c.<\/strong><\/p>\n\n\n\n<p><strong>Das einzige Kontinuum und nirgends Neue bleibt: die schreiende Beschr\u00e4nktheit, Bl\u00f6dheit und Gewaltt\u00e4tigkeit gegen alles&nbsp;\u201eAnders\u201c Denkende, F\u00fchlende, Seiende: das unver\u00e4nderte Grundrauschen bei der&nbsp;\u201eKrone der Sch\u00f6pfung\u201c.<\/strong><\/p>\n\n\n\n<p><strong>Urwaldlaute und Gebl\u00f6ke zur Feststellung der Stammeszugeh\u00f6rigkeit haben sich bis heute nicht ver\u00e4ndert, wahrscheinlich nicht nur bei Deutschen, nicht nur bei AfD, Gr\u00fcnen, Sozis.<\/strong><\/p>\n\n\n\n<p><strong>Wer all das feststellt, gilt \u00fcbrigens h\u00e4ufig auch noch als angeblich&nbsp;\u201e(lebens)unfroh\u201c oder \u201e\u00fcberkritisch\u201c: DER !, der \u00fcber sie LACHT &nbsp;&#8211; endlos lacht, lacht, lacht !!! -, der sich&nbsp;<\/strong><strong>BEFREIT&nbsp;<\/strong><strong>hat von all den Spie\u00dfern, (Selbst-)L\u00fcgnern und Phrasen-Wiederk\u00e4uern -, nicht die freudlos und anges\u00e4uert auf Kritik Reagierenden und damit nicht umgehenden k\u00f6nnenden dumpfen Urwald-Stammes-Angeh\u00f6rigen.<\/strong><\/p>\n\n\n\n<p><strong><br>Solche Kollektiv-Haltungen gelten oft als historisch bedingt, und wenn dem so sein sollte, wurde leider nichts &#8222;aus der Vergangenheit gelernt&#8220;, (auch)&nbsp;weil die Wurzeln daf\u00fcr wohl tiefer und viel weiter zur\u00fcck liegen als das &#8222;Dritte Reich&#8220;, doch diese &#8222;Vergangenheit&#8220;, die wesentlich erst zu Hitler gef\u00fchrt hat, wurde nie &#8222;verarbeitet&#8220;, &#8222;Vergangenheitsbew\u00e4ltigung&#8220; wurde auf &#8222;Bu\u00dfe f\u00fcr Hitler&#8220; reduziert und leider gerade gar nicht durchgef\u00fchrt.<\/strong><\/p>\n\n\n\n<p><strong>Aus dieser unbew\u00e4ltigten Vergangenheit&nbsp;scheint&nbsp;der&nbsp;<em><u>f\u00fcr Deutsche t<\/u>yp<u>ische Hass auf Individualismus, pers\u00f6nliche Freiheit, kritisches Denken und Widers<\/u>p<u>ruch<\/u><\/em>&nbsp;zu resultieren \u2013 damit auch Hass auf das, was gerade in vielen \u201ej\u00fcdischen Milieus\u201c seit jeher \u00fcblich ist&#8230;<\/strong><\/p>\n\n\n\n<p><strong><br><\/strong><strong>&#8222;Hitler&#8220; war &#8222;nur&#8220; ein Ausdruck, eine Folge dieser tiefen Verunsicherung \u201eeines ganzen Volkes&#8220;, das seine tiefgehende Unsicherheit immer wieder mit dem&nbsp;Befolgen irgendwelcher absoluter Gewi\u00dfheiten zu \u00fcbergehen, zu &#8222;bew\u00e4ltigen&#8220; zu suchen scheint.<\/strong><\/p>\n\n\n\n<p><strong><br><\/strong><strong>Das scheint es in einigen anderen europ\u00e4ischen L\u00e4ndern, die eine Jahrhunderte alte Entwicklung demokratischer Gesellschaften hinter sich haben, in dem Ma\u00dfe nicht zu geben.<\/strong><\/p>\n\n\n\n<p><strong><br><\/strong><strong>In Deutschland herrschte \u00fcber Jahrhunderte Kleinstaaterei h\u00e4ufig st\u00e4ndig wechselnder regionaler Herrscher, denen man sich immer wieder &#8222;anpassen mu\u00dfte&#8220;, und die Widerstand stets brutal verfolgten.<br>Das&nbsp;scheint&nbsp;bis heute nachzuwirken; &#8222;das Volk&#8220; hat diese Grundhaltung vieler kleiner Hitlers \u00fcbernommen und perpetuiert.<\/strong><\/p>\n\n\n\n<p><strong><br><\/strong><strong>Und so kann es z.B. kommen, dass&nbsp;etwa&nbsp;&#8222;Die Gr\u00fcnen&#8220; sich \u00fcber &#8222;die AfD&#8220; erheben, &#8222;weil&#8220; dort &#8222;alle dasselbe sagen&#8220; &#8211; ohne zu merken, dass dies bei den &#8222;Gr\u00fcnen&#8220; genauso verlangt wird und passiert, und alles voller kleiner Absolutisten ist.<\/strong><\/p>\n\n\n\n<p><strong><br><\/strong><strong>Nur so kann es sich entwickeln, dass z.B. die komplette Realit\u00e4tsferne und Hermetik von Graichens und anderen Sippen nicht als unertr\u00e4glich und sch\u00e4dlich erkannt und ausgesprochen wird.<br>Solche Hermetik innerhalb von (politischen) Gruppen&nbsp;scheint&nbsp;es in dem Ma\u00dfe&nbsp;oder i.d.R.&nbsp;in anderen L\u00e4ndern nicht&nbsp;zu geben.<br>Daher&nbsp;mag&nbsp;auch die immer wieder bemerkte &#8222;\u00dcberheblichkeit&#8220; Deutscher oder Deutschlands&nbsp;r\u00fchren: man ist hier offene&nbsp;\u2013 auch \u201everletzende\u201c, \u201eemotionale\u201c, \u201ekontroverse\u201c \u2013&nbsp;&nbsp;Diskussionen einfach nicht gew\u00f6hnt, denkt nicht in Entwicklungen, &#8222;sucht&#8220; stets nach &#8222;dem&#8220; per se und f\u00fcr immer \u00fcberall &#8222;Richtigen&#8220;, und projiziert solche Erwartungen auch an andere L\u00e4nder, welche diese eben nicht erf\u00fcllen wollen.<\/strong><\/p>\n\n\n\n<p><strong>Realit\u00e4tsferne und -verlust scheint \u00fcberhaupt ein bezeichnendes Stichwort deutscher Politik und\/oder Grundhaltung zu sein.<br><\/strong><strong><br><\/strong><strong>Das zeigt sich z.B. auch etwa da, wo die &#8222;Verlierer&#8220;der &#8222;Agenda 2010&#8220; und \u00e4hnlicher Ver\u00e4nderungen in den Sozialsystemen und Erwerbsstrukturen in vielen anderen L\u00e4ndern &#8222;des Westens&#8220;, auch und insbesondere in USA &#8211; was alle entsprechenden Untersuchungen seit Langem best\u00e4tigen, was jedoch so gut wie nirgends in &#8222;Nachrichten&#8220; oder anderer &#8222;Berichterstattung&#8220; vorkommt -, weit \u00fcberwiegend &#8222;m\u00e4nnliche Personen mittleren oder h\u00f6heren Alters&#8220; sind: also die &#8222;Bev\u00f6lkerungsgruppe&#8220; (&#8222;Alte Wei\u00dfe M\u00e4nner&#8220;), welcher von &#8222;Linken&#8220; die gr\u00f6\u00dfte Verachtung entgegengebracht wird und die aus deren Sicht immer im Unrecht sind.<\/strong><\/p>\n\n\n\n<p><strong>Deren typische Arbeitspl\u00e4tze wurden abgebaut bzw. durch &#8222;flexible&#8220; Arbeitsverh\u00e4ltnisse ersetzt, ganz besonders &#8222;im Osten&#8220; Deutschlands.<br><br><\/strong><\/p>\n\n\n\n<p><strong>Das ist an sich auch nichts Tragisches, sondern war einfach notwendig nicht nur in Deutschland, aber Deutschland war aufgrund seiner hohen Lohnst\u00fcckkosten &#8211; gerade in dieser Gruppe &#8211; &#8222;der kranke Mann Europas&#8220;.<br>Nur hat man \u2013 auch wiederum besonders in Deutschland &#8211; nicht nur &#8222;vergessen&#8220;, diesen Menschen Alternativen zu geben, sondern hat sie des Weiteren bestraft,&nbsp;<em><u>entei<\/u>g<u>net<\/u><\/em>&nbsp;und ihre Ersparnisse, die Ergebnisse ihrer Lebensleistung &#8222;auf die Sozialhilfe angerechnet&#8220;, und das \u201eSchonverm\u00f6gen\u201c wurde durch einen baren Obrigkeitsstaat \u2013 an dem selbstverst\u00e4ndlich weder ein Putin-Freund\/ \u201eBasta-Kanzler\u201c noch eine gelernte Ossi-Kanzlerin etwas Negatives fanden \u2013 drastisch reduziert.<br><\/strong><strong><br><\/strong><strong>Es ist nicht verwunderlich, dass diese Bev\u00f6lkerungsgruppe das Haupt-W\u00e4hler-Potential der AfD oder auch von Trump darstellt.<\/strong><\/p>\n\n\n\n<p><strong>Deren Verhalten und Reaktion erscheint mir aber nicht mehr oder weniger \u201eirrational\u201c als das dem vorausgehende (Nicht-)Handeln \u201eder Politik\u201c.<br><br>In anderen &#8222;westlichen&#8220; L\u00e4ndern gab es ganz \u00e4hnliche Strukturver\u00e4nderungen &#8211; jedoch hat man dort in einigen Staaten die Bed\u00fcrfnisse dieser &#8222;Ausgemusterten&#8220; besser beachtet, das Sozial-, Steuer-, Renten-, Alimentationssystem entsprechend umgestellt und vieles versucht, diese Gruppe wieder und weiter in das System zu integrieren statt mit &#8222;Billig&#8220;-L\u00f6hnen abzuspeisen.<br><\/strong><strong><br><\/strong><strong>Je erfolgreicher L\u00e4nder bei diesen Umstellungen waren (wie z.B. D\u00e4nemark, Norwegen, Niederlande u.a.), desto weniger haben sie mit solchen &#8222;Protest&#8220;-Bewegungen zu k\u00e4mpfen.<br><\/strong><strong><br><\/strong><strong>Ein Gro\u00dfteil des Hasses auf Migranten ist diesen Lebenserfahrungen geschuldet, dass &#8222;Die&#8220; angeblich &#8222;alles in den A&#8230;. geschoben&#8220; bekommen sollen, w\u00e4hrend man selbst mit Niedrigl\u00f6hnen zurechtkommen m\u00fcsse.<\/strong><\/p>\n\n\n\n<p><strong>Allerdings haben unabh\u00e4ngig davon gerade auch die genannten L\u00e4nder erkannt, dass ungeregelte wahllose Migration in jedem Fall sch\u00e4dlich und auf Dauer untragbar ist.<br><\/strong><strong><br><\/strong><strong>In &#8222;der Politik&#8220; oder &#8222;den Medien&#8220; finden offene und sachorientierte Diskussionen \u00fcber all das nicht statt &#8211; vielmehr werden Tabus dar\u00fcber errichtet, und deshalb kann &#8222;die Politik&#8220; auch keine L\u00f6sungen finden: solche Tabuisierung erscheint mir als \u201eirrational\u201c; analysiert, setzt sie sich aber aus vielen \u2013 unangenehmen \u2013 Einzelheiten zusammen.<br><br>Die angeblichen &#8222;Vertreter&#8220; der &#8222;Ausgemusterten&#8220;, der angeblichen &#8222;Schweigenden Mehrheit&#8220; \u2013 inclusive der R\u00f6tk\u00e4ppchen-\/Wolf-Kommunistin Wagenknecht \u2013 haben an solcher Analyse freilich ebenfalls nicht das geringste Interesse, denn konstruktive Herangehensweisen w\u00fcrden ja ihre &#8222;Strategie&#8220; der Volksverhetzung als das &#8211; eben Volksverhetzung auf Kosten (noch) Schw\u00e4cherer &#8211; erkennen lassen, was sie ist.<br><\/strong><strong><br><\/strong><strong>Ans\u00e4tze oder Anmerkungen wie k\u00fcrzlich die der FDP, die feststellte, dass es z.B. eine &#8222;Kinderarmut&#8220; in dem von interessierten Kreisen der &#8222;Sozial-Industrie&#8220; behaupteten Ausma\u00df gar nicht gibt, sondern dass &#8222;Kinderarmut&#8220; sogar deutlich zur\u00fcckgegangen und nur in Zusammenhang mit der ungeregelten Einwanderung gestiegen ist, rufen &#8222;Emp\u00f6rung&#8220; hervor statt dass daraus Ans\u00e4tze f\u00fcr eine realit\u00e4tsgerechte L\u00f6sung realer Probleme entstehen gelassen werden.<\/strong><\/p>\n\n\n\n<p><strong>Klarer Realit\u00e4tssinn z\u00e4hlt offensichtlich nicht zu den St\u00e4rken und Grunds\u00e4tzen deutscher Politik und &#8222;W\u00e4hler&#8220;, die damit bekommen, was sie verdient und selbst &#8222;gew\u00e4hlt&#8220; haben \u2013 und wor\u00fcber sie sich dann wieder \u201eemp\u00f6ren\u201c k\u00f6nnen: das wiederum kann man wom\u00f6glich ziemlich treffend als \u201eirrational\u201c bezeichnen.<\/strong><strong><br><\/strong><\/p>\n\n\n\n<p><strong>&nbsp;&nbsp;&nbsp;&nbsp;&nbsp;&nbsp;&nbsp;&nbsp;05. \u2013 Lieber&nbsp;<\/strong><strong>MENSCH<\/strong><strong>&nbsp;werden \u2013 oder \u201etolerant\u201c sein ?<\/strong><\/p>\n\n\n\n<p><strong><br><\/strong><strong>MARTENSTEIN<\/strong><strong>&nbsp;\u201emeint\u201c (29.08. 2023 &#8211; \u201e<a href=\"http:\/\/www.welt.de\/politik\/deutschland\/plus247108576\/Migration-Wohin-unbegrenzte-Zuwanderung-fuehren-kann.html\">http:\/\/www.welt.de\/politik\/deutschland\/plus247108576\/Migration-Wohin-unbegrenzte-Zuwanderung-fuehren-kann.html<\/a>\u201c):<\/strong><strong><\/strong><\/p>\n\n\n\n<p><strong><br><\/strong><strong>Leider scheint Martenstein immer noch davon auszugehen, dass &#8222;Linke&#8220; und &#8222;Migrations-Bef\u00fcrworter&#8220; mit rationalen Argumenten erreichbar seien und es ihnen um &#8222;ein besseres Deutschland&#8220; gehe, sonst w\u00fcrde er nicht S\u00e4tze ver\u00f6ffentlichen wie &#8222;Es sind die Bef\u00fcrworter einer unbegrenzten Migration, die in Wahrheit das Ende jeglicher Migration bewirken werden. Entweder verarmt das Land und wird dadurch unattraktiv f\u00fcr Zuwanderer, oder es bekommt eine rechtsautorit\u00e4re Regierung, die wirklich die Schotten v\u00f6llig dicht macht, oder es versinkt im B\u00fcrgerkrieg.&#8220;<br>Aber Herr Martenstein, dies&nbsp;<\/strong><strong>IST<\/strong><strong>&nbsp;doch genau&nbsp;<\/strong><strong>DAS<\/strong><strong>, WAS sie wollen !<br>Siehe &#8222;Degrowth&#8220;-Gestammel von Klima-Terroristen, siehe den &#8222;Erfolg&#8220; von krankhaft verbissenen &#8222;kapitalismuskritischen&#8220; Gestalten wie &#8222;Ulrike Herrmann&#8220;, gegen\u00fcber denen jede Ironie eine unverdiente Ehre f\u00fcr diese w\u00e4re.<\/strong><\/p>\n\n\n\n<p><strong>Diese unbelehrbaren &#8222;Sozialisten&#8220;&nbsp;M\u00d6CHTEN, dass &#8222;dieses Deutschland zerst\u00f6rt&#8220; wird &#8211; und allerdings m\u00f6chte ein erheblicher Teil der AfD-(&#8222;W\u00e4hler&#8220;) dies ebenso, nur &#8222;anders begr\u00fcndet&#8220;, denn sie sind eben&nbsp;NATIONAL-&#8222;sozialistisch&#8220;.<br><br>Die nach dem WkII weithin unwidersprochen verbreitete &#8222;sowjetische&#8220; Geschichtsschreibung und &#8222;Faschismus-Erkl\u00e4rung&#8220; beinhaltet, dass &#8222;der Kapitalismus&#8220; eine &#8222;Vorform des Faschismus&#8220; sein und unweigerlich in den Faschismus f\u00fchren soll.<br><br>Dass dies &#8211;&nbsp;AUCH&nbsp;in der Weimarer Republik &#8211; jedoch vielmehr&nbsp;GEZIELT&nbsp;von &#8222;Linken&#8220; (KPD, USPD etc.)&nbsp;<em><u>GESTEUERT<\/u><\/em>&nbsp;wurde, &#8222;den B\u00fcrgerlichen&#8220; und &#8222;den Reichen&#8220; nur noch die &#8222;Wahl&#8220; zu lassen zwischen &#8222;(linker) Enteignung&#8220; und Hitler, dass sie &#8222;das Land in den Faschismus&nbsp;GETRIEBEN&#8220; haben, das kommt nirgends vor, sondern nur arme unschuldige &#8222;Kommunisten&#8220; als &#8222;Hitler-Opfer&#8220;.<br><br>Herr Martenstein, machen Sie sich doch mal geschichtskundig: wovor Sie, mithin leider ziemlich l\u00e4cherlich, &#8222;warnen&#8220; m\u00f6chten, ist&nbsp;<em><u>AUCH HEUTE<\/u><\/em>&nbsp;das&nbsp;<em><u>ZIEL<\/u><\/em>&nbsp;der &#8222;Linken&#8220; und der &#8222;Klima-Terroristen&#8220;: sie&nbsp;<em><u>m\u00f6chten&nbsp;KEINESFALLS&nbsp;konstruktive<\/u><\/em>(\u201arationale\u2018) langfristige nachhaltige Wege der Erneuerung, des Erfindungsreichtums, des freien Marktes zulassen &#8211; da dies ja die \u00dcberlegenheit einer grunds\u00e4tzlich freien Wirtschaft \u00fcber Staats-\u00d6konomie zeigen w\u00fcrde -, sondern sie m\u00f6chten einen freiheitlichen Weg deshalb um alles in der Welt verhindern, Deutschland&nbsp;<em><u>SOLL<\/u><\/em>&nbsp;verarmen,&nbsp;<em><u>SOLL&nbsp;<\/u><\/em>mit Migranten \u00fcberflutet werden,&nbsp;<em><u>SOLL<\/u><\/em>&nbsp;in &#8222;Rechts-Faschismus&#8220; abgleiten: das ist doch gerade das&nbsp;<em><u>ZIEL<\/u><\/em>&nbsp;der Terroristen !<br><br>Das heisst nat\u00fcrlich keinesfalls, dass &#8222;Rechts&#8220;-Faschisten in irgendeiner Weise &#8222;ungef\u00e4hrlicher&#8220; w\u00e4ren.<br><br>AUFWACHEN, Herr Martenstein !&nbsp;<br><br>Aber, dies auszusprechen und zu schreiben, wird ja bereits auch in der &#8222;Welt&#8220;&nbsp;<em>VERBOTEN<\/em>.&nbsp;<br>Entsprechende Leserbriefe werden weg-<em>ZENSIERT<\/em>.<br><br>Was Sie, Martenstein, &#8222;besorgt&#8220;, bewirkt Frohlocken bei Freiheitsfeinden von &#8222;Links&#8220; sowie &#8222;Rechts&#8220;, und sie wissen, dass sie &#8222;Erfolg&#8220; haben, dass die &#8222;Grenze des Sagbaren&#8220; meilenweit nach &#8222;Links&#8220; ausgedehnt ist und auch Ihr Feuilleton-Br\u00f6tchengeber dies beherzigt.<br><br>Martenstein &amp; Co. sollen aufh\u00f6ren zu piepsen und zu &#8222;mahnen&#8220; und stattdessen endlich&nbsp;<em><u>VERBOTE<\/u><\/em>&nbsp;&#8222;sozialistischer&#8220; und &#8222;links&#8220;-\/&#8220;rechts&#8220;- faschistoider &#8222;Parteien&#8220; fordern.<br><br>WORAUF&nbsp;wird hier gewartet ? Bis wieder ein Hitler oder Ulbricht Kanzler wird ? Wie lange soll\/will denn der &#8222;gute Ton&#8220; bei der nicht-&#8222;linken&#8220; Presse&nbsp;<em>NOCH<\/em>&nbsp;beachtet werden ?&nbsp;<br><br>All dies, und solche Verbote haben\/ h\u00e4tten freilich nur Sinn und w\u00e4ren nur nachhaltig, wenn der *berechtigte* oder nachvollziehbare Anteil der Gr\u00fcnde daf\u00fcr, dass &#8222;das Volk&#8220; zunehmend mit &#8222;Verschw\u00f6rungstheorien sympathisiert&#8220;, sich &#8222;in der Diktatur&#8220;, oder die &#8222;Freie Presse&#8220; als &#8222;Teil einer riesigen Desinformations-Agenda&#8220; w\u00e4hnt, argumentativ aufgegriffen w\u00fcrde und \u2013 statt \u201eToleranz\u201c zu predigen &#8211; in&nbsp;<em><u>echte Auseinandersetzun<\/u>g<u>en<\/u><\/em>&nbsp;m\u00fcnden d\u00fcrfte.<br><br>Und hier sind wir wieder beim eing\u00e4nglich beschriebenen Grundproblem: alle sind echter Auseinandersetzungen l\u00e4ngst entw\u00f6hnt:<br>nach &#8222;Alternativen&#8220; zur &#8222;L\u00fcgenpresse&#8220; zu suchen, ist &#8222;zu anstrengend&#8220;, und wer sich &#8222;zu kontrovers&#8220; \u00e4u\u00dfert, &#8222;wird gemeldet&#8220;, &#8222;wird entfriendet&#8220;, &#8222;wird blockiert&#8220;, &#8222;erh\u00e4lt Konten-Einschr\u00e4nkungen&#8220; usw. &#8211; und zwar in der Mehrzahl genau und gerade von denen, die sich &#8222;\u00fcber Zensur beschweren&#8220; und die angeblich &#8222;freie Meinungs\u00e4u\u00dferungen&#8220; st\u00e4rken wollen &#8211; solange man ihre &#8222;Meinung&#8220; teilt.<br><br>Dass so genannte &#8222;Justizminister&#8220; unter dem Deckmantel des &#8222;Schutzes&#8220; vor &#8222;Verletzung der Pers\u00f6nlichkeitsrechte&#8220; die Freiheit der Rede vernichten, ist Spiegelbild dessen, was &#8222;das Volk&#8220; f\u00fcr &#8222;(Meinungs-)Freiheit&#8220; halten will, und Grund daf\u00fcr, dass Diskussionen und politisches Handeln so realit\u00e4tsfern (\u201eirrational\u201c) verharren.<br><br>Echte Auseinandersetzung kann also niemals stattfinden ohne unerschrockenen Blick in den Spiegel: also das, was &#8222;Linke&#8220; wie &#8222;Rechte&#8220; am meisten f\u00fcrchten und f\u00fcr sie unertr\u00e4glich ist.<br><br>K\u00f6nnten sie \u2013 und nicht nur sie \u2013&nbsp;&nbsp;das, diesen Blick auf sich selbst, ertragen, g\u00e4be es bald keine &#8222;Linken&#8220;, &#8222;Rechten&#8220;, &#8222;B\u00fcrgerliche&#8220;, &#8222;Liberale&#8220; mehr, sondern &#8222;nur noch&#8220; Menschen.<\/strong><\/p>\n\n\n\n<p><\/p>\n\n\n\n<p><strong>06.-&nbsp;<\/strong><strong><em>Die ungebrochene Wiedergabe putinesker\/neo-sowjetischer Geschichtsschreibung<\/em><\/strong><strong><em><\/em><\/strong><\/p>\n\n\n\n<p><strong>Eine Wiedergabe \/ Kolportage &#8222;linker&#8220; und neo-sowjetischer Geschichtsschreibung ist, wenn angeblich \u201edie Machteliten\u201c \u201eUns\u201c etwas \u00fcberst\u00fclpen wollten und angeblich auch \u201eSchuld\u201c gewesen seien an der Machtergreifung Hitlers.<br><br>Vielmehr war&nbsp;&nbsp;es\u2013 und&nbsp;<em><u>ist<\/u><\/em>&nbsp;es wiederum&nbsp;<em><u>heute<\/u><\/em>&nbsp;&#8211; erkl\u00e4rte und un\u00fcbersehbare Absicht der &#8222;linken&#8220; Parteien KPD etc., totale Obstruktionspolitik zu betreiben mit dem Ziel einer &#8222;linken Revolution&#8220; nach sowjetischem Vorbild, und dazu geh\u00f6rte, &#8222;die B\u00fcrgerlichen&#8220; zu Hitler zu treiben und ihnen nur die &#8222;Wahl&#8220; zu lassen zwischen Hitler oder &#8222;Enteignung&#8220;.<br><br>Und das Ergebnis stellen (Neo-)Sowjets und heutige &#8222;Linke&#8220; als &#8222;Beweis&#8220; daf\u00fcr da, dass Kapitalismus nur &#8222;eine Vorform des Faschismus&#8220; sei: dabei haben die &#8222;Linken&#8220;\/ &#8222;Sozialisten&#8220; alles getan, um &#8222;den Kapitalismus&#8220; in den Faschismus zu treiben.<br><br>Deren Aussagen sind auch ein &#8222;sch\u00f6ner&#8220; Beleg daf\u00fcr, dass es zwischen &#8222;National&#8220;- u.a. &#8222;Sozialisten&#8220;, zwischen &#8222;Links&#8220; und &#8222;Rechts&#8220; grunds\u00e4tzlich keinen Unterschied gibt.<br><\/strong><\/p>\n\n\n\n<p><strong>Die \u201eEinen\u201c wollen &#8222;National&#8220;-Sozialismus, die &#8222;Anderen&#8220; den &#8222;Internationalismus&#8220;.<br><br>&#8222;Die Machteliten&#8220; werden von &#8222;beiden Seiten&#8220; (&#8222;Rechten&#8220; und &#8222;Linken&#8220;) als angebliche &#8222;Verschw\u00f6rer&#8220; dargestellt, die &#8222;wirkliche Freiheit nicht zulassen&#8220; wollten.<br><br>Wirkliche Freiheit aber kann es selbstverst\u00e4ndlich nur mit grunds\u00e4tzlich freier Wirtschaft geben.<br>Nicht &#8222;der Kapitalismus&#8220; ist schlecht &#8211; sondern das was &#8222;Regierungen&#8220; oder &#8222;die B\u00fcrger&#8220; daraus machen.<br>Wenn sie anti-innovativ und anti-fortschrittlich sind, und wenn ihnen ernsthafte Auseinandersetzung z.B. mit Waren und Konsumg\u00fctern \u201ezu anstrengend\u201c sind, gibt ihnen &#8222;der Kapitalismus&#8220; das was sie wollen.<br><br>Wenn sie ein kritisches Bewu\u00dftsein und entsprechende Produkte haben wollen w\u00fcrden, w\u00fcrde ihnen &#8222;der Kapitalismus&#8220; diese auch liefern.<br><br><em>Die Beschimpfung &#8222;des Kapitalismus&#8220; als &#8222;die Machteliten&#8220; usw. fungiert als Ablenkung &#8222;des Volkes&#8220; von sich selbst und seiner Dummheit, an dessen Folgen angeblich &#8222;der Kapitalismus&#8220; oder &#8222;die Machteliten Schuld&#8220; haben sollen &#8211; nicht das was &#8222;das Volk&#8220; konsumiert und &#8222;w\u00e4hlt&#8220;<\/em>.<\/strong><strong><br><br><\/strong><strong>Deshalb muss man sich entscheiden: \u201eLiberalismus\u201c und \u201eToleranz\u201c \u2013 oder&nbsp;<\/strong><strong>FREIHEIT<\/strong><strong>&nbsp;? Diese w\u00fcrde Verantwortung und kritisches Denken als Kennzeichen des Mensch-Seins beinhalten.<\/strong><\/p>\n\n\n\n<p><strong><em>07.- Das \u201eSelbstbestimmungsgesetz\u201c als Ausweis von&nbsp;&nbsp;Verantwortungslosigkeit :<br>\u201eProgressive Protagonisten\u201c und \u201eGender-Kritiker\u201c nehmen sich nichts<\/em><\/strong><\/p>\n\n\n\n<p><strong>Bei den allermeisten Au\u00dfenstehenden, die sich z.B. zu Themen wie &#8222;Transgender&#8220;, &#8222;Transsexualit\u00e4t&#8220; usw. \u00e4u\u00dfern, besteht die Frage, warum es \u00fcberhaupt so wichtig f\u00fcr sie zu sein scheint, sich zu etwas zu \u00e4u\u00dfern, das sie offenbar gar nicht erfassen und&nbsp;das sie gar nicht betrifft, und warum sie dazu &#8222;Fragen&#8220; oder Behauptungen (auf)stellen, die meist gar nicht die Fragen, Themen und Behauptungen der tats\u00e4chlich Involvierten\/ &#8222;Betroffenen&#8220; sind &#8211; die sie gar nicht zu interessieren scheinen.<\/strong><\/p>\n\n\n\n<p><strong>Bei den meisten selbst ernannt &#8222;Woken&#8220;, &#8222;Anti-Kolonialisten&#8220; usw. ist es \u00e4hnlich: sie interessieren sich nicht wirklich f\u00fcr die von ihnen angeblich &#8222;Gesch\u00fctzten&#8220;, sondern instrumentalisieren diese in perfider Weise politisch.<\/strong><\/p>\n\n\n\n<p><strong>Abgesehen davon, dass Leute, die &#8222;Diversit\u00e4t&#8220; und &#8222;Offenheit&#8220; zu f\u00f6rdern vorgeben, dann aber z.B. eine von Lobbyisten vorgeblicher &#8222;Nachhaltigkeit&#8220; zwangsweise vorgeschriebene &#8222;alternativlose&#8220; Energie-Monokultur von &#8222;W\u00e4rmepumpen&#8220; und &#8222;E-Autos&#8220; (aus Kohle- und Gas- Kraftwerken betrieben) installieren, ihre Verlogenheit, Unglaubw\u00fcrdigkeit und Pathologie dankenswerter Weise selbst aufzeigen.<\/strong><\/p>\n\n\n\n<p><strong>Aber der Schl\u00fcssel zum Irrenhaus scheint schon l\u00e4nger verloren gegangen zu sein.<\/strong><\/p>\n\n\n\n<p><strong>Die unabsehbaren und sch\u00e4dlichen Folgen des Begriffs \u201eToleranz\u201c als \u201eWert\u201c, der in Wirklichkeit s\u00e4mtliche Werte hinter sich l\u00e4\u00dft und diffamiert, zeigen sich auch beim so genannten \u201eSelbstbestimmungsgesetz\u201c.<\/strong><\/p>\n\n\n\n<p><strong>Ic<\/strong><strong>h bin nicht &#8222;liberal&#8220;, werde es nie sein und niemals in Anspruch nehmen.<\/strong><\/p>\n\n\n\n<p><strong>&#8222;Freiheit&#8220; f\u00fcr (ein) Handeln ist i.d.R. sinnfrei, wenn der &#8222;Freiheit&#8220; nicht die *Pflicht* zum kritischen Denken beigestellt, wenn &#8222;Freiheit&#8220; nicht&nbsp;mit kritisch gepr\u00fcftem *Inhalt* gef\u00fcllt wird.<\/strong><strong><\/strong><\/p>\n\n\n\n<p><strong>Das schliesst \u201eToleranz\u201c aus.<\/strong><\/p>\n\n\n\n<p><strong>Oder, \u00e4hnlich wie es auf der \u201eFreiheitsstatue\u201c in New York steht:&nbsp;<\/strong><\/p>\n\n\n\n<p><strong>&#8211;\u201eLiberalit\u00e4t\u201c (\u201eLiberty\u201c) beinhaltet die&nbsp;<em>M\u00f6glichkeit<\/em>, sich zwischen verschiedenen Wegen zu entscheiden.&nbsp;<\/strong><\/p>\n\n\n\n<p><strong>&#8211;\u201eFreiheit\u201c (\u201efreedom\u201c) ist die&nbsp;<em>F\u00e4higkeit<\/em>&nbsp;richtigen und umsichtigen Handelns bei und nach der Auswahl der M\u00f6glichkeiten, und ist ein&nbsp;<em>Ergebnis<\/em>&nbsp;solchen bewu\u00dften Handelns.<\/strong><\/p>\n\n\n\n<p><strong>Soviel zu, zum Beispiel, \u201eFreie Fahrt f\u00fcr freie B\u00fcrger\u201c-\u201eLiberalen\u201c.&nbsp;<\/strong><strong>WAS<\/strong><strong>&nbsp;an denen genau ist frei(heitlich), Herr Buschmann, Herr Lindner, Herr Wissing \u2026?&nbsp;<\/strong><\/p>\n\n\n\n<p><strong>WAS SONST<\/strong><strong>&nbsp;soll menschliche Freiheit beinhalten au\u00dfer der Freiheit, alles kritisch umfassend zu betrachten ?<\/strong><strong>&nbsp;\u2013 statt kritische Befassung mit \u201eToleranz\u201c zu ertr\u00e4nken ?<\/strong><\/p>\n\n\n\n<p><strong>G<\/strong><strong>runds\u00e4tzlich&nbsp;<\/strong><strong>gibt es oder habe ich jedenfalls&nbsp;<\/strong><strong>\u00fcberhaupt keinerlei Einwendungen gegen eine Geschlechts\u00e4nderung.&nbsp;<\/strong><strong><br><\/strong><strong>Als Psychotherapeut war das zwar nie mein Fachgebiet, aber die Thematik spielt bei sehr viel mehr Menschen eine Rolle als es &#8222;in der \u00d6ffentlichkeit bekannt&#8220; ist.<\/strong><strong><\/strong><\/p>\n\n\n\n<p><strong>Etwa ein Viertel meiner Klienten &#8211; bei in dem Fachgebiet Versierten&nbsp;<\/strong><strong>sind<\/strong><strong>&nbsp;es nat\u00fcrlich noch mehr &#8211; \u00e4u\u00dferten mehr oder weniger manifeste Befassung und Problematik bei diesen Themen, wobei die gesetzlichen Restriktionen dabei kaum eine Rolle spielten.<\/strong><strong><\/strong><\/p>\n\n\n\n<p><strong>Fragen von \u201eGeschlechter\u201c-\u201eRollen\u201c und \u2013\u201eIdentit\u00e4ten\u201c spielen f\u00fcr einen gro\u00dfen Teil der Menschen eine erhebliche Rolle.<br><\/strong><\/p>\n\n\n\n<p><strong>Wenn so genannte \/ selbst ernannte \u201eGender-Kritiker\u201c dies als \u201eRandthema\u201c bezeichnen wollen, verhindern sie damit nicht nur, dass in der Bev\u00f6lkerung ein Bewu\u00dftsein davon entsteht, f\u00fcr wieviele Menschen dies ein bedeutendes Thema ist und wieviele dazu Fragen und Zweifel haben, sondern sie bereiten damit gerade den Boden daf\u00fcr, dass obskure und unbedachte, ideologisierte Behandlung der Thematik durch \u201ePressure Groups\u201c \u00fcberhand nehmen und es nicht mehr ausschliesslich um die \u201eBetroffenen\u201c und die konstruktive Behandlung ihrer Themen geht, sondern um ideologische \u00dcberh\u00f6hung, welche die bewusste durchdachte und freie Wahl der \u201eBetroffenen\u201c nicht bef\u00f6rdert, sondern (weiter) einschr\u00e4nkt.<\/strong><\/p>\n\n\n\n<p><strong>Wie bei vielen oder allen anderen Themen auch, \u00e4hneln sich hier \u201eGegner\u201c\/\u201cKritiker\u201c und \u201eprogressive Protagonisten\u201c einander und verhindern wirkliche konstruktive Verbesserungen \u2013 ausschliesslich zur eigenen Profilierung und zu Lasten der \u201eBetroffenen\u201c.<\/strong><\/p>\n\n\n\n<p><strong>Sonst k\u00f6nnte man nicht z.B. eine (psychologische) Beratung als \u201eGender-T\u00fcV\u201c diffamieren, oder auch, sich nicht hemmungslos \u00fcber Queere, Nicht Bin\u00e4re, Transsexuelle, Intersexuelle usw. belustigen.<\/strong><\/p>\n\n\n\n<p><strong>Bereits ich als Psychotherapeut konnte vielen Menschen nur begrenzt helfen, und musste sie an Fachleute verweisen &#8211; eine gesetzliche &#8222;Liberalisierung&#8220; in dem Sinne, dass jede\/r &#8222;einfach selbst entscheiden&#8220; und nach Belieben sein Geschlecht ver\u00e4ndern kann, kann ich nur als Katastrophe und dem Sujet \u00fcberhaupt nicht angemessen, als&nbsp;<\/strong><strong>komplett&nbsp;<\/strong><strong>verantwortungslos bezeichnen.<\/strong><strong><\/strong><\/p>\n\n\n\n<p><strong>Es wird insbesondere so getan, als seien &#8222;die Betroffenen&#8220; hier einheitlich und mit gleichen &#8222;Meinungen&#8220;: vielmehr sind die Ansichten hier sehr *divers*, doch findet genau das widerspr\u00fcchlicher Weise im Gesetz keinen Widerhall.<\/strong><strong><\/strong><\/p>\n\n\n\n<p><strong>Es soll auch hier<\/strong><strong>&nbsp;\u2013 recht&nbsp;<\/strong><strong>\u00e4hnlich wie&nbsp;<\/strong><strong>etwa&nbsp;<\/strong><strong>beim&nbsp;<\/strong><strong>\u201e<\/strong><strong>GEG<\/strong><strong>\u201c \u2013&nbsp;<\/strong><strong>brachial eine realit\u00e4tsfremde Handlungsweise durchgesetzt werden.<\/strong><strong><\/strong><\/p>\n\n\n\n<p><strong>&#8222;Liberal&#8220; ist auch das gerade nicht, eher obrigkeitsstaatlich bis totalit\u00e4r.<\/strong><strong><\/strong><\/p>\n\n\n\n<p><strong>Nicht nur Frauen, die sich von &#8222;physischen M\u00e4nnern&#8220; bedroht f\u00fchlen &#8211; die eben ihre &#8222;Freiheit da bedroht sehen&#8220;, wo die &#8222;Freiheit&#8220; anderer ihrem Empfinden nach zu weit geht -, sprechen dagegen, auch unter Nicht-Bin\u00e4ren, Transsexuellen usw. selbst kenne ich sehr viele, die einer so voraussetzungslosen &#8222;L\u00f6sung&#8220; nichts abgewinnen k\u00f6nnen, und die immer wieder sehr hart mit sich ringen und es nicht begreifen k\u00f6nnen, wie man eine so essentielle Entscheidung so nachl\u00e4ssig behandeln kann.<\/strong><strong><\/strong><\/p>\n\n\n\n<p><strong><em>08.- \u201eKlima-Aktivisten\u201c und \u201eDer Staat\u201c, den sie \u201ebek\u00e4mpfen wollen\u201c, nehmen sich nichts<\/em><\/strong><\/p>\n\n\n\n<p><strong>\u00c4hnlich wie&nbsp;<\/strong><strong>es selbstverst\u00e4ndlich vollkommen anti-liberal<\/strong><strong>, \u201eintolerant\u201c und obrigkeitsstaatlich ist<\/strong><strong>, wenn nur noch eine Fortbewegungs- und Heizungsart \u00fcberhaupt erm\u00f6glicht und unterst\u00fctzt wird, obwohl es selbstverst\u00e4ndlich&nbsp;<\/strong><strong>immer oder meist&nbsp;<\/strong><strong>Alternativen gibt.<\/strong><strong><\/strong><\/p>\n\n\n\n<p><strong>Schau<\/strong><strong>t man<\/strong><strong>&nbsp;<\/strong><strong>hier<\/strong><strong>&nbsp;in die L\u00e4nder, wo es bisher&nbsp;<\/strong><strong>zuvor&nbsp;<\/strong><strong>Erdgasheizungs<\/strong><strong>-V<\/strong><strong>erbote gibt: diese haben meist Jahrzehnte lang Alternativen &#8211; die es also GIBT und die auch in Deutschland aufgebaut werden k\u00f6nnen &#8211; aufgebaut,&nbsp;<\/strong><strong>BEVOR<\/strong><strong>&nbsp;<\/strong><strong>(!!)&nbsp;<\/strong><strong>sie Heizungsverbote aussprachen.<\/strong><strong><\/strong><\/p>\n\n\n\n<p><strong>In den &#8222;liberalen&#8220; Niederlanden, das in der De-Fossilisierung hinterherhinkt, werden Hybrid-L\u00f6sungen erm\u00f6glicht und gef\u00f6rdert, bis &#8211; i.d.R. mit Wasserstoff &#8211; andere Energiespeicherl\u00f6sungen zur Verf\u00fcgung stehen.<\/strong><strong><\/strong><\/p>\n\n\n\n<p><strong>NICHTS von solcher Umsicht und R\u00fccksicht&nbsp;<\/strong><strong>fand, und auch&nbsp;<\/strong><strong>findet<\/strong><strong>,<\/strong><strong>&nbsp;sich in Habeck\/Graichens Vorgehen &#8211; und diejenigen, welche das vollkommen zu Recht kritisieren, werden auch noch als &#8222;Gegner der Regenerativen Energien&#8220; diffamiert: we<\/strong><strong>r<\/strong><strong>da nicht eindeutige Illiberalit\u00e4t entdecken k<\/strong><strong>ann<\/strong><strong>, s<\/strong><strong>ollte<\/strong><strong>&nbsp;sich Vortr\u00e4ge \u00fcber &#8222;Liberalismus&#8220;<\/strong><strong>&nbsp;oder \u201eToleranz\u201c sparen<\/strong><strong>.<br><br><\/strong><strong>Nicht nur habe ich keine grunds\u00e4tzlichen Probleme mit &#8222;Geschlechtsanpassungen&#8220; oder generell diesem Thema, sondern<\/strong><strong>auch nichts gegen \u201eErneuerbare Energien\u201c<\/strong><strong>,<\/strong><strong>&nbsp;nicht nur<\/strong><strong>&nbsp;weil ich z.B.<\/strong><strong>&nbsp;selbst<\/strong><strong>&nbsp;eine Photovoltaikanlage mit 14.400 kW Bruttoleistung betreibe, sondern auch&nbsp;<\/strong><strong>noch&nbsp;<\/strong><strong>nie einen Pkw besessen habe, immer Rad und Bahn gefahren, n<\/strong><strong>icht h\u00e4ufiger als ein dutzend Mal in mehreren Jahrzehnten<\/strong><strong>&nbsp;geflogen bin<\/strong><strong>, oder auch&nbsp;<\/strong><strong>mich seit f\u00fcnfzehn Jahren&nbsp;<\/strong><strong>ausschliesslich bis weitgehend&nbsp;<\/strong><strong>pflanzlich-vollwertig ern\u00e4hre.<\/strong><strong><\/strong><\/p>\n\n\n\n<p><strong>Aber deswegen muss ich nicht meinen kritischen Verstand bei den &#8222;Gr\u00fcnen&#8220; abgeben, wenn die<\/strong><strong>se<\/strong><strong>&nbsp;Sche*sse bauen.<\/strong><strong><\/strong><\/p>\n\n\n\n<p><strong>Ebenso muss ich nicht, weil &#8211; oder *gerade* weil &#8211; ich mich f\u00fcr Nicht-Bin\u00e4re etc. einsetze, dieses &#8222;Gesetz&#8220; gut finden.<\/strong><strong><\/strong><\/p>\n\n\n\n<p><strong>Doch leider verlaufen &#8222;Diskussionen&#8220; nicht nur in diesem Bereich&nbsp;<\/strong><strong>eben gr\u00f6\u00dftenteils&nbsp;<\/strong><strong>krass irrational und mit voller Ideologisierung<\/strong><strong>&nbsp;(<\/strong><strong>&#8222;Facebook-Niveau&#8220;<\/strong><strong>)<\/strong><strong>&nbsp;<\/strong><strong>:<\/strong><strong>&nbsp;<\/strong><strong><br><\/strong><strong>&#8222;Wer Gr\u00fcne &#8218;Energiewende&#8216; kritisiert, &#8218;ist Fossil-Fan&#8216;, wer gegen das &#8222;Geschlechtsanpassungsgesetz&#8220; Einw\u00e4nde hat, ist ein &#8222;alter weisser heterosexueller Sack&#8220;, &#8222;illiberal&#8220; usw.<\/strong><strong><br><br><\/strong><strong><\/strong><\/p>\n\n\n\n<p><strong>Das gleiche &#8222;Niveau&#8220; wie &#8222;Wer den Islam oder dessen &#8218;Geistlichkeit&#8216; kritisiert, ist ausl\u00e4nderfeindlich, &#8222;rassistisch&#8220;, usw.&#8220;<\/strong><strong><\/strong><\/p>\n\n\n\n<p><strong>Also \u201eDiskussionen\u201c in u<\/strong><strong>nertr\u00e4glich<\/strong><strong>er<\/strong><strong>&nbsp;&#8211; und f\u00fcr mich beleidigend<\/strong><strong>er \u2013 Weise: das ist die Regel<\/strong><strong>.<\/strong><strong><\/strong><\/p>\n\n\n\n<p><strong>Ich kann auch daraus nur schliessen, dass die \u201eKrone der Sch\u00f6pfung\u201c im Gro\u00dfen und Ganzen ziemlich \u00fcbersch\u00e4tzt zu werden scheint.&nbsp;<\/strong><strong><br><br><\/strong><strong>Das Problem ist nicht eine &#8222;Reiz\u00fcberfl\u00fctung&#8220;, vielmehr ist diese ein Symptom des eigentlichen bzw. des Hauptproblems, der *Realit\u00e4tsverweigerung*:<br><br>sich mit der Realit\u00e4t zu besch\u00e4ftigen, gilt als &#8222;langweilig&#8220;.<\/strong><\/p>\n\n\n\n<p><strong><br>Es gibt mehr thrill, jemanden z.B. als &#8222;Alten Weissen Mann&#8220; zu beschimpfen &#8211; nur weil er zu den Forderungen &#8222;Junger Allesbesserwisser und -woller&#8220; nicht nickt wie ein Wackeldackel im Opel Rekord \u2013 als, sich sachlich mit der Realit\u00e4t und den M\u00fchen von deren Bew\u00e4ltigung zu besch\u00e4ftigen.<br>Wer zu bedenken gibt, dass die &#8222;politischen Vorgaben&#8220; nirgends eine L\u00f6sung bereitstellen, sondern demotivieren und alles nur noch schlimmer machen, dessen Argumente werden niedergeschrieen und er wird z.B. als &#8222;Gegner der Erneuerbaren&#8220; diffamiert.<br>Dabei kenne ich kaum jemanden, der nicht Interesse an &#8222;erneuerbarer&#8220; Energie h\u00e4tte &#8211; aber massenhaft Menschen, die beklagen, dass Wunschdenken und Beschimpfungen erneuerbare Energien diese nicht in w\u00fcnschenswerter Weise schaffen.<br><br><\/strong><strong>&#8222;Klima-Aktivisten&#8220; &amp; Co.&nbsp;<\/strong><strong>s<\/strong><strong>ind offensichtlich mental\/geistig nicht in der Lage, die Realit\u00e4t (zu) erkennen (zu wollen), ignorieren diese, und stellen alles so dar als sei das alles \u2013 \u201edie Umstellung\u201c &#8211; ganz easy, und wenn es nicht klappt, soll nur &#8222;der fehlende Wille Schuld&#8220; sein.<br>Dass es reale und auch kaum ver\u00e4nderbare Probleme gibt, wollen sie in ihrem stalinistisch-totalit\u00e4ren Gehabe nicht wahrhaben.<br><br>Man hat gef\u00e4lligst die &#8222;Waren die der Sozialismus bereitstellt&#8220;, gut zu finden, man hat gef\u00e4lligst nicht zu meckern und nicht nach Verbesserungsm\u00f6glichkeiten Ausschau zu halten.<br>Man hat nicht zu sagen, dass man akkubetriebene Autos seltsam findet und Verbrenner viel besser, angenehmer und praktischer, und dass man sich w\u00fcnscht, Verbrenner &#8222;k<\/strong><strong>l<\/strong><strong>imaneutral&#8220; zu machen statt dass Accu-Autos vorgeschrieben werden.<br><\/strong><strong><br><\/strong><strong>Es ist&nbsp;<\/strong><strong>hier&nbsp;<\/strong><strong>einhundertprozentig wie im Sozialismus, die Prot\u00e9gierenden sind &#8222;\u00d6ko-Kommunisten&#8220;, &#8222;der Klimawandel&#8220; ist nur ein &#8222;neuer&#8220; Vorwand, um den Stalinismus wiedereinzuf\u00fchren.<br><\/strong><strong><br><\/strong><strong>Ich frage mich, wie und von wem Gestalten eigentlich (nicht) erzogen worden sind, die auf der Strasse \u00f6ffentlich N\u00f6tigung betreiben und dann wenn man sie nicht lieb hat, jammern, dass angeblich &#8222;alle nichts gegen den &#8218;Klimawandel&#8216; tun&#8220; wollten,<\/strong><strong>&nbsp;in esoterischem Habitus, der erkennen l\u00e4\u00dft, aus welchen \u201eHintergr\u00fcnden\u201c all diese offensichtlich Beschr\u00e4nkten und Selbstherrlichen stammen, die nicht in\u00b4s Gef\u00e4ngnis geh\u00f6ren d\u00fcrften, sondern eher direkt in die Nervenheilanstalt.&nbsp;<\/strong><strong><br><br>Direkt aus dem Kindergarten auf die Strasse.<br><br>Und dann tun sie<\/strong><strong>, wenn die b\u00f6se Polizei sie nicht in Ruhe l\u00e4\u00dft nach all ihren Straftaten,&nbsp;<\/strong><strong>auch noch so als ob sie die einzigen auf der Welt w\u00e4ren, die von &#8222;Hausdurchsuchungen&#8220; betroffen w\u00e4ren.<br>Auch da kennen sie die Realit\u00e4t nicht.<br>Es gibt unz\u00e4hlige &#8222;Hausdurchsuchungen&#8220;, bei denen<\/strong><strong>,<\/strong><strong>&nbsp;wenn man sich die vorherigen \u00c4u\u00dferungen von Staatsanwaltschaft oder Richtern dazu ansieht, &#8222;weshalb&#8220; sie &#8222;Hausdurchsuchungen&#8220; stattgaben, nur die H\u00e4nde \u00fcber dem Kopf zusammenschlagen kann.<br><br>In den meisten F\u00e4llen&nbsp;<\/strong><strong><em>GIBT<\/em><\/strong><strong>&nbsp;es &#8222;mildere Mittel&#8220;, &#8222;Beweise&#8220; zu sammeln. Hausdurchsuchungen fungieren als<\/strong><strong>&nbsp;<\/strong><strong>Mittel der Einsch\u00fcchterung und als Ersatzhandlung f\u00fcr die Dummheit und Faulheit von &#8222;Ermittelnden&#8220;, die hieb- und stichfeste Beweise in den meisten F\u00e4llen &#8211; wie auch bei &#8222;Klimaaktivisten&#8220; &#8211; selbstverst\u00e4ndlich auch ohne Hausdurchsuchungen erhalten k\u00f6nnten.<br><br>Und als Mittel f\u00fcr arrogante Staatsanw\u00e4lte und Richter, Machtmissbrauch zu betreiben &#8211; so wie es auch die &#8222;Klima-Aktivisten&#8220; tun.<br><br>Es g\u00e4be ein ganz einfaches Mittel des &#8222;Gesetzgebers&#8220;, dem einen Riegel vorzuschieben:&nbsp;<\/strong><strong>etwa&nbsp;<\/strong><strong>die Vorschrift, einbehaltene Ger\u00e4te innerhalb einer Woche durchzusehen und sie dann sofort zur\u00fcckzugeben &#8211; statt sie Monate und Jahre lang &#8222;wegen Personalmangel&#8220; unbearbeitet zu stapeln.<br><br>Dann w\u00fcrden 99% der &#8222;Hausdurchsuchungen&#8220; unterbleiben.<br><br>Doch &#8222;dem Staat&#8220; geht es nun mal nicht um&nbsp;<\/strong><strong><em>RECHTE<\/em><\/strong><strong>&nbsp;der B\u00fcrger, wie sich nicht nur beim &#8222;NetzDG&#8220;&nbsp;<\/strong><strong>oder auch dem \u201eGEG\u201c&nbsp;<\/strong><strong>zeigt, sondern um &#8222;Macht&#8220;-Demonstration und -Mi\u00dfbrauch.<br><br>Hier nehmen sich&nbsp;<\/strong><strong>auch&nbsp;<\/strong><strong>&#8222;Klima-Aktivisten&#8220; und &#8222;der Staat&#8220;, den sie angeblich &#8222;bek\u00e4mpfen&#8220; und zu Besserem anhalten wollen, NICHTS.&nbsp;<br><\/strong><strong>&#8222;Everybody wants to rule the world&#8220;, Nachschub an Ars<\/strong><strong>**<\/strong><strong>l\u00f6chern ist stets garantiert.<\/strong><\/p>\n\n\n\n<p><strong>09.- \u201eDeutsche Fragen\u201c: Lebensfreude \u201aoder\u2018 Idealismus \u2026? Die Lust oder \u201edas Gute\u201c ?<br><br>Das \u2013 weiterhin komplett \u201eunbew\u00e4ltigte\u201c, ja nicht mal als solches erkannte \u2013 Grundproblem Deutschlands ist der &#8222;Deutsche Idealismus&#8220;, und dass etwa Pragmatismus, Realismus und Rechnen K\u00f6nnen als verwerflich und &#8222;unmoralisch&#8220; gilt &#8211; in fast allen anderen L\u00e4ndern wird man daf\u00fcr als besonders lebenst\u00fcchtig, interessant und vorbildhaft angesehen, in Deutschland ist man dann z.B. ein &#8222;b\u00f6ser Reicher&#8220;, der &#8222;enteignet&#8220; geh\u00f6rt.<\/strong><\/p>\n\n\n\n<p><strong>Auf dieser Klaviatur vermochte seit Hitler niemand mehr so effektiv zu spielen wie &#8222;Die Gr\u00fcnen&#8220;, die &#8222;Antifaschisten&#8220;.<\/strong><\/p>\n\n\n\n<p><strong>Wegen dieses Diktums gilt jeder, der nicht umstandslos &#8222;dem Guten&#8220; folgt, das einstmals Hitler vertrat und heute die &#8222;Gr\u00fcnen&#8220; ventilieren, als schlechter Mensch &#8211; und wer m\u00f6chte schlechter Mensch sein ?<\/strong><\/p>\n\n\n\n<p><strong>Im Pietismus ist jeder &#8222;schlecht&#8220;, der nicht jeglicher Lust entschieden und entr\u00fcstet versagt, und der beim Auftauchen des Wahren und Guten nicht das&nbsp;<\/strong><em><u>l\u00e4sterliche<\/u><\/em><strong>&nbsp;\u2013 \u201afr\u00fcher sagte man\u2018: \u201e<em>das j\u00fcdische<\/em>\u201c \u2013&nbsp;&nbsp;(Selbst-)Denken einstellt.<\/strong><\/p>\n\n\n\n<p><strong>Wer also ernsthaft z.B. zu fragen wagt, warum nicht erstmal die enorme (Nicht-)Speicher-Problematik der &#8222;Erneuerbaren&#8220; zu l\u00f6sen versucht wird, bevor der f\u00fcnfte Schritt einer angeblich &#8222;alternativlosen&#8220; &#8222;W\u00e4rmepumpe&#8220; vor dem ersten getan wird, wer fragt, womit Fernlastverkehr, Flugverkehr, Formel-1 usw. denn k\u00fcnftig betrieben werden sollen (mit Accus ???), und weshalb beim Aufbau von Wasserstoff-Technologie, Hybridgasnetzen, E-Fuels usw. dann nicht mit der Zeit ganz selbstverst\u00e4ndlich auch genug Kapazit\u00e4ten f\u00fcr den &#8222;Einzel-Verbraucher&#8220; entstehen d\u00fcrften, oder wer fragt warum der erste gro\u00dfe Durchbruch bei der Kernfusion kaum irgendwo wahrgenommen wird &#8211; und ob auch hier wieder &#8222;Europa&#8220; nur &#8222;Forschungs-Hochburg&#8220; sein, aber niemals&nbsp;<\/strong><strong>B\u00d6SE<\/strong><strong>&nbsp;Gesch\u00e4fte mit&nbsp;<\/strong><strong>B\u00d6SEN<\/strong><strong>&nbsp;Investoren prot\u00e9gieren soll -, der kommt&nbsp;<em><u>dem Grund<\/u>p<u>roblem des \u201aGuten\u2018 Deutschen<\/u><\/em>&nbsp;auf die Spur:&nbsp;<br><br>es ist sein&nbsp;<\/strong><strong>HASS<\/strong><strong>&nbsp;auf alles was Freiheit, Lust, Unabh\u00e4ngigkeit, Gesch\u00e4ft\/Business verspricht.<\/strong><\/p>\n\n\n\n<p><strong>Solange diese ur-deutsche, oder lutherisch-calvinistische Grundproblematik (nicht von ungef\u00e4hr waren &#8222;Protestanten&#8220; weit \u00fcberwiegend \u00fcberaus gern Hitler-Fans und sp\u00e4ter &#8222;\u00fcberzeugte Sozialisten&#8220;) nicht erkannt, bek\u00e4mpft und als&nbsp;<\/strong><strong>KRANK<\/strong><strong><\/strong><strong>behandelt wird, werden &#8222;Gr\u00fcne&#8220; weiterhin als &#8222;die Guten&#8220; dastehen, und jemand als &#8222;schlechter Mensch&#8220;, sobald man ihnen widerspricht.<\/strong><\/p>\n\n\n\n<p><strong>Und &#8222;schlecht&#8220; m\u00f6chte niemand sein, schon gar nicht in Deutschland, dem Land der &#8222;Anpassung&#8220;, des Anti-Individualismus, der Duckm\u00e4userei, des &#8222;<\/strong><strong>Was-sollen-die-Leute-sagen<\/strong><strong>&#8222;.<\/strong><\/p>\n\n\n\n<p><strong>Deshalb w\u00e4re wichtig, endlich und immer und immer wieder deutlich auszusprechen, wie grund-<\/strong><strong>SCHLECHT<\/strong><strong>&nbsp;&#8222;Gr\u00fcne&#8220;, &#8222;Linke&#8220; und ihre Ideologisierung und Zwanghaftigkeit sind; &#8222;die Mehrheit&#8220; weiss es zwar l\u00e4ngst, wagt es aber nicht, dies auszusprechen, weil die Angstmache, die Vorwurfshaltung der selbst ernannt &#8222;Guten&#8220; und ihr perverser Flagellantismus\/ Selbstgeisselung noch zu wirkm\u00e4chtig sind und dies permanent von der &#8222;Freien Presse&#8220; verbreitet wird, von &#8222;Journalisten&#8220;, die zu 98%&nbsp;<\/strong><strong>NICHTS<\/strong><strong>&nbsp;k\u00f6nnen, dann aber wenigstens &#8222;gut&#8220; sein wollen, weil sie sonst in ihren Redaktionen auffallen und ausgegrenzt w\u00fcrden, von denen die allt\u00e4glich das &#8222;Antidiskriminierungs&#8220;- Evangelium rauf und runter beten.<\/strong><\/p>\n\n\n\n<p><strong>Dagegen hilft wie bei allen Religionen nur H\u00e4resie: die allerschwerste \u00dcbung f\u00fcr den Guten &#8222;Volks&#8220;-Deutschen.<\/strong><\/p>\n\n\n\n<p><strong><em>10.- \u2026&nbsp;<\/em><\/strong><strong><em>und noch ein ausf\u00fchrlicher Blick in die&nbsp;<u>Realit\u00e4t<\/u>&nbsp;&nbsp;: alles \u201ezu anstrengend\u201c \u2026 \u201eEmp\u00f6rung\u201c oder \u201eToleranz\u201c sind viel einfacher<\/em><\/strong><\/p>\n\n\n\n<p><strong>&gt;&gt; .. das G\u00fctertransportgewerbe mit den Betreibern der Lastwagenflotten auf den Stra\u00dfen und Autobahnen sieht sich als Melkkuh und Pr\u00fcgelknabe der Verkehrs- und Umweltpolitik, da die Berliner Regierungskoalition 2024 die Lastwagen-Maut fast verdoppeln will.&nbsp;<br>\u201eVon dieser Mauterh\u00f6hung geht keine Lenkungswirkung aus\u201c, sagt Dirk Engelhardt, Vorstandssprecher des Bundesverbandes G\u00fcterkraftverkehr, Logistik und Entsorgung (BGL).<br><br>Zwar hei\u00dft es, Elektrolastwagen w\u00fcrden f\u00fcr zwei Jahre von der Maut freigestellt. Doch Engelhardt entgegnet:&nbsp;<br>\u201eKein Fuhrunternehmer kauft sich einen Elek\u00adtro-Lkw, solange es keine Ladeinfrastruktur gibt. Wer wenigstens auf dem eigenen Betriebsgel\u00e4nde Lades\u00e4ulen f\u00fcr Lastwagen installieren will, bekommt von den Stromversorgern oft die Antwort, dass nicht gen\u00fcgend Strom geliefert werden k\u00f6nne.&nbsp;<br>Und von den Lastwagenherstellern ist zu h\u00f6ren, dass jeder von denen im ganzen Jahr 2024 h\u00f6chstens drei- oder vierstellige Zahlen an Elektro-Lastwagen liefern kann.\u201c&nbsp;<br><br>Solche Produktionszahlen sind allerdings etwas wenig f\u00fcr die Erneuerung einer Flotte von 800.000 schweren Lastwagen in Deutschland.<br><br>Schlie\u00dflich sei noch so oft von den sogenannten \u201eMegachargern\u201c die Rede, die mit 1000 Kilowatt Leistung riesige Lastwagenbatterien laden sollen.&nbsp;<br><br>Doch von denen gebe es in Deutschland noch keinen einzigen, sagt Engelhardt. Selbst im elektroantriebsaffinen Norwegen gebe es davon bisher nur zwei St\u00fcck als Versuchsobjekte im Hafen von Oslo.&nbsp;<br><\/strong><strong><br><\/strong><strong>\u201eBei null vorhandenen Megachargern fehlt mir ein bisschen die Phantasie daf\u00fcr, dass die Fahrer dann irgendwie in der Zeit zwischen 11 und 13 Uhr eine Mittagspause von 45 Minuten machen und dann alle gleichzeitig laden k\u00f6nnen\u201c, sagt Engelhardt. &lt;&lt;<br><\/strong><strong><br><\/strong><a href=\"http:\/\/www.faz.net\/aktuell\/wirtschaft\/klima-nachhaltigkeit\/transportunternehmen-wollen-nicht-suendenbock-der-klimapolitik-sein-18881344.html\"><strong>http:\/\/www.faz.net\/aktuell\/wirtschaft\/klima-nachhaltigkeit\/transportunternehmen-wollen-nicht-suendenbock-der-klimapolitik-sein-18881344.html<\/strong><\/a><strong><br><\/strong><strong><br><\/strong><strong>Die \u201eErneuerbare Energie\u201c- oder auch \u201eFaktenchecker\u201c-Branche und andere sind nicht &#8222;gekauft&#8220;, sondern sie verbreiten ihre &#8222;\u00dcberzeugungen&#8220;, die sie ohne finanzielle Zuwendungen genauso h\u00e4tten.<br>Deshalb ist es schon sehr inhaltslos, jemanden &#8222;deswegen&#8220;\/&#8220;daf\u00fcr&#8220; zu kritisieren, dass er Geld bekommt.<br>Denn es gibt an Inhalten doch genug zu kritisieren.<br>Herr Graichen z.B. hat seine vor mehreren Jahren in abgehobenen Studierstuben entwickelten Theorien der &#8222;Agora Energiewende&#8220;, die vollst\u00e4ndig mit &#8222;Gleichgesinnten&#8220; und ohne &#8222;Widerrede&#8220; und Realit\u00e4tsabgleich besetzt war und bis heute ist, bruchlos und mit damit berechtigter Bruchlandung umsetzen wollen.<br><br>Hier w\u00e4re nicht zu kritisieren, dass seine Klitsche &#8222;Zuwendungen&#8220; erh\u00e4lt, sondern dass sie sich von Einw\u00e4nden, Kritik, Widerspruch offenbar hermetisch abriegelt.<br><br>Graichen ist aber nicht der Einzige, der sich so kritikunf\u00e4hig und autistisch verh\u00e4lt.<br><br>Dies alles hat er aber schon vor zwei Jahren, schon vor der &#8222;Putin-Krise&#8220;, ganz deutlich gesagt &#8211; es wurde allerdings kaum davon Notiz genommen von all denen die jetzt &#8222;emp\u00f6rt&#8220; sind.<br>Ich war schon vor anderthalb Jahren, als ich das zum ersten Mal las, &#8222;emp\u00f6rt&#8220; dar\u00fcber, dass er z.B. das Gasnetz &#8222;alternativlos abwickeln&#8220; wollte (obwohl es Alternativen gibt), und habe mehrfach Entsprechendes dazu ver\u00f6ffentlicht&nbsp;&nbsp;&#8211; doch niemand hat sich daf\u00fcr interessiert:&nbsp;<\/strong><\/p>\n\n\n\n<p><strong>\u201ezu anstrengend\u201c<br>&#8222;Das haben wir doch alles nicht gewu\u00dft&#8220; in Gr\u00fcn.<br><br>Das Traurige ist tats\u00e4chlich, dass Merkel 16 Jahre nichts getan hat, aber eben &#8222;gew\u00e4hlt&#8220; wurde vielfach von denen, die jetzt &#8222;emp\u00f6rt&#8220; sind, und es erst einen &#8222;Vetternwirtschafts-Skandal&#8220; geben mu\u00dfte, dessen Aufgeregtheit eigentlich inhaltslos und nachrangig ist.<br>Aber Inhalte und kritisches Denken interessiert &#8222;das Volk&#8220; halt nicht:<\/strong><\/p>\n\n\n\n<p><strong>&#8222;ist zu anstrengend&#8220;.<br><br>Da sollte &#8222;das Volk&#8220; sich doch mal lieber selbst kritisieren statt &#8222;anzuprangern&#8220;, dass Leute mit irgendwas Geld verdienen.<br>&#8222;Das Volk&#8220; kann sich f\u00fcr bessere Waren, bessere Energie, umsichtigere Gestaltung selbst entscheiden &#8211; es muss aber dann auch bereit und f\u00e4hig zur (Selbst-)Kritik sein.<br><br>Wom\u00f6glich \u00fcbertr\u00e4gt \u201edas Volk\u201c nur sein eigenes Unbehagen und \u201eMi\u00dftrauen\u201c sich selbst gegen\u00fcber auf andere: es \u201ekauft\u201c h\u00e4ufig Schrott, obwohl es weiss, dass es Schrott ist, \u201everteidigt\u201c es aber und \u201ewehrt\u201c sich gegen Kritik, und so wie es selbst Zeug kauft, ohne wirklich \u201e\u00fcberzeugt\u201c davon zu sein, unterstellt es auch den Herstellern und Verk\u00e4ufern&nbsp;&nbsp;\u00c4hnliches.<br><br>Da w\u00e4re es doch am besten, das Produzierte kritisch zu pr\u00fcfen, und nicht etwas zu kaufen, \u201eweil\u201c es z.B. \u201egerade im Angebot\u201c ist, oder \u201eweil das alle kaufen\u201c und es \u201enormal\u201c ist oder aus anderen fragw\u00fcrdigen \u201eGr\u00fcnden\u201c \u2026?<br>Aber wom\u00f6glich gemahnt solches \u201edas Volk\u201c dann wieder an \u201eDa will mir wohl jemand \u201aVorschriften machen\u2018 ? Da will mir jemand \u201ameine Freiheit\u2018 vermiesen ?\u201c<\/strong><\/p>\n\n\n\n<p><strong>Darauf, dass \u201eFreiheit\u201c, wenn sie Sinn haben soll, nur darin bestehen kann, sie f\u00fcr die Freiheit des Denkens zu nutzen, scheinen sie nicht kommen zu wollen.&nbsp;<\/strong><strong><br><\/strong><strong><br>Ich bin Rad- und Bahnfahrer sowie Fu\u00dfg\u00e4nger, habe noch nie einen Pkw besessen; ich w\u00fcnsche mir gewiss mehr und bessere Radwege, nur werden diese nicht dadurch geschaffen, dass ich anderen das (schnelle) Autofahren verbiete.<\/strong><\/p>\n\n\n\n<p><strong>F\u00fcr mich ist es unbegreiflich, weshalb so viele Menschen immer \u201emeinen\u201c, alle anderen m\u00fcssten so sein wie sie selbst. Was w\u00e4re das f\u00fcr eine unertr\u00e4gliche langweilige Welt, wenn alle &#8222;gleich(geschaltet)&#8220; w\u00e4ren ?<\/strong><strong><\/strong><\/p>\n\n\n\n<p><strong>Gerade durch Forderungen nach \u201eToleranz\u201c aber wird Anti-Gleichschaltung gerade&nbsp;<\/strong><strong>NICHT<\/strong><strong>&nbsp;gef\u00f6rdert, da ja hierdurch das&nbsp;<\/strong><strong>EINSCHL\u00c4FERN<\/strong><strong>&nbsp;des Geistes statt seine Sch\u00e4rfung und Entwicklung \u2013 und damit auch Verst\u00e4ndnis f\u00fcr \u201eandere\u201c Lebensweisen und Erkenntnisse \u2013 gef\u00f6rdert wird.<\/strong><\/p>\n\n\n\n<p><strong>Offenbar besteht die \u201eLebensfreude\u201c so mancher auch darin, sich daran zu freuen, anderen etwas zu \u201everbieten\u201c, sie sind erst zufrieden wenn alle gleichgeschaltet sind, und halten sich dann auch noch f\u00fcr \u201eAntifaschisten\u201c, obwohl sie erkennbar nichts \u201eaus der Vergangenheit gelernt\u201c haben.<\/strong><strong><\/strong><\/p>\n\n\n\n<p><strong>Deshalb ist ja die neu entdeckte \u201ePutin-Kritik\u201c bei \u201eLinken\u201c so unglaubw\u00fcrdig: denn der Herr &#8211; den auch sie Jahrzehnte lang hofiert haben &#8211; vollzieht ja genau die Gleichschaltung in Perfektion, die \u201eLinken\u201c so oft vorschwebt &#8211; und von der sie dann auch noch \u201emeinen\u201c, es betr\u00e4fe sie nicht weil sie ja alles richtig machten und nur andere Menschen zu ma\u00dfregeln br\u00e4uchten, damit diese auch so perfekt stromlinientreu w\u00fcrden wie sie selbst &#8211; und dann wollen sie auch noch andere beratschlagen, was \u201eLebensfreude\u201c sei.<\/strong><strong><\/strong><\/p>\n\n\n\n<p><strong><br><\/strong><strong>Wenn man auf mehr als eine Technologie setzt und sich Batterie-Autos und W\u00e4rmepumpen nicht vorschreiben lassen will, sondern erkennt, dass es &#8211; sogar mehrere &#8211; Alternativen gibt, ist man &#8222;r\u00fcckschrittlich&#8220; ?<br>Eine &#8222;originelle&#8220; Auffassung.<br><\/strong><strong><br><\/strong><strong>Gerade in China z.B. werden die Wege zu z.B. E-Fuels gerade&nbsp;<\/strong><strong>NICHT<\/strong><strong>&nbsp;verbaut.<br><\/strong><strong><br><\/strong><strong>WAS<\/strong><strong>&nbsp;spricht denn&nbsp;<\/strong><strong>DAGEGEN<\/strong><strong>, eine Technologie nicht zu&nbsp;<\/strong><strong>VERBIETEN<\/strong><strong>&nbsp;?<br><\/strong><strong>WESHALB<\/strong><strong>&nbsp;f\u00f6rdert vorgeblich &#8222;gr\u00fcne&#8220; Politik nicht E-Fuels, Hybridgase usw.&nbsp;<\/strong><strong>MINDESTENS<\/strong><strong>&nbsp;genauso wie W\u00e4rmep\u00fcmpchen ?<br><br><\/strong><strong>R\u00dcCKSCHRITTLICH<\/strong><strong>&nbsp;sind &#8211; wie ausgef\u00fchrt (nur wird es anscheinend nicht gelesen, daf\u00fcr wird geplappert) \u2013&nbsp;Leute von &#8222;Greenpeace&#8220;, die noch vor zehn Jahren&nbsp;<\/strong><strong>GENAU DASSELBE<\/strong><strong>&nbsp;\u00fcber &#8222;E-Autos&#8220; gesagt haben wie&nbsp;<\/strong><strong>HEUTE<\/strong><strong>&nbsp;z.B. \u00fcber E-Fuels.<br>Aber&nbsp;<\/strong><strong>HEUTE<\/strong><strong>&nbsp;soll diesen r\u00fcckschrittlichen Ignoranten&nbsp;<\/strong><strong>WIEDER<\/strong><strong>&nbsp;abgenommen werden, sie w\u00fc\u00dften alles besser ?!?<\/strong><strong><\/strong><\/p>\n\n\n\n<p><strong>Das w\u00e4re ja genauso l\u00e4cherlich und unglaublich wie, Reaktion\u00e4ren, die behaupten \u201eWir sind keine Nazis(-aber)\u201c, dies auch abzunehmen ?<br><\/strong><strong><br><\/strong><strong>Wie gut, dass das nicht vorkommt.<\/strong><\/p>\n\n\n\n<p><strong>Leute, die einen v\u00f6lligen ungeplanten &#8222;Ausstieg&#8220; aus der Nuklear-Energie bef\u00fcrwortet und mit-vollzogen haben und nun daf\u00fcr Braunkohle verbrennen &#8211; aber Anderen das sehr viel weniger sch\u00e4dliche Heizen und Kochen mit Gas verbieten wollen: denen soll man \u201eglauben\u201c.<br><br>Die &#8222;Gasnetze abwickeln&#8220; wollen allein aus&nbsp;<\/strong><strong>HASS&nbsp;<\/strong><strong>gegen\u00fcber der &#8222;Energie-Industrie&#8220;, obwohl diese seit Jahrzehnten klimaneutrale Hybridgase entwickelt, die bereits heute beigemengt werden, und obwohl Gasnetze ohne Weiteres weiterbetrieben werden k\u00f6nnen, alle zur &#8222;W\u00e4rmepumpe&#8220;&nbsp;<\/strong><strong>ZWINGEN<\/strong><strong>&nbsp;wollen &#8211; vielleicht weil Habecks&nbsp;<\/strong><strong>LOBBYISTEN<\/strong><strong>&nbsp;daf\u00fcr &#8222;Boni&#8220; bekommen, denn&nbsp;<\/strong><strong>VERN\u00dcNFTIGE<\/strong><strong>&nbsp;Gr\u00fcnde f\u00fcr diesen&nbsp;<\/strong><strong>ZWANG<\/strong><strong>&nbsp;(nicht f\u00fcr W\u00e4rmepumpen selbst\/ generell) sind&nbsp;<\/strong><strong>NICHT ERKENNBAR<\/strong><strong>.<br><br>Die Formel 1 hat beschlossen, in drei Jahren auf synthetische Kraftstoffe umzusteigen, ebenso gibt es&nbsp;<\/strong><strong>KEINE<\/strong><strong>&nbsp;Alternative f\u00fcr Flug- und Fernlastverkehr.<br>Allein in diesen beiden Branchen wird der Bedarf nach klimaneutralen Kraftstoffen so&nbsp;<\/strong><strong>IMMENS<\/strong><strong>&nbsp;&#8211; und&nbsp;<\/strong><strong>TATS\u00c4CHLICH<\/strong><strong>&#8222;alternativlos&#8220; &#8211; sein, dass hier riesige Produktionsst\u00e4tten aufgebaut werden, die irgendwann so viel produzieren, dass sie auch f\u00fcr Pkw nutzbar sein werden !<br><\/strong><strong>ENTWEDER<\/strong><strong>&nbsp;Deutschland ist&nbsp;<\/strong><strong>DABEI<\/strong><strong>, oder&nbsp;<\/strong><strong>VERSCHL\u00c4FT<\/strong><strong>&nbsp;den Fortschritt: und diejenigen welche ihn nicht verschlafen wollen, werden auch noch als &#8222;r\u00fcckschrittlich&#8220; diffamiert ???<br><em><u>UNFASSBAR<\/u><\/em>&nbsp;!<br><br>Nicht nur in Chile wurde eine gro\u00dfe Anlage in Betrieb genommen, mit der erstmals nennenswerte Skaleneffekte eintreten werden, welche unerl\u00e4sslich sind, wenn E-Fuels irgendwann f\u00fcr die Masse der Autofahrer bezahlbar sein sollen.&nbsp;<br>Aber&nbsp;<\/strong><strong>GENAU DAS<\/strong><strong>&nbsp;wollen die&nbsp;<\/strong><strong>LOBBYISTEN<\/strong><strong>&nbsp;Habecks verhindern, ebenso wie z.B. Hybridgas als Alternative zu W\u00e4rmepumpen oder Wasserstoff-Langzeit-Speicher f\u00fcr jedermann (die es jetzt schon gibt, nur noch zu teuer), um das Problem der Langzeit-Speicherung von Solar- und Wind-Energie zu l\u00f6sen.<br><br>Der einzige &#8222;<\/strong><strong>FEHLER<\/strong><strong>&#8220; dabei: diese Technologie kann nur von&nbsp;<\/strong><strong>B\u00d6SEN KAPITALISTEN<\/strong><strong>&nbsp;hervorgebracht und entwickelt werden, mit riesigem&nbsp;<\/strong><strong>KAPITAL<\/strong><strong>-Einsatz:&nbsp;<\/strong><strong>DAS&nbsp;<\/strong><strong>ist der&nbsp;<\/strong><strong>EINZIGE<\/strong><strong>&nbsp;&#8222;Grund&#8220;, weswegen &#8222;Linke&#8220; dies &#8222;ablehnen&#8220; wollen: vern\u00fcnftige Gr\u00fcnde sind daf\u00fcr nicht erkennbar, es geht um&nbsp;<\/strong><strong>IDEOLOGIE<\/strong><strong>, eben&nbsp;<\/strong><strong>NICHT<\/strong><strong>&nbsp;um die&nbsp;<\/strong><strong>BESTM\u00d6GLICHEN<\/strong><strong>&nbsp;L\u00f6sungen.<br><br>&#8222;Die Umwelt&#8220; ist eben nur ein Vehikel f\u00fcr gute alte Kapitalismus-Hasser, ihren&nbsp;<\/strong><strong>HASS&nbsp;<\/strong><strong>in neue Schl\u00e4uche zu f\u00fcllen.<br><br>Ein Liter E-Fuels aus einer kleinen Produktionsanlage hat aktuell Gestehungskosten &#8211; nicht zu verwechseln z.B. mit dem Endkundenpreis -, von mehr als vier Euro je Liter.&nbsp;<br>Bei kontinuierlicher Steigerung der Produktion kann ein Liter E-Fuels irgendwann zu einem Gestehungspreis von h\u00f6chstens noch ca. 1,2 bis 1,5 Euro\/Liter hergestellt werden, mit Transport, Gewinn und Steuer kommen dann weitere Kosten hinzu, die dann zusammen mit den reinen Produktionskosten den Endpreis an der Tankstelle bilden.<br><br>Porsche wird die E-Fuels den Kunden im Motorsport zur Verf\u00fcgung stellen. Sollte die Anlage in Chile wie geplant erweitert werden, k\u00f6nnten pro Jahr dort bis ca. 2030 etwa 800 Millionen Liter E-Fuels hergestellt werden.&nbsp;<br><br>Es werden dann weitere Abnehmer um diesen Sprit konkurrieren &#8211; bevor private Pkws die Chance bekommen, in relevanter Menge E-Fuels zu tanken, d\u00fcrften diese im Flug- und Lastverkehr eingesetzt werden.<br><br>Aber irgendwann werden eben auch die Pkw dran sein, und deswegen ist es absurd, jemanden, der in die Zukunft denkt, als &#8222;r\u00fcckschrittlich&#8220; zu beschimpfen.<br><br>Wer an die freie Entwicklung und Entscheidungsf\u00e4higkeit der Produzenten und Konsumenten einer freien Wirtschaft glaubt, hat&nbsp;<\/strong><strong>KEINEN<\/strong><strong>&nbsp;Grund, andere Antriebe oder auch Heizungstechnologien zu &#8222;<\/strong><strong>VERBIETEN<\/strong><strong>&#8222;.<br>&#8222;Grund&#8220; daf\u00fcr haben nur Freiheitsfeinde wie &#8222;Linke&#8220; und &#8222;Sozialisten&#8220;.<\/strong><\/p>\n\n\n\n<p><strong>Ich kann derzeit nur allen raten, wo nur irgend m\u00f6glich, einige Jahre zu warten. Denn W\u00e4rmepumpen sind derzeit krass \u00fcberteuert, und es gibt ja auch keinen Anlass f\u00fcr die Hersteller und Installateure, weniger Geld zu verlangen: &#8222;der Staat bezahlt&#8220; es doch !<\/strong><\/p>\n\n\n\n<p><strong>Mit der **Staatswirtschaft** von Herrn Habeck und seinen vom Steuerzahler bezahlten&nbsp;<\/strong><strong>LOBBYISTEN<\/strong><strong>&nbsp;wie Graichen, Giegold, Klaus M\u00fcller &amp; Co. wird der sich selbst regulierende Markt au\u00dfer Kraft gesetzt.<\/strong><\/p>\n\n\n\n<p><strong>Doch japanische, koreanische und andere Hersteller mit sehr viel mehr W\u00e4rmepumpen-\/Klimaanlagen- Erfahrung als Viessmann, Vaillant &amp; Co. werden den europ\u00e4ischen Markt aufmischen, die Preise werden fallen.<\/strong><\/p>\n\n\n\n<p><strong>Nicht umsonst will Viessmann verkaufen, denn in ein paar Jahren wird diese W\u00e4rmepumpen-Abteilung vielleicht noch die H\u00e4lfte wert sein &#8211; jetzt ist der peak.<\/strong><\/p>\n\n\n\n<p><strong>Deutschlands Habeck vergleicht Deutschland stets mit anderen L\u00e4ndern, in denen auch keine Gas-Heizungen mehr verbaut werden und die tw. W\u00e4rmepumpen-Anteile von 60% haben.<\/strong><\/p>\n\n\n\n<p><strong>Aber Norwegen hat damit vor 20 Jahren angefangen &#8230; und: hat &#8222;billigen Strom&#8220; aus (80%) Wasserkraft und Geothermie.<\/strong><\/p>\n\n\n\n<p><strong>Das l\u00f6st das bisher ungel\u00f6ste Grundproblem der &#8222;Erneuerbaren&#8220;: die nicht vorhandene Langzeit-Speicherkapazit\u00e4t &#8230;! &#8211; und den hohen Strompreis.<\/strong><\/p>\n\n\n\n<p><strong>Schweden baut Akw, D\u00e4nemark hat massive Offshore-Windkraft aufgebaut usw. usf.: alles Voraussetzungen, die es in Deutschland nicht gibt bzw. die gerade von Habeck&amp;Co. verhindert werden, dennoch stellt der Herr uns dies als leuchtende Beispiele hin.<\/strong><\/p>\n\n\n\n<p><strong>Die Industrie wiederum kann nicht ohne Gas produzieren, schon allein deshalb wird die staatlich kaum unterst\u00fctzte Energie-Industrie den Hybrid-Sektor stark aufbauen, da sie ja von Habeck und seinen Lobby-Kumpanen allein gelassen werden.<\/strong><\/p>\n\n\n\n<p><strong>Auch da wird also ein Preisr\u00fcckgang passieren.<\/strong><\/p>\n\n\n\n<p><strong>All dies k\u00f6nnte wesentlich schneller und in der Bev\u00f6lkerung besser akzeptiert vorangehen, wenn Herr Habeck technologie-offen vorgehen und seine &#8222;F\u00f6rderung&#8220; besser verteilen w\u00fcrde.<\/strong><\/p>\n\n\n\n<p><strong>Doch seine Lobbyisten wollen in gewohnt stalinistischer H\u00e4rte brachial die Ein-Heizungsform erzwingen.<\/strong><\/p>\n\n\n\n<p><strong>Aber das ist ja gut so: es gr\u00e4bt den stalinistischen wirtschafts- und freiheitsfeindlichen Habeck-Lobbyisten das Grab.<\/strong><\/p>\n\n\n\n<p><strong>Was Habeck &amp; Co. alles so aushecken, das wird man erst in ein paar Jahren in ganzer Bandbreite erkennen: dann wird es wieder hei\u00dfen &#8222;Das haben wir alle nicht gewu\u00dft&#8220; &#8211; so wie &#8222;Niemand konnte doch wissen, dass Putin ein Verbrecher ist&#8220; -, &#8222;es kam nicht in der Tagesschau&#8220;.<\/strong><\/p>\n\n\n\n<p><strong>11.-&nbsp;POSSIERLICHES SANATORIUM&nbsp;:&nbsp;Formen Manischen Irreseins&nbsp;als \u201ezu tolerierende\u201c \u201aMeinungen\u00b4<\/strong><\/p>\n\n\n\n<p><strong>Um gegen Tyrannei gewappnet zu sein, ist freilich doch vielmehr zu fordern bzw. als selbstverst\u00e4ndlich vorauszusetzen, dass *ein- und dieselbe(n)* Personen &#8218;unterschiedliche&#8216; Leben zu f\u00fchren in der Lage sein sollte(n) statt nur ihre &#8218;Meinung(en)&#8216; zu &#8218;vertreten&#8216; und &#8218;ihr Leben&#8216; zu f\u00fchren.&#8220;.\u201c&nbsp;<\/strong><\/p>\n\n\n\n<p><strong>Denn wer nicht (mehr) in der Lage und bereit sein will, sich mit v\u00f6llig anderen Auffassungen, Lebens-\/Sichtweisen, Folgerungen zu besch\u00e4ftigen, ist offensichtlich unfrei, und Tyrannei und &#8222;Mehrheits&#8220;-Diktaturen sind nur der folgerichtige unausweichliche Ausdruck davon.<\/strong><\/p>\n\n\n\n<p><strong>Jeder der sich als zu einer &#8222;Mehrheit&#8220; zugeh\u00f6rig &#8222;f\u00fchlen&#8220; will, geh\u00f6rt dabei aber schon stets in etlichen anderen Aspekten zu &#8222;Minderheiten&#8220; &#8211; und umgekehrt hat jeglicher zu &#8222;Minderheiten&#8220; Eingeordnete erheblich viele Eigenschaften mit &#8222;Mehrheiten&#8220; gemein.<\/strong><\/p>\n\n\n\n<p><strong>Deshalb ist ja z.B. &#8222;Frauen-Politik&#8220;, &#8222;Antidiskriminierungs&#8220;-&#8222;Politik&#8220; usw. vielfach so l\u00e4cherlich, da h\u00f6chst selbstwiderspr\u00fcchlich: es wird die &#8222;Gleichheit&#8220; aller Menschen vorgegeben &#8211; und gleichzeitig ein einziger Teil einer Person hervorgehoben.<\/strong><\/p>\n\n\n\n<p><strong>Z.B. &#8222;Impfskeptiker&#8220; haben mehr mit &#8222;Impfbef\u00fcrwortern&#8220; gemein als sie gern wahrhaben m\u00f6chten, und umgekehrt &#8211; vorgebliche &#8222;Widerst\u00e4ndigkeit&#8220; oder &#8222;Anpsassungsbereitschaft&#8220; zerfallen bei jedem genaueren Hinsehen, aber es wird ein bestimmtes Postulat, eine &#8222;Meinung&#8220; als Monstranz vor sich hergetragen, die jede wirkliche Freiheit der Befassung und Auseinandersetzung per se fortgesetzt verunm\u00f6glicht, wenn in &#8222;Lager&#8220; eingeteilt wird und Menschen sich selbst in &#8222;Lager&#8220; einteilen.<\/strong><\/p>\n\n\n\n<p><strong>&#8222;Unterschiedlich&#8220; sind nur die Formen und Bezeichnungen Manischen Irreseins, deren eigentlich nur klinisch definierbare \u00c4u\u00dferungen als &#8222;Meinung&#8220;, &#8222;\u00dcberzeugung&#8220;, &#8222;Einstellung&#8220; usw. euphemisiert werden und Postillen, TV-\/Radio- &#8222;Diskussionen&#8220; f\u00fcllen und f\u00fcr sinnlose, per se freiheitsfeindliche Hamsterrad- Besch\u00e4ftigungen sorgen.<\/strong><\/p>\n\n\n\n<p><strong>Von au\u00dfen entsprechend possierlich und lustig anzuschauen, steigern sie das BIP und vernichten jede Freiheit.<\/strong><\/p>\n","protected":false},"excerpt":{"rendered":"<p>Es gibt Maschinen &#8211; der Kategorie \u201eCCS\u201c-Technik (Carbon Capture and Storage\/ Carbon Engineering u.a.) -, die z.B. aus mit fossilen Kraftstoffen betriebenen Heizthermen CO2  &#8222;heraussaugen&#8220;\/ filtern k\u00f6nnen, aber auch aus Industrieanlagen, Chemiewerken u.a., z.B. mit Hilfe von Kaliumhydroxid u.a. Mitteln.<\/p>\n<p>In zahlreichen L\u00e4ndern werden sie entsprechend angewendet; Deutschland ist mit f\u00fchrend in dieser Technologie und verkauft sie in alle Welt.<\/p>\n<p>Preisfrage: wie hei\u00dft das Land, in dem dennoch die Anwendung dieser Technologie VERBOTEN ist, und wie heisst die &#8222;Friedenspreis&#8220;-gekr\u00f6nte Kanzlerin welche dieses VERBOT mit einer seinerzeitigen &#8222;Oppositionspartei\u201c beschlossen, durchgesetzt und die dies nicht &#8222;r\u00fcckg\u00e4ngig gemacht&#8220; hat ?<\/p>\n<p>Wer die Frage richtig beantwortet, darf sich \u00fcber einen passenden Gewinn freuen: acht Tage Aufenthalt in einer Schizophrenie-Nervenheilanstalt.<br \/>\nAu\u00dfer er wohnt in Deutschland: dann erlebt er t\u00e4glich bereits Schizophrenie in der &#8222;Regierung&#8220;.<\/p>\n<p>Eigentlich k\u00f6nnte ich hier schon aufh\u00f6ren \u2013 denn aus dieser bezeichnenden offensichtlich typisch deutschen Haltung der Geisteskrankheit, des Lebenshasses und der Todesbejahung ergibt sich alles Folgende&#8230;<br \/>\n&#8230; Zu \u201eToleranz\u201c aufzufordern, ist nicht nur hierbei, sondern generell selbstverst\u00e4ndlich total verfehlt.<\/p>\n<p>Solche Aufforderungen sind selbst Teil des Problems:<\/p>\n<p>\u201eToleranz\u201c ist der \u201eWert\u201c einer satten, selbstzufriedenen, konflikt- und auseinandersetzungsunf\u00e4higen Gesellschaft, die es verlernt hat, sich ernsthaft und umfassend auseinanderzusetzen, und, um solchen Auseinandersetzungen, denen man sich nicht gewachsen f\u00fchlen will, die \u201ezu kontrovers\u201c und \u201ezu emotional\u201c sein sollen, auszuweichen, und stattdessen billig \u201eToleranz\u201c zu verk\u00fcnden \u2013 und niemals \u00fcber das zu sprechen, was man wirklich \u201edenkt\u201c.<\/p>\n<p>&#8222;Toleranz&#8220; ist komplett inhaltslos.<br \/>\n&#8222;Toleranz&#8220; ist eine &#8222;Herrenmenschen&#8220;haltung, sie wird gn\u00e4dig gew\u00e4hrt- und kann jederzeit wieder entzogen werden, z.B. \u201ewenn die Zeiten h\u00e4rter werden\u201c.<\/p>\n<p>Es m\u00fc\u00dfte um INHALTE gehen&#8230;<br \/>\n&#8230; Das Problem besteht darin, dass es seit Langem um OBERFL\u00c4CHEN-Eigenschaften geht und nicht um INHALTE, sprich z.B.: darum, dass, wenn es nach aller reiflicher \u00dcberlegung und Erkenntnis f\u00fcr etwas KEINE ARGUMENTE zu geben scheint, ich es auch NICHT &#8218;tolerieren&#8216; mu\u00df.<\/p>\n<p>&#8230; \u201eSoziale Netzwerke\u201c sind voll von bedauernswerten Gestalten, die ganztags damit besch\u00e4ftigt scheinen, die Ideologien von \u201eGr\u00fcnen\u201c angeblich \u201eauseinanderzunehmen\u201c und \u201eendlich mal das zu sagen was\u201c &#8211; angeblich &#8211; \u201enirgends gesagt werden darf\u201c; doch gibt man auch nur mit einem Wort zu bedenken, dass ihre eigenen \u201eGedanken\u201c-Geb\u00e4ude \u00e4hnlich hohl, undurchdacht, kritikw\u00fcrdig oder auch nur erg\u00e4nzungsf\u00e4hig sein k\u00f6nnten wie die der \u201eVerbotspartei\u201c &#8211; also: setzt man die behauptete Rede um,\u201cendlich mal \u201afrei\u201c reden\/denken zu \u201ed\u00fcrfen\u201c -, dann kommt bestenfalls : Schweigen.<\/p>\n<p>Denn s\u00e4mtliche \u201eKritiker\u201c sind ja l\u00e4ngst entfernt worden oder haben das Weite gesucht, da sie so viel Beschr\u00e4nktheit nicht ertragen k\u00f6nnen wie sie in den Blasen selbst ernannter \u201eSystemkritiker\u201c vorausgesetzt und verlangt wird, wo man jeden kritischen Denkens au\u00dferhalb der eigenen Borniertheit und Selbstgewi\u00dfheit l\u00e4ngst entw\u00f6hnt ist, l\u00e4ngst sich nur noch mit Sprechblasen vergewissert, wer \u201edazu geh\u00f6rt\u201c und \u201edie \u00dcberzeugungen teilt\u201c und wer nicht, und wo kein bi\u00dfchen mehr ernsthafte Auseinandersetzung stattfindet als bei der \u201eVerbotspartei\u201c.<\/p>\n<p>Das einzige Kontinuum und nirgends Neue bleibt: die schreiende Beschr\u00e4nktheit, Bl\u00f6dheit und Gewaltt\u00e4tigkeit gegen alles \u201eAnders\u201c Denkende, F\u00fchlende, Seiende: das unver\u00e4nderte Grundrauschen bei der \u201eKrone der Sch\u00f6pfung\u201c.<\/p>\n<p>Urwaldlaute und Gebl\u00f6ke zur Feststellung der Stammeszugeh\u00f6rigkeit haben sich bis heute nicht ver\u00e4ndert, wahrscheinlich nicht nur bei Deutschen, nicht nur bei AfD, Gr\u00fcnen, Sozis&#8230;<\/p>\n<p>Und so kann es z.B. kommen, dass etwa &#8222;Die Gr\u00fcnen&#8220; sich \u00fcber &#8222;die AfD&#8220; erheben, &#8222;weil&#8220; dort &#8222;alle dasselbe sagen&#8220; &#8211; ohne zu merken, dass dies bei den &#8222;Gr\u00fcnen&#8220; genauso verlangt wird und passiert, und alles voller kleiner Hitler ist.<br \/>\n&#8230;<br \/>\nBei den allermeisten Au\u00dfenstehenden, die sich z.B. zu Themen wie &#8222;Transgender&#8220;, &#8222;Transsexualit\u00e4t&#8220; usw. \u00e4u\u00dfern, besteht die Frage, warum es \u00fcberhaupt so wichtig f\u00fcr sie zu sein scheint, sich zu etwas zu \u00e4u\u00dfern, das sie offenbar gar nicht erfassen und das sie gar nicht betrifft, und warum sie dazu &#8222;Fragen&#8220; oder Behauptungen (auf)stellen, die meist gar nicht die Fragen, Themen und Behauptungen der tats\u00e4chlich Involvierten\/ &#8222;Betroffenen&#8220; sind &#8211; die sie gar nicht zu interessieren scheinen.<\/p>\n<p>Bei den meisten selbst ernannt &#8222;Woken&#8220;, &#8222;Anti-Kolonialisten&#8220; usw. ist es \u00e4hnlich: sie interessieren sich nicht wirklich f\u00fcr die von ihnen angeblich &#8222;Gesch\u00fctzten&#8220;, sondern instrumentalisieren diese in perfider Weise politisch.<\/p>\n<p>Wie bei vielen oder allen anderen Themen auch, \u00e4hneln sich hier \u201eGegner\u201c\/\u201cKritiker\u201c und \u201eprogressive Protagonisten\u201c einander und verhindern wirkliche konstruktive Verbesserungen \u2013 ausschliesslich zur eigenen Profilierung und zu Lasten der \u201eBetroffenen\u201c.<\/p>\n<p>Sonst k\u00f6nnte man nicht z.B. eine (psychologische) Beratung als \u201eGender-T\u00fcV\u201c diffamieren, oder auch, sich nicht hemmungslos \u00fcber Queere, Nicht Bin\u00e4re, Transsexuelle, Intersexuelle usw. belustigen.<\/p>\n<p>Die unabsehbaren und sch\u00e4dlichen Folgen des Begriffs \u201eToleranz\u201c als \u201eWert\u201c, der in Wirklichkeit s\u00e4mtliche Werte hinter sich l\u00e4\u00dft und diffamiert, zeigen sich auch beim so genannten \u201eSelbstbestimmungsgesetz\u201c.<br \/>\n &#8230;<br \/>\n&#8222;Freiheit&#8220; f\u00fcr (ein) Handeln ist i.d.R. sinnfrei, wenn der &#8222;Freiheit&#8220; nicht die *Pflicht* zum kritischen Denken beigestellt, wenn &#8222;Freiheit&#8220; nicht mit kritisch gepr\u00fcftem *Inhalt* gef\u00fcllt wird.<br \/>\nDas schliesst \u201eToleranz\u201c aus.<\/p>\n<p>Oder, \u00e4hnlich wie es auf der \u201eFreiheitsstatue\u201c in New York steht:<br \/>\n&#8211;\u201eLiberalit\u00e4t\u201c (\u201eLiberty\u201c) beinhaltet die M\u00f6glichkeit, sich zwischen verschiedenen Wegen zu entscheiden.<br \/>\n&#8211;\u201eFreiheit\u201c (\u201efreedom\u201c) ist die F\u00e4higkeit richtigen und umsichtigen Handelns bei und nach der Auswahl der M\u00f6glichkeiten, und ist ein Ergebnis solchen bewu\u00dften Handelns.<br \/>\n ,,,,<br \/>\nWAS SONST soll menschliche Freiheit beinhalten au\u00dfer der Freiheit, alles kritisch umfassend zu betrachten ? \u2013 statt kritische Befassung mit \u201eToleranz\u201c zu ertr\u00e4nken ?<\/p>\n","protected":false},"author":2,"featured_media":281,"comment_status":"closed","ping_status":"closed","sticky":false,"template":"","format":"standard","meta":{"footnotes":""},"categories":[5],"tags":[],"class_list":["post-282","post","type-post","status-publish","format-standard","has-post-thumbnail","hentry","category-actually-and-fundamentally"],"_links":{"self":[{"href":"https:\/\/ricercando.eu\/index.php?rest_route=\/wp\/v2\/posts\/282","targetHints":{"allow":["GET"]}}],"collection":[{"href":"https:\/\/ricercando.eu\/index.php?rest_route=\/wp\/v2\/posts"}],"about":[{"href":"https:\/\/ricercando.eu\/index.php?rest_route=\/wp\/v2\/types\/post"}],"author":[{"embeddable":true,"href":"https:\/\/ricercando.eu\/index.php?rest_route=\/wp\/v2\/users\/2"}],"replies":[{"embeddable":true,"href":"https:\/\/ricercando.eu\/index.php?rest_route=%2Fwp%2Fv2%2Fcomments&post=282"}],"version-history":[{"count":6,"href":"https:\/\/ricercando.eu\/index.php?rest_route=\/wp\/v2\/posts\/282\/revisions"}],"predecessor-version":[{"id":289,"href":"https:\/\/ricercando.eu\/index.php?rest_route=\/wp\/v2\/posts\/282\/revisions\/289"}],"wp:featuredmedia":[{"embeddable":true,"href":"https:\/\/ricercando.eu\/index.php?rest_route=\/wp\/v2\/media\/281"}],"wp:attachment":[{"href":"https:\/\/ricercando.eu\/index.php?rest_route=%2Fwp%2Fv2%2Fmedia&parent=282"}],"wp:term":[{"taxonomy":"category","embeddable":true,"href":"https:\/\/ricercando.eu\/index.php?rest_route=%2Fwp%2Fv2%2Fcategories&post=282"},{"taxonomy":"post_tag","embeddable":true,"href":"https:\/\/ricercando.eu\/index.php?rest_route=%2Fwp%2Fv2%2Ftags&post=282"}],"curies":[{"name":"wp","href":"https:\/\/api.w.org\/{rel}","templated":true}]}}