{"id":293,"date":"2023-12-21T23:03:48","date_gmt":"2023-12-21T23:03:48","guid":{"rendered":"https:\/\/ricercando.eu\/?p=293"},"modified":"2023-12-21T23:03:48","modified_gmt":"2023-12-21T23:03:48","slug":"pas-vraiment-du-cahiers-not-really-from-notebooks","status":"publish","type":"post","link":"https:\/\/ricercando.eu\/?p=293","title":{"rendered":"Pas vraiment \u00a0(du CAHIERS) \u00a0\u00a0\u2013 \u00a0\u00a0                                                        Not really \u00a0(from NOTEBOOKS)"},"content":{"rendered":"\n<p>&nbsp;&nbsp;&nbsp;&nbsp;&nbsp;&nbsp;&nbsp;&nbsp;&nbsp;&nbsp;&nbsp;&nbsp;&nbsp;&nbsp;&nbsp; I\u00b4m in it \u2013 but it\u00b4s not about me \/ J\u2019y suis \u2013 mais c\u00b4est pas de moi<\/p>\n\n\n\n<p>\u00a0\u00a0\u00a0\u00a0\u00a0\u00a0\u00a0\u00a0\u00a0\u00a0\u00a0\u00a0\u00a0\u00a0\u00a0\u00a0\u00a0\u00a0\u00a0\u00a0\u00a0\u00a0\u00a0\u00a0\u00a0\u00a0\u00a0\u00a0\u00a0\u00a0\u00a0\u00a0\u00a0\u00a0 (<strong>07<\/strong>)\u00a0\u00a0\u00a0\u00a0\u00a0\u00a0\u00a0\u00a0\u00a0\u00a0\u00a0\u00a0 \u00a0\u00a0\u00a0\u00a0\u00a0\u00a0\u00a0\u00a0\u00a0\u00a0\u00a0\u00a0\u00a0\u00a0\u00a0 December 22, 2023<\/p>\n\n\n\n<p class=\"has-vivid-cyan-blue-color has-text-color has-link-color has-medium-font-size wp-elements-50eb67a64a0042db84945a1c1f49e848\"><strong>DER JUDENHASS, DIE \u201eISRAELKRITIK\u201c u.v.m.<\/strong><\/p>\n\n\n\n<p><strong>FiniTestiPublishing<\/strong>\u00a0\/ www.ricercando.eu<\/p>\n\n\n\n<p>\u25ca<strong>Berlin<\/strong>\u25ca<strong>Graz<\/strong>\u25ca<strong>Bregenz<\/strong>\u25ca<\/p>\n\n\n\n<p><strong>Dec. 22,2023<\/strong><\/p>\n\n\n\n<p>\u2014\u2014\u2014\u2014\u2014\u2014\u2014\u2014\u2014\u2014\u2014\u2014\u2014\u2014\u2014\u2014\u2014\u2014\u2014\u2014\u2014\u2014\u2014\u2014\u2014\u2014\u2014\u2014\u2014\u2014\u2014\u2014\u2014\u2014\u2014\u2014\u2014\u2014\u2014\u2014\u2014\u2014<strong><em>\u00a0\u00a0<\/em><\/strong><\/p>\n\n\n\n<p class=\"has-vivid-red-color has-text-color has-link-color has-medium-font-size wp-elements-e84b25631128f296ce81f6d1d126a777\">F\u00fcr leichtere Lesbarkeit k\u00f6nnen Sie den Beitrag <a href=\"https:\/\/ricercando.eu\/wp-content\/uploads\/2023\/12\/Cahiers-7-RICERCANDO-Pas-vraiment-du-CAHIERS-\u2013-Not-really-from-NOTEBOOKS-DER-HASS-AUF-JUDEN-2023-12-22.pdf\">HIER<\/a> als <a href=\"https:\/\/ricercando.eu\/wp-content\/uploads\/2023\/12\/Cahiers-7-RICERCANDO-Pas-vraiment-du-CAHIERS-\u2013-Not-really-from-NOTEBOOKS-DER-HASS-AUF-JUDEN-2023-12-22.pdf\">pdf<\/a> lesen und herunterladen.<\/p>\n\n\n\n<p class=\"has-vivid-red-color has-text-color has-link-color has-medium-font-size wp-elements-d5a493a0990ef8f5af99ee8f714a3a73\">For an easier reading experience you may see and download this text as <a href=\"https:\/\/ricercando.eu\/wp-content\/uploads\/2023\/12\/Cahiers-7-RICERCANDO-Pas-vraiment-du-CAHIERS-\u2013-Not-really-from-NOTEBOOKS-DER-HASS-AUF-JUDEN-2023-12-22.pdf\">pdf<\/a> <a href=\"https:\/\/ricercando.eu\/wp-content\/uploads\/2023\/12\/Cahiers-7-RICERCANDO-Pas-vraiment-du-CAHIERS-\u2013-Not-really-from-NOTEBOOKS-DER-HASS-AUF-JUDEN-2023-12-22.pdf\">HERE<\/a><\/p>\n\n\n\n<p class=\"has-background\" style=\"background-color:#eae3e3\"><strong>Copyright zu diesem Text liegt vollst\u00e4ndig und ausschliesslich bei:<\/strong><br>FiNiTESTi PUBLISHING, <strong>Berlin<\/strong>\/Deutschland \u2013<strong>Bregenz<\/strong>,Vorarlberg \u2013 <strong>Graz<\/strong>,Steiermark\/ Rep. \u00d6sterreich &#8211; <strong>Missachtungen der Eigentums- und Nutzungsrechte, unbefugtes Verwenden, Kopieren, Verlinken, Weiterleiten, Kommentieren usw. von Texten, Textteilen und s\u00e4mtlichen Photos, einzeln, auch in Montagen, Kontexten, Zusammenstellungen ohne Genehmigung werden STRAFRECHTLICH SCH\u00c4RFSTENS VERFOLGT !<\/strong>\u00a0\u00a0\u00a0\u00a0\u00a0\u00a0\u00a0\u00a0\u00a0\u00a0\u00a0\u00a0\u00a0\u00a0\u00a0\u00a0\u00a0\u00a0\u00a0\u00a0\u00a0\u00a0\u00a0\u00a0\u00a0\u00a0\u00a0\u00a0\u00a0\u00a0\u00a0\u00a0\u00a0\u00a0\u00a0\u00a0\u00a0 22. Dezember 2023<\/p>\n\n\n\n<p class=\"has-background\" style=\"background-color:#ece5e5\"><strong>Copyright for this text is entirely and exclusively with:<\/strong> FiNiTESTi PUBLISHING, <strong>Berlin<\/strong>\/Germany \u2013 <strong>Bregenz<\/strong>,Vorarlberg \u2013 <strong>Graz<\/strong>,Styria\/ Republic of Austria<strong> &#8211; Disregard of property and usage rights, unauthorized use, copying, linking, forwarding, commenting etc. of texts, parts of texts and all photos, individually, also in montage, contexts, compilations without permission will indictably be PROSECUTED ! December 22<sup>nd<\/sup>, 2023\u00a0\u00a0\u00a0<\/strong><\/p>\n\n\n\n<p class=\"has-vivid-purple-color has-text-color has-background has-link-color wp-elements-28cf9e88689d0428f69e4cdeab494289\" style=\"background:linear-gradient(135deg,rgb(238,238,238) 100%,rgb(169,184,195) 100%)\"><strong><em>01.Nichtwissen- Wollen- oder -K\u00f6nnen; oft auch \u201eDummheit\u201c genannt : unabdingbare Vorausetzung f\u00fcr Judenhass<\/em><\/strong><\/p>\n\n\n\n<p class=\"has-vivid-purple-color has-text-color has-background has-link-color wp-elements-f1b3974031762384e69f5c82f6bf90fb\" style=\"background:linear-gradient(135deg,rgb(238,238,238) 100%,rgb(169,184,195) 100%)\"><strong>Der Antisemitismus \u2013 genauer: Judenhass \u2013 und so genannte &#8222;Israel-Kritik&#8220; sind im Wesentlichen Folge teils v\u00f6llig fehlenden &#8222;Basiswissens&#8220; \u00fcber die Geschichte der Juden sowie den so genannten &#8222;Israel-\/ Pal\u00e4stina-Konflikt&#8220;: die v\u00f6llig unkritische \u00dcbernahme der Selbstbezeichnung &#8222;Pal\u00e4stinenser&#8220; durch die arabische Bev\u00f6lkerung ist u.a. eine Folge dieses fehlenden Wissens.<\/strong><\/p>\n\n\n\n<p class=\"has-vivid-purple-color has-text-color has-background has-link-color wp-elements-d3d81378ff1da1cc56a02afa184a690d\" style=\"background:linear-gradient(135deg,rgb(238,238,238) 100%,rgb(169,184,195) 100%)\"><strong>Auch viele selbst ernannte \u201eIsraelfreunde\u201c oder solche, die sich \u201egegen Antisemitismus\u201c wenden, kolportieren h\u00e4ufig das viele Falsche, Unwissende, Unvollst\u00e4ndige, das im \u201emainstream\u201c unhinterfragt \u00fcblich ist.<br>Solange Hilfsschulniveau-Produkte wie &#8222;Markus Lanz&#8220; mit ihren PSEUDO(-&#8222;kontroversen\u201c SCHEIN-) \u201cDiskussionen&#8220; allen Ernstes schon als &#8222;Orientierungs&#8220;-Punkte gelten (d\u00fcrfen\/ gelassen werden), wird sich an der grunds\u00e4tzlich v\u00f6lligen Unbildung nichts \u00e4ndern.<br><br>Juden sind z.B. genausoviel oder -wenig &#8222;Pal\u00e4stinenser&#8220; wie es die arabische Bev\u00f6lkerung ist, da Juden dort &#8211; in der Levante &#8211; schon immer gelebt haben.<br>Der Begriff &#8222;Pal\u00e4stina&#8220; ist ein Begriff des &#8222;Panarabismus&#8220; und suggeriert, arabische Bev\u00f6lkerungsteile h\u00e4tten irgendein besonderes (Vor-)Recht, das Gebiet der Levante zu besiedeln oder gar zu beherrschen.<br><br>Dabei haben Araber und Osmanen im Zuge ihres *Kolonialismus* die indigene Bev\u00f6lkerung ausgel\u00f6scht, &#8222;assimiliert&#8220;, &#8222;bekehrt&#8220;.&#8220;Nur die Juden nicht&#8220;: sie haben stets Widerstand geleistet:<\/strong><\/p>\n\n\n\n<p class=\"has-vivid-purple-color has-text-color has-background has-link-color wp-elements-76ba82d011ccaf5d7eaaeceb9d6915ad\" style=\"background:linear-gradient(135deg,rgb(238,238,238) 100%,rgb(169,184,195) 100%)\"><strong>NUR DAS<\/strong><strong> ist der <\/strong><strong>EINZIGE<\/strong><strong> &#8222;Grund&#8220; f\u00fcr den Judenhass der arabischen \/ (zwangs-) arabisierten Bev\u00f6lkerung.<\/strong><\/p>\n\n\n\n<p class=\"has-vivid-purple-color has-text-color has-background has-link-color wp-elements-ef8b92f2b609f3ed8bb595a32e04ab07\" style=\"background:linear-gradient(135deg,rgb(238,238,238) 100%,rgb(169,184,195) 100%)\"><strong>Freilich auch ein oder der Haupt-\u201eGrund\u201c f\u00fcr Judenhass und -verfolgung in Deutschland und anderswo, sie geben \u201eWiderrede\u201c, \u201edenken selbst\u201c usw., also das was \u201eman\u201c in Deutschland und auch unter Muslimen und anderen \u201eRechtgl\u00e4ubigen\u201c einfach \u201enicht tut\u201c. &nbsp;<br><br>Anstatt dass \u00fcber die bis heute herrschende Kolonialismus- und Sklaven-\/Herren- Grund-Mentalit\u00e4t <\/strong><strong>DES<\/strong><strong> Islam &#8211; der in s\u00e4mtlichen \u201eHauptrichtungen\u201c nur &#8222;Gl\u00e4ubige&#8220;\/&#8220;Ungl\u00e4ubige&#8220; und nur &#8222;Herrscher&#8220;\/&#8220;Beherrschte&#8220; kennen will &#8211; und der ihn (be)nutzenden &#8222;Arabischen Welt&#8220; gesprochen wird, &#8222;gelang&#8220; es, \u00fcber den <\/strong><strong>ANGEBLICHEN<\/strong><strong> &#8222;Kolonialismus&#8220; &#8218;der Juden&#8216; zu reden: ein geradezu unfassbar absurder Vorwurf an ein seit Jahrtausenden verfolgtes und mit Mord und Massakern bedrohtes Volk, das zudem schon immer im Gebiet des nicht nur heutigen Israel gelebt hat, und &#8222;der Staat Israel&#8220; ist mitnichten ein &#8222;Grund&#8220; f\u00fcr den Judenhass: dieser war speziell bei den Arabern schon immer verbreitet oder virulent.<br><br>* Zu den ersten Schritten, die dazu zu geh\u00f6ren h\u00e4tten, diesen Kolonialismus des &#8222;Panarabismus&#8220; und den &#8222;Grund&#8220; f\u00fcr den Judenhass anzusprechen, muss geh\u00f6ren, der arabischen Bev\u00f6lkerung den Begriff &#8222;Pal\u00e4stinenser&#8220; endlich zu entziehen und zu <\/strong><strong>VERWEIGERN<\/strong><strong> ! *<br><br>Es <\/strong><strong>GIBT<\/strong><strong> auch <\/strong><strong>KEINE<\/strong><strong> &#8222;rein pal\u00e4stinensischen Gebiete&#8220;, in denen Juden &#8222;nicht siedeln&#8220; d\u00fcrften.<br><br>Gem\u00e4\u00df bis heute geltender UN-Resolution 181 vom November 1948 d\u00fcrfen grunds\u00e4tzlich alle Bewohner der Levante bzw. des ehemals vor\u00fcbergehend britisch-\/franz\u00f6sischen &#8222;Mandatsgebietes&#8220; <\/strong><strong>\u00dcBERALL <\/strong><strong>siedeln.<br><br>Ob nun Ein- oder Zwei-Staaten-&#8222;L\u00f6sung&#8220;: die UN-Resolution legt fest, dass jeder dort errichtete Staat die Universalen Menschenrechte wie &#8222;Minderheiten&#8220;-Schutz, Religionsfreiheit usw. anzuerkennen und in der Verfassung niederzuschreiben und zu garantieren habe.<\/strong><\/p>\n\n\n\n<p class=\"has-vivid-purple-color has-text-color has-background has-link-color wp-elements-1200d956b0adafedebca40eb6118056a\" style=\"background:linear-gradient(135deg,rgb(238,238,238) 100%,rgb(169,184,195) 100%)\"><strong>Alle Theologen oder Philosophen, welche f\u00fcr den Islam &#8211; wie f\u00fcr jede &#8222;Religion&#8220; \u00fcberhaupt &#8211; die pers\u00f6nliche Religionsfreiheit als essentiell und folgerichtig deduziert haben, werden seit \u00fcber tausend Jahren als &#8222;H\u00e4retiker&#8220;, &#8222;Irrgl\u00e4ubige&#8220;, &#8222;Gottlose&#8220; verfolgt, diffamiert, verfolgt, ihre Lehren &#8211; darunter die des doch vorgeblich so &#8222;gesch\u00e4tzten&#8220; &#8222;Ibn Rushd&#8220; (Averroes) &#8211; werden kupiert und zensiert.<br><br>Da &#8222;der&#8220; Islam mithin keine Universalen Menschenrechte anerkennt, w\u00e4hrend Juden &#8222;seit ewig&#8220; und essentiell an deren Entwicklung beteiligt waren, liegt <\/strong><strong>NUR DORT<\/strong><strong> der Grund daf\u00fcr, dass es <\/strong><strong>WEDER<\/strong><strong> eine &#8222;Ein&#8220;- noch &#8222;Zwei&#8220;-Staaten- &#8222;L\u00f6sung&#8220; bisher geben kann:<br>DIE Araber erkennen weder die generelle Siedlungsfreiheit noch die Universalen Menschenrechte an.<br>Israel\/&#8220;die Juden&#8220; tragen auch hieran keinerlei &#8222;Schuld&#8220;.<\/strong><\/p>\n\n\n\n<p class=\"has-vivid-purple-color has-text-color has-background has-link-color wp-elements-c16881d2822f7f637b69ee6c9866dab7\" style=\"background:linear-gradient(135deg,rgb(238,238,238) 100%,rgb(169,184,195) 100%)\"><strong><em>02. Das t\u00f6richte Wort \u201eIsraelkritik\u201c und arme \u201everfolgte\u201c Araber<\/em><\/strong><\/p>\n\n\n\n<p class=\"has-vivid-purple-color has-text-color has-background has-link-color wp-elements-ffdcc85f7e41d1c8c0bdb3ef5ac4d563\" style=\"background:linear-gradient(135deg,rgb(238,238,238) 100%,rgb(169,184,195) 100%)\"><strong>&#8212; &#8212; F\u00fcr kein einziges Land dieser Welt gibt es ein Wort wie \u201eIsraelkritik\u201c.<\/strong><\/p>\n\n\n\n<p class=\"has-vivid-purple-color has-text-color has-background has-link-color wp-elements-55a808254b0e12c05358ac6faa38c4b1\" style=\"background:linear-gradient(135deg,rgb(238,238,238) 100%,rgb(169,184,195) 100%)\"><strong>Nicht einmal, wenn man einen Verbrecher wie Putin kritisiert, der von einer \u201eMehrheit\u201c unterst\u00fctzt wird, nennt man das \u201eRusslandkritik\u201c-<\/strong><\/p>\n\n\n\n<p class=\"has-vivid-purple-color has-text-color has-background has-link-color wp-elements-de33a33a82d9106f1fecce5331a6b514\" style=\"background:linear-gradient(135deg,rgb(238,238,238) 100%,rgb(169,184,195) 100%)\"><strong>Kritisiert jemand Macron, ist es keine \u201eFrankreichkritik\u201c. Kritsiert jemand Orb\u00e1n, ist es keine \u201eUngarn-Kritik\u201c.<\/strong><\/p>\n\n\n\n<p class=\"has-vivid-purple-color has-text-color has-background has-link-color wp-elements-438046a4312dc855ce5cfba6fd01b681\" style=\"background:linear-gradient(135deg,rgb(238,238,238) 100%,rgb(169,184,195) 100%)\"><strong>Nur f\u00fcr Israel gibt es die Bezeichnung \u201eIsraelkritik\u201c, mit welchem ein ganzes Land, ein ganzes Volk in Haftung genommen wird f\u00fcr als kritikw\u00fcrdig befundene Politik einer Regierung: antisemitischer bzw. Juden hassender geht es nicht \u2013 davon abgesehen, dass \u00fcber 20% der Bev\u00f6lkerung Israels keine Juden sind, sondern Araber.<\/strong><\/p>\n\n\n\n<p class=\"has-vivid-purple-color has-text-color has-background has-link-color wp-elements-4982d9c24c42250cad641cb1fe45635d\" style=\"background:linear-gradient(135deg,rgb(238,238,238) 100%,rgb(169,184,195) 100%)\"><strong>Wenn \u201edie Juden\u201c dem Netanjahu nicht gehorchen, &#8222;gef\u00e4llt&#8220; den &#8222;Israelkritikern&#8220; dieser Welt das &#8211; wenn sie den Islamisten nicht gehorchen, sind sie &#8222;Rassisten&#8220; und &#8222;tun das was Hitler getan hat&#8220;.<br><br>Das k\u00f6nnte man &#8222;Verlogenheit&#8220; nennen, jedoch w\u00e4re solche Bezeichnung ein erheblicher Euphemismus.<br>Juden haben zwar \u201eGott\u201c erfunden, eignen sich aber nicht dazu, &#8222;dem einen Glauben&#8220; irgendeines &#8222;Allaaaaaaaah&#8220; oder wie \u201eEr\u201c gerade hei\u00dfen soll, zu folgen, weil sie dazu insgesamt eben zu freigeistig und divers sind; \u201eGott\u201c ist bei ihnen ein \u201eDialog-Partner\u201c, kein Befehlsgeber &#8211; der Mensch entscheidet selbst<br><br>Deshalb sind ja die &#8222;westlichen Werte&#8220;, Wissenschaften, Logik usw. in ganz erheblicher Weise Ergebnis j\u00fcdischer Beitr\u00e4ge, trotz aller Verfolgung, Vernichtung und Vertreibung \u00fcber Jahrtausende.<br><br>Die &#8222;Israelkritiker&#8220; aber kolportieren, Israel werde als &#8222;Fremdk\u00f6rper&#8220; in einem angeblich &#8222;islamischen&#8220; Umfeld wahrgenommen.<br>Jedoch ist die Levante erst seit historisch sehr kurzer Zeit &#8222;islamisch&#8220; gepr\u00e4gt: es war eine ausgesprochen <\/strong><strong>MULTI-ETHNISCHE<\/strong><strong> Region, in welcher nur wenige Ethnien und\/oder V\u00f6lker permanent gelebt und sich behauptet haben, darunter die Juden \/ Israeliten.<br><br>Und heute wollen &#8211; allen Ernstes!! <\/strong><strong>UNFASSBAR <\/strong><strong>&#8211; die &#8222;Israelkritiker&#8220; dieser Welt ausgerechnet &#8222;den Juden&#8220; &#8222;multi-ethnische Offenheit&#8220; andienen !?!<br><br>WIE konnte diese Region zu einer &#8222;islamistisch gepr\u00e4gten&#8220; werden, \u201cIsraelkritiker\u201c ?<br><\/strong><strong>NA ?<\/strong><strong><br><\/strong><strong>SETZEN<\/strong><strong>, <\/strong><strong>SECHS<\/strong><strong>.<br><br>***Durch KOLONIALISIERUNG***, \u201eIsraelkritiker\u201c.<br><br>Halb Afrika &#8211; und gro\u00dfe Teile Asiens &#8211; ist es, was Araber gestohlen, und unterworfen haben &#8211; <\/strong><strong>BIS HEUTE<\/strong><strong>.<br>Sie haben diese L\u00e4nder bis West-Sahara, bis hinter den Sudan <\/strong><strong>\u00dcBERFALLEN<\/strong><strong>, <\/strong><strong>BESETZT<\/strong><strong>, <\/strong><strong>KOLONIALISIERT<\/strong><strong>, &#8222;bekehrt&#8220;.<br>Die **indigenen** V\u00f6lker wurden vertrieben, get\u00f6tet und zwangskonvertiert.<br>Das gilt u.a. auch f\u00fcr Syrien, den Libanon und den Irak.<br><br>Aber die &#8222;Islamversteher&#8220; &#8222;klagen&#8220; <\/strong><strong>AUSGERECHNET DIE<\/strong><strong> &#8222;an&#8220;, welche nicht &#8211; wie <\/strong><strong>DIE <\/strong><strong>Islamische Welt &#8211; bis heute 17 Jahrhunderte lang Sklaverei betreiben, sondern die welche zwei &#8211; drei Jahrhunderte Sklaverei betrieben, sie aber schliesslich ge\u00e4chtet, verboten, unter Strafe gestellt haben !<br><\/strong><strong>ABER <\/strong><strong>sie &#8222;wissen&#8220;, &#8222;dass Israel auch ein bisschen schuld&#8220; sein soll: <\/strong><strong>DAS<\/strong><strong> &#8222;wissen&#8220; sie.<br><br>&#8222;Pal\u00e4stina&#8220; ist zudem eine (sp\u00e4t- und neo-)&#8220;r\u00f6mische&#8220;, eigentlich <\/strong><strong>ABF\u00c4LLIGE<\/strong><strong> Bezeichnung f\u00fcr dieses Gebiet einer unterjochten, besiegten Provinz, wie es vor zweitausend Jahren der Fall war.<br>Diese Bezeichnung kam erst Anfang des letzten Jahrhunderts wieder auf, in eben diesem Sinne einer &#8222;Provinz&#8220; gemeint &#8230;<br>.. .. .. als &#8222;Pal\u00e4stinenser&#8220; bezeichnet wurden allerdings <\/strong><strong>ALLE <\/strong><strong>Bewohner des &#8222;Heiligen Landes&#8220;, nicht nur Juden und Araber, sondern auch <\/strong><strong>ALLE<\/strong><strong> von <\/strong><strong>ARABISCHEN KOLONIALISTEN<\/strong><strong> &#8222;bekehrten&#8220;\/ unterdr\u00fcckten\/ vernichteten Ethnien wie Kurden, Armenier, Aram\u00e4er, Assyrer, Tscherkessen, ebenso Christen\/ Maroniten usw.<br><br><\/strong><strong>DIESE ALLE<\/strong><strong> &#8211; also <\/strong><strong>INCL. JUDEN<\/strong><strong> &#8211; sind nicht mehr und nicht weniger &#8222;Pal\u00e4stinenser&#8220; als die <\/strong><strong>ARABISCHEN ISRAELIS<\/strong><strong>, welchen es erlaubt wird, diese Bezeichnung f\u00fcr sich zu okkupieren und zu vereinnahmen.<br><br>Sagen Sie <\/strong><strong>DAS<\/strong><strong>, \u201eIsraelkritiker\u201c, der &#8222;Europ\u00e4ischen Linken&#8220;.<br><br><\/strong><strong>SAGEN <\/strong><strong>Sie Ihnen, <\/strong><strong>WER <\/strong><strong>die <\/strong><strong>WIRKLICHEN<\/strong><strong>, <\/strong><strong>UNGEBROCHENEN <\/strong><strong>Kolonialisten sind !<br><br>Aber Sie wollen ja das <\/strong><strong>M\u00c4RCHEN <\/strong><strong>der angeblichen &#8222;Gegenwehr gegen Kolonialismus&#8220; der so genannten &#8222;Pal\u00e4stinenser&#8220; nicht decouvrieren.<br>Das scheint ja zu Ihrem Lebenszweck zu geh\u00f6ren.<\/strong><\/p>\n\n\n\n<p class=\"has-vivid-purple-color has-text-color has-background has-link-color wp-elements-11fdb29f7c940a1097060a8d85aec311\" style=\"background:linear-gradient(135deg,rgb(238,238,238) 100%,rgb(169,184,195) 100%)\"><strong><em>WEITERF\u00dcHRENDE LITERATUR<\/em><\/strong><strong>:<br><\/strong><strong>&#8212; Tidiane N\u2019Diaye<\/strong><strong>, \u201e<\/strong><strong>Der verschleierte V\u00f6lkermord: Die Geschichte des muslimischen Sklavenhandels in Afrika<\/strong><strong>\u201c, Reinbek bei Hamburg (Rowohlt), 2010, 256 S.<\/strong><\/p>\n\n\n\n<p class=\"has-vivid-purple-color has-text-color has-background has-link-color wp-elements-1417e869741f8e770c6e35ecdf2e4753\" style=\"background:linear-gradient(135deg,rgb(238,238,238) 100%,rgb(169,184,195) 100%)\"><strong>\u201eJungle World\u201c : <\/strong><strong>\u00bbDer Schrecken der Sklaverei setzt sich bis heute fort\u00ab, <\/strong><strong>Interview <\/strong><strong>von<\/strong><strong><\/strong><\/p>\n\n\n\n<p class=\"has-vivid-purple-color has-text-color has-background has-link-color wp-elements-4118c3199252c592beed7b358e95eb69\" style=\"background:linear-gradient(135deg,rgb(238,238,238) 100%,rgb(169,184,195) 100%)\"><a href=\"https:\/\/jungle.world\/autorin\/marcus-latton\"><strong>Marcus Latton<\/strong><\/a><strong>, 23.03. 2017, Jungle World Verlags GmbH, Berlin<\/strong><\/p>\n\n\n\n<p class=\"has-vivid-purple-color has-text-color has-background has-link-color wp-elements-a7f1d126610ba777ebe6f5759306d6e8\" style=\"background:linear-gradient(135deg,rgb(238,238,238) 100%,rgb(169,184,195) 100%)\"><strong>(http:\/\/jungle.world\/artikel\/2017\/12\/der-schrecken-der-sklaverei-setzt-sich-bis-heute-fort)<\/strong><strong><\/strong><\/p>\n\n\n\n<p class=\"has-vivid-purple-color has-text-color has-background has-link-color wp-elements-bce8875cdb64e0f3c75d03d3111276a5\" style=\"background:linear-gradient(135deg,rgb(238,238,238) 100%,rgb(169,184,195) 100%)\"><strong>&nbsp;&nbsp;&nbsp;&nbsp;&nbsp;&nbsp;&nbsp;&nbsp;&nbsp;&nbsp;&nbsp;&nbsp;&nbsp;&nbsp;&nbsp;&nbsp;&nbsp;&nbsp;&nbsp;&nbsp;&nbsp;&nbsp;&nbsp;&nbsp;&nbsp;&nbsp;&nbsp;&nbsp;&nbsp;&nbsp;&nbsp;&nbsp;&nbsp;&nbsp;&nbsp;&nbsp;&nbsp;&nbsp;&nbsp;&nbsp;&nbsp;&nbsp;&nbsp;&nbsp;&nbsp;&nbsp;&nbsp;&nbsp;&nbsp;&nbsp;&nbsp;&nbsp;&nbsp;&nbsp;&nbsp;&nbsp;&nbsp;&nbsp;&nbsp; &nbsp;03. Arme, verfolgte \u201eQuerdenker\u201c<\/strong><\/p>\n\n\n\n<p class=\"has-vivid-purple-color has-text-color has-background has-link-color wp-elements-78a4d5e66c7b1e643fe4905d960bf1da\" style=\"background:linear-gradient(135deg,rgb(238,238,238) 100%,rgb(169,184,195) 100%)\"><strong>Wom\u00f6glich ist manchen entgangen, dass Sucharit Bhakdi nie wegen seiner \u201eMeinung\u201c zu Covid-19 und den \u201eMa\u00dfnahmen\u201c angezeigt worden war und vor Gericht gestanden hatte, sondern wegen des Vorwurfs des Antisemitismus und der \u201eVolksverhetzung&#8220;, in Pl\u00f6n\/Schleswig-Holstein.<\/strong><strong><\/strong><\/p>\n\n\n\n<p class=\"has-vivid-purple-color has-text-color has-background has-link-color wp-elements-1d4ce03ccdf71d8984f5b009158ff771\" style=\"background:linear-gradient(135deg,rgb(238,238,238) 100%,rgb(169,184,195) 100%)\"><strong>Deren Gerichtssprecher Markus Richter hatte betont, dass Bhakdi nicht deshalb angeklagt sei, weil er sich gegen Corona-Impfungen ausgesprochen habe; dies sei vor allem &#8222;in sozialen Netzwerken verbreitet\u201c worden.<\/strong><strong><\/strong><\/p>\n\n\n\n<p class=\"has-vivid-purple-color has-text-color has-background has-link-color wp-elements-15adbf7f773b5e6177a1810691fad31a\" style=\"background:linear-gradient(135deg,rgb(238,238,238) 100%,rgb(169,184,195) 100%)\"><strong>&#8222;Sich kritisch zur Covid 19-Politik oder auch sonst zur Politik der Regierung zu \u00e4u\u00dfern, ist nicht strafbar und insbesondere nicht als Volksverhetzung strafbar&#8220;, erkl\u00e4rte Richter.<\/strong><strong><\/strong><\/p>\n\n\n\n<p class=\"has-vivid-purple-color has-text-color has-background has-link-color wp-elements-ea70bdac934599e56f0f07a06b274b92\" style=\"background:linear-gradient(135deg,rgb(238,238,238) 100%,rgb(169,184,195) 100%)\"><strong>Wenn in diesem Zusammenhang aber einzelne Gruppen herabgew\u00fcrdigt w\u00fcrden, k\u00f6nne das durchaus strafbar sein. &#8222;Oder wenn, wie es hier ebenfalls passiert sein soll, die Taten, die w\u00e4hrend des Dritten Reichs an den Juden ver\u00fcbt wurden, heruntergespielt werden&#8220;, sagte der Gerichtssprecher vor dem Termin.<\/strong><strong><\/strong><\/p>\n\n\n\n<p class=\"has-vivid-purple-color has-text-color has-background has-link-color wp-elements-ecf67c918ef37010c9abe4c5dca58d77\" style=\"background:linear-gradient(135deg,rgb(238,238,238) 100%,rgb(169,184,195) 100%)\"><strong>In einem im Internet ver\u00f6ffentlichten Interview soll Bhakdi zum Hass gegen in Deutschland lebende J\u00fcdinnen und Juden aufgestachelt haben: dies soll im Zusammenhang mit kritischen \u00c4u\u00dferungen \u00fcber die Impfpolitik Israels geschehen sein. Laut dem Richter soll nicht auszuschlie\u00dfen gewesen sein, dass Bhakdi nur die Regierung und ihre politischen Entscheidungen im Zusammenhang mit der Covid-19-Politik gemeint habe.<\/strong><strong><\/strong><\/p>\n\n\n\n<p class=\"has-vivid-purple-color has-text-color has-background has-link-color wp-elements-c4a37f86a941795c890bd52a8569f03d\" style=\"background:linear-gradient(135deg,rgb(238,238,238) 100%,rgb(169,184,195) 100%)\"><strong>Au\u00dferdem hatte Bhakdi laut Anklage bei einer Rede im September 2021 in Kiel die Zulassung von Covid-Impfstoffen in Verbindung mit einem &#8222;Endziel&#8220; gebracht und von einem zweiten Holocaust gesprochen. Die Generalstaatsanwaltschaft Pl\u00f6n sah dadurch das Schicksal von J\u00fcdinnen und Juden unter der NS-Herrschaft verharmlost.<\/strong><strong><\/strong><\/p>\n\n\n\n<p class=\"has-vivid-purple-color has-text-color has-background has-link-color wp-elements-f73d71d52044f04da948ee9211e893ab\" style=\"background:linear-gradient(135deg,rgb(238,238,238) 100%,rgb(169,184,195) 100%)\"><strong>Auch in diesem Punkt wurde Bhakdi freigesprochen: Der Vergleich zwischen dem Holocaust und einer Impfpflicht sei nicht akzeptabel, aber nicht jeder Vergleich sei Volksverhetzung, hei\u00dft es in der Begr\u00fcndung des Urteils.<\/strong><strong><\/strong><\/p>\n\n\n\n<p class=\"has-vivid-purple-color has-text-color has-background has-link-color wp-elements-15709f5c89d6d64c197d1fe4d9a391ce\" style=\"background:linear-gradient(135deg,rgb(238,238,238) 100%,rgb(169,184,195) 100%)\"><strong>Der &#8222;Zentralrat der Juden in Deutschland\u201c hatte \u00e4u\u00dferst kritisch auf das Urteil reagiert: &#8222;Das Gericht legitimiert hier reinen Antisemitismus&#8220;, meinte Pr\u00e4seident Schuster: mit der Auslegung des von Bhakdi verwendeten Begriffes &#8222;Volk der Juden&#8220; als vermeintliche Kritik an der israelischen Regierung folge das Gericht dem Narrativ, das jeden Juden \u00fcberall f\u00fcr die Aktivit\u00e4ten des Staates Israel verantwortlich mache.<\/strong><\/p>\n\n\n\n<p class=\"has-vivid-purple-color has-text-color has-background has-link-color wp-elements-5cf44f7d05b86aaab08b430eac6d68fd\" style=\"background:linear-gradient(135deg,rgb(238,238,238) 100%,rgb(169,184,195) 100%)\"><strong>Diese Haltung von einem deutschen Gericht als Argumentationsgrundlage zu h\u00f6ren, sei &#8222;nichts weniger als skandal\u00f6s\u201c. Auch kritisierte er, dass das Gericht zwar die Verharmlosung des Holocausts durch Bhakdi zweifelsfrei gesehen habe &#8211; aber Meinungsfreiheit bei einer Wahlkampfrede h\u00f6hergestellt habe. &#8222;Zum wiederholten Mal sehe ich mich gezwungen darauf hinzuweisen, dass Antisemitismus keine Meinung ist&#8220;, so Schuster.<\/strong><strong><\/strong><\/p>\n\n\n\n<p class=\"has-vivid-purple-color has-text-color has-background has-link-color wp-elements-b679f8eb14031e01b056d21cb2503c58\" style=\"background:linear-gradient(135deg,rgb(238,238,238) 100%,rgb(169,184,195) 100%)\"><strong>Bhakdi hatte Israel als \u00ablebende H\u00f6lle\u00bb bezeichnet.<\/strong><strong><\/strong><\/p>\n\n\n\n<p class=\"has-vivid-purple-color has-text-color has-background has-link-color wp-elements-450acd48757af74677b3a104871fb52f\" style=\"background:linear-gradient(135deg,rgb(238,238,238) 100%,rgb(169,184,195) 100%)\"><strong>&#8222;Das Volk der Juden&#8220; &#8211; das &#8222;sehr schnell lerne&#8220; &#8211; habe von den Nazis das &#8222;Erzb\u00f6se&#8220; gelernt und &#8222;umgesetzt&#8220;, so \u00e4u\u00dferte sich der Ex-Bundestagskandidat Bhakdi.<\/strong><strong><\/strong><\/p>\n\n\n\n<p class=\"has-vivid-purple-color has-text-color has-background has-link-color wp-elements-89c6e7233811dbc5b4299311b10aacb1\" style=\"background:linear-gradient(135deg,rgb(238,238,238) 100%,rgb(169,184,195) 100%)\"><strong>Die Staatsanwaltschaft Kiel &#8211; anders als die Staatsanwaltschaft Pl\u00f6n &#8211; hatte also darin wie dann das Amtsgericht Pl\u00f6n keine strafbare Volksverhetzung sehen wollen; mit &#8222;diskussionsw\u00fcrdigen Begr\u00fcndungen&#8220;.<\/strong><strong><\/strong><\/p>\n\n\n\n<p class=\"has-vivid-purple-color has-text-color has-background has-link-color wp-elements-858580dff3643a9a67d4acf9e36ce836\" style=\"background:linear-gradient(135deg,rgb(238,238,238) 100%,rgb(169,184,195) 100%)\"><strong>&#8220; Das Volk, das gefl\u00fcchtet ist aus diesem Land, aus diesem Land, wo das Erzb\u00f6se war, sie haben ihr Land gefunden, haben ihr eigenes Land in etwas verwandelt, was noch schlimmer ist, als Deutschland war. Das ist das Schlimme an den Juden: sie lernen gut. Es gibt kein Volk, das besser lernt als sie. Aber sie haben das B\u00f6se jetzt gelernt &#8211; und umgesetzt.<\/strong><strong><\/strong><\/p>\n\n\n\n<p class=\"has-vivid-purple-color has-text-color has-background has-link-color wp-elements-35d628eadf1f78dd41f4715e6db91360\" style=\"background:linear-gradient(135deg,rgb(238,238,238) 100%,rgb(169,184,195) 100%)\"><strong>Deshalb ist Israel jetzt living hell &#8211; die lebende H\u00f6lle.&#8220;<\/strong><strong><\/strong><\/p>\n\n\n\n<p class=\"has-vivid-purple-color has-text-color has-background has-link-color wp-elements-c3d6ba315d467ed213b001bd6177914f\" style=\"background:linear-gradient(135deg,rgb(238,238,238) 100%,rgb(169,184,195) 100%)\"><strong>Wer &#8222;meint&#8220;, solche \u00c4u\u00dferungen k\u00f6nnten keine Begr\u00fcndung f\u00fcr eine Anzeige oder Anklage geben und seien wohl &#8220; nur &#8218;Israelkritik&#8216; &#8220; oder &#8222;aus Rache von Politik und Wissenschaftlern&#8220; erfolgt &#8211; obwohl die Anzeige eben von j\u00fcdischen Organisationen wie JFDA erfolgt war -, erscheint als kritischem Denken, Pr\u00fcfen und exakter Recherche wenig zugeneigt.<\/strong><strong><\/strong><\/p>\n\n\n\n<p class=\"has-vivid-purple-color has-text-color has-background has-link-color wp-elements-bfae575845b22e879088f5acfa245c49\" style=\"background:linear-gradient(135deg,rgb(238,238,238) 100%,rgb(169,184,195) 100%)\"><strong>Insbesondere ist darauf hinzuweisen, dass der 77j\u00e4hrige Bhakdi seit 2012 in Ruhestand ist, und die seine \u201eThesen\u201c ablehnenden Infektiologen, Epidemiologen und weitere Experten &#8211; darunter sehr wohl auch solche, die selbst, jedoch aus inhaltlich anderen Gr\u00fcnden, Teile der \u201eMa\u00dfnahmen\u201c kritisch sahen oder ablehnten &#8211; feststellten, dass der Herr aufgrund seiner l\u00e4ngeren Abwesenheit aus der relevanten Forschung nicht mehr auf deren aktueller H\u00f6he sei, und widerlegten die meisten seiner Thesen auf wissenschaftlicher Basis mit entsprechenden Argumenten.<\/strong><strong><\/strong><\/p>\n\n\n\n<p class=\"has-vivid-purple-color has-text-color has-background has-link-color wp-elements-09d483183fd4e17283ffd2aa174bdd02\" style=\"background:linear-gradient(135deg,rgb(238,238,238) 100%,rgb(169,184,195) 100%)\"><strong>Bhakdi hatte zu Corona-Viren und damit verbundenen epidemiologischen Themen weder geforscht noch publiziert. Die wissenschaftliche Datenbank \u201eMedine\u201c enthielt 2019 und 2020 keinen Artikel von ihm &#8211; dennoch stellte er sich in der Covid19-Pandemie als Experte dar und wurde von seinen Anh\u00e4ngern so gesehen.<\/strong><strong><\/strong><\/p>\n\n\n\n<p class=\"has-vivid-purple-color has-text-color has-background has-link-color wp-elements-10677740fb9676f31fef436058bc55f1\" style=\"background:linear-gradient(135deg,rgb(238,238,238) 100%,rgb(169,184,195) 100%)\"><strong>Kann man zwar machen, nur wirkt dann nicht nur gleichzeitig aus denselben M\u00fcndern h\u00e4ufig ge\u00e4u\u00dferte \u201eKritik am Bildungsstand in Deutschland\u201c etwas \u201emerkw\u00fcrdig\u201c oder (selbst-) widerspr\u00fcchlich.<\/strong><\/p>\n\n\n\n<p class=\"has-vivid-purple-color has-text-color has-background has-link-color wp-elements-f6e53f239ba38100934cbb4c47340254\" style=\"background:linear-gradient(135deg,rgb(238,238,238) 100%,rgb(169,184,195) 100%)\"><strong>&nbsp;&nbsp;&nbsp;&nbsp;&nbsp;&nbsp;&nbsp;&nbsp;&nbsp;&nbsp;&nbsp;&nbsp;&nbsp;&nbsp;&nbsp;&nbsp;&nbsp;&nbsp;&nbsp;&nbsp;&nbsp;&nbsp;&nbsp;&nbsp;&nbsp;&nbsp;&nbsp; 04. Zur Historie<\/strong><\/p>\n\n\n\n<p class=\"has-vivid-purple-color has-text-color has-background has-link-color wp-elements-289a6fadf7217a345033a2716e6658bd\" style=\"background:linear-gradient(135deg,rgb(238,238,238) 100%,rgb(169,184,195) 100%)\"><strong>Bei all dem, was hierzu an Unwissen, Falschaussagen, Nichtwissen, L\u00fcgen \u2013 auch von solchen, die behaupten, \u201enicht israel- oder judenfeindlich\u201c zu sein \u2013 verbreitet wird, kann es schlichtweg nicht verwundern, wenn die L\u00fcgen der arabischen Bewohner Israels und von deren \u201eUnterst\u00fctzern\u201c unwidersprochen bleiben.<\/strong><\/p>\n\n\n\n<p class=\"has-vivid-purple-color has-text-color has-background has-link-color wp-elements-1ad5903a701baae0526d470107377c66\" style=\"background:linear-gradient(135deg,rgb(238,238,238) 100%,rgb(169,184,195) 100%)\"><strong>Allerdings, <\/strong><strong>EGAL <\/strong><strong>wie diese Historie dargestellt wird &#8211; was letztlich vor allem<\/strong><strong> Z\u00c4HLT<\/strong><strong>, ist die <\/strong><strong>GEGENWART<\/strong><strong>:<\/strong><\/p>\n\n\n\n<p class=\"has-vivid-purple-color has-text-color has-background has-link-color wp-elements-6e824c2b57f104961d0c3bd8b4bb1b5f\" style=\"background:linear-gradient(135deg,rgb(238,238,238) 100%,rgb(169,184,195) 100%)\"><strong>So entgeht \u2013 <em>wie schon weiter oben erw\u00e4hnt<\/em> &#8211; offenbar der Aufmerksamkeit fast aller &#8211; warum auch immer -, dass im gesamten ehemaligen &#8222;Britischen Mandatsgebiet&#8220; gem\u00e4\u00df der <\/strong><strong>GELTENDEN UN<\/strong><strong>-Resolution 181 <\/strong><strong>ALLE<\/strong><strong> dortigen Einwohner <\/strong><strong>\u00dcBERALL SIEDELN<\/strong><strong> d\u00fcrfen.<\/strong><\/p>\n\n\n\n<p class=\"has-vivid-purple-color has-text-color has-background has-link-color wp-elements-4297208fab810fa46d086d0355dbbbfb\" style=\"background:linear-gradient(135deg,rgb(238,238,238) 100%,rgb(169,184,195) 100%)\"><strong>Es <\/strong><strong>GIBT<\/strong><strong> also <\/strong><strong>KEINE<\/strong><strong> &#8222;rein pal\u00e4stinensischen&#8220; Gebiete, in denen z.B. Juden &#8222;nicht siedeln&#8220; d\u00fcrften.<\/strong><\/p>\n\n\n\n<p class=\"has-vivid-purple-color has-text-color has-background has-link-color wp-elements-479dc577bbe5ce90a4f3e0a3e45e3a8c\" style=\"background:linear-gradient(135deg,rgb(238,238,238) 100%,rgb(169,184,195) 100%)\"><strong>Es ist gem\u00e4\u00df dieser Resolution ebenfalls <\/strong><strong>NICHT <\/strong><strong>untersagt, dort &#8222;Staaten&#8220; zu gr\u00fcnden.<\/strong><\/p>\n\n\n\n<p class=\"has-vivid-purple-color has-text-color has-background has-link-color wp-elements-2cee5152bdf9d79b5199bec757712a3d\" style=\"background:linear-gradient(135deg,rgb(238,238,238) 100%,rgb(169,184,195) 100%)\"><strong>Voraussetzung f\u00fcr <\/strong><strong>JEDEN<\/strong><strong> dort zu gr\u00fcndenden Staat hat jedoch zu sein: die grunds\u00e4tzliche <\/strong><strong>ACHTUNG<\/strong><strong> der <\/strong><strong>UNIVERSALEN MENSCHENRECHTE<\/strong><strong>.<\/strong><\/p>\n\n\n\n<p class=\"has-vivid-purple-color has-text-color has-background has-link-color wp-elements-f5887a09ae14f25974e102a6c8ff80a0\" style=\"background:linear-gradient(135deg,rgb(238,238,238) 100%,rgb(169,184,195) 100%)\"><strong>Sprich: Religionsfreiheit, Achtung von Rechten so genannter &#8222;Minderheiten&#8220;, Meinungsfreiheit unter Beachtung der Freiheit aller anderen, usw.: also vieles von dem, was in der \u201eIslamischen Welt\u201c nicht existiert.<br><br><\/strong><\/p>\n\n\n\n<p class=\"has-vivid-purple-color has-text-color has-background has-link-color wp-elements-7caa97c061f8d4d2f65aad55312255a7\" style=\"background:linear-gradient(135deg,rgb(238,238,238) 100%,rgb(169,184,195) 100%)\"><strong>Und ein &#8222;pal\u00e4stinensischer Staat&#8220; w\u00fcrde diesbez\u00fcglich angesichts des Politischen Personals und der &#8222;weltanschaulichen Pr\u00e4ferenzen&#8220; der &#8222;Mehrheit&#8220; der Bev\u00f6lkerung <\/strong><strong>FURCHTBAR<\/strong><strong> sein und eine f\u00fcr <\/strong><strong>ISRAEL<\/strong><strong> v\u00f6llig inakzeptable <\/strong><strong>BEDROHUNG<\/strong><strong> darstellen.<\/strong><\/p>\n\n\n\n<p class=\"has-vivid-purple-color has-text-color has-background has-link-color wp-elements-3ec9038d0622b850e8105abab0b2b33f\" style=\"background:linear-gradient(135deg,rgb(238,238,238) 100%,rgb(169,184,195) 100%)\"><strong>Und solange ein dort zu gr\u00fcndender &#8222;islamischer&#8220; Staat weder die universalen Menschenrechte noch das Existenzrecht Israels, die Existenz von <\/strong><strong>JUDEN \u00dcBERHAUPT<\/strong><strong>, anerkennt, <\/strong><strong>KANN<\/strong><strong> es eben <\/strong><strong>KEINE<\/strong><strong> &#8222;Zwei-Staaten-L\u00f6sung&#8220; geben.<\/strong><\/p>\n\n\n\n<p class=\"has-vivid-purple-color has-text-color has-background has-link-color wp-elements-04b3fe1c2945d42554129153e35abae4\" style=\"background:linear-gradient(135deg,rgb(238,238,238) 100%,rgb(169,184,195) 100%)\"><strong>Die hier dargestellte &#8222;Historie&#8220; zeigt in jedem Fall, dass <\/strong><strong>ARABER<\/strong><strong> &#8211; wie &#8222;die&#8220; selbst genannten\/ so genannten &#8222;Pal\u00e4stinenser&#8220; &#8211; dort schon historisch <\/strong><strong>KAUM <\/strong><strong>eine l\u00e4nger dauernde namhafte Rolle gespielt haben, w\u00e4hrend Juden dort <\/strong><strong>IMMER<\/strong><strong> gewohnt und \u00fcber l\u00e4ngere Zeiten auch geherrscht hatten, in jedem Fall keine &#8222;zugezogenen Siedler&#8220; sind, dieser <\/strong><strong>REALIT\u00c4T <\/strong><strong>gem\u00e4\u00df ist ja die UN-Resolution gestaltet.<\/strong><\/p>\n\n\n\n<p class=\"has-vivid-purple-color has-text-color has-background has-link-color wp-elements-12bd0a1104abb89bdce7fedcc923794e\" style=\"background:linear-gradient(135deg,rgb(238,238,238) 100%,rgb(169,184,195) 100%)\"><strong>&#8222;Pal\u00e4stina&#8220; ist zudem eine (sp\u00e4t- und neo-)&#8220;r\u00f6mische&#8220;, eigentlich <\/strong><strong>ABF\u00c4LLIGE<\/strong><strong> Bezeichnung f\u00fcr dieses Gebiet einer unterjochten, besiegten Provinz, wie es vor zweitausend Jahren der Fall war.<\/strong><\/p>\n\n\n\n<p class=\"has-vivid-purple-color has-text-color has-background has-link-color wp-elements-83bc4a34c8e18d83b844c5d7e884e839\" style=\"background:linear-gradient(135deg,rgb(238,238,238) 100%,rgb(169,184,195) 100%)\"><strong>Diese Bezeichnung kam erst Anfang des letzten Jahrhunderts wieder auf, in eben diesem Sinne einer &#8222;Provinz&#8220; gemeint &#8230;<\/strong><\/p>\n\n\n\n<p class=\"has-vivid-purple-color has-text-color has-background has-link-color wp-elements-38d268f20984a4cee05cb1cddf689a3d\" style=\"background:linear-gradient(135deg,rgb(238,238,238) 100%,rgb(169,184,195) 100%)\"><strong>.. .. .. als &#8222;Pal\u00e4stinenser&#8220; bezeichnet wurden allerdings <\/strong><strong>ALLE <\/strong><strong>Bewohner des &#8222;Heiligen Landes&#8220;, nicht nur Juden und Araber, sondern auch <\/strong><strong>ALLE<\/strong><strong> von <\/strong><strong>ARABISCHEN KOLONIALISTEN<\/strong><strong> &#8222;bekehrten&#8220;\/ unterdr\u00fcckten\/ vernichteten Ethnien (sh. u.a. Seite 04).<\/strong><\/p>\n\n\n\n<p class=\"has-vivid-purple-color has-text-color has-background has-link-color wp-elements-bf30695c1a9ef0f4e009409dcac23e25\" style=\"background:linear-gradient(135deg,rgb(238,238,238) 100%,rgb(169,184,195) 100%)\"><strong>&#8212;-Vor dem heutigen, \u201emodernen\u201c Israel gab es ein britisches Mandat, kein \u201epal\u00e4stinensisches Land\u201c.<\/strong><\/p>\n\n\n\n<p class=\"has-vivid-purple-color has-text-color has-background has-link-color wp-elements-0709fe92f211e3f199f61058c955f169\" style=\"background:linear-gradient(135deg,rgb(238,238,238) 100%,rgb(169,184,195) 100%)\"><strong>&#8212;Vor dem britischen Mandat war es besetzter Teil des \u201eOsmanischen Reichs\u201c, bis sich dieses zur\u00fcckzog, und es in der Folge Briten und Franzosen zur \u201eMandatierung\u201c und Verwaltung \u00fcbergeben wurde \u2013 kein \u201ePal\u00e4stinensischer Staat\u201c.<\/strong><\/p>\n\n\n\n<p class=\"has-vivid-purple-color has-text-color has-background has-link-color wp-elements-2c4b1817c651fd00a20fcbd18e3a22ab\" style=\"background:linear-gradient(135deg,rgb(238,238,238) 100%,rgb(169,184,195) 100%)\"><strong>&#8212;Vor dem \u201eOsmanischen Reich\u201c gab es eine Teil-Besetzung durch \u00c4gypten, keinen \u201ePal\u00e4stinensischen Staat\u201c.<\/strong><\/p>\n\n\n\n<p class=\"has-vivid-purple-color has-text-color has-background has-link-color wp-elements-5e1fc83497365432055202b3bca7a536\" style=\"background:linear-gradient(135deg,rgb(238,238,238) 100%,rgb(169,184,195) 100%)\"><strong>&#8212;Vor der Teil-Besetzung durch \u00c4gypten gab es das Kaiserreich \u201eAyubid\u201c\/ \u201eJobid\u201c, keinen \u201ePal\u00e4stinensischen Staat\u201c. \u201eGofri IV.\u201c aus Nord-Frankreich, bekannt als \u201eGodfrey\/Gottfried de\/von Bouillon\u201c, eroberte Jerusalem 1099, und sollte der erste Herrscher des neu gegr\u00fcndeten \u201eK\u00f6nigreich Jerusalem\u201c werden, er lehnte aber die K\u00f6nigsw\u00fcrde ab.<\/strong><\/p>\n\n\n\n<p class=\"has-vivid-purple-color has-text-color has-background has-link-color wp-elements-2d5cd908d7f9ba4276a213dccb798296\" style=\"background:linear-gradient(135deg,rgb(238,238,238) 100%,rgb(169,184,195) 100%)\"><strong>&#8212;Vor dem Imperium Jobid gab es das \u201eChristliche K\u00f6nigreich Jerusalem\u201c, nicht den \u201ePal\u00e4stinensischen Staat\u201c.<\/strong><\/p>\n\n\n\n<p class=\"has-vivid-purple-color has-text-color has-background has-link-color wp-elements-ad54cb8a3cfa9b65cd8835a3b90177e2\" style=\"background:linear-gradient(135deg,rgb(238,238,238) 100%,rgb(169,184,195) 100%)\"><strong>&#8212;Vor dem K\u00f6nigreich Jerusalem gab es Umayad und Fatimidische (\u00e4gyptische) Imperien, nicht den \u201ePal\u00e4stinensischen Staat\u201c.<\/strong><\/p>\n\n\n\n<p class=\"has-vivid-purple-color has-text-color has-background has-link-color wp-elements-3caebe13871d792b988a91b1471df49d\" style=\"background:linear-gradient(135deg,rgb(238,238,238) 100%,rgb(169,184,195) 100%)\"><strong>&#8211;<\/strong><\/p>\n\n\n\n<p class=\"has-vivid-purple-color has-text-color has-background has-link-color wp-elements-afca3754e070483203923798d38c32da\" style=\"background:linear-gradient(135deg,rgb(238,238,238) 100%,rgb(169,184,195) 100%)\"><strong>&#8211;Vor den Imperien der Umayad und Fatimiden gab es das \u201eByzantinische Reich\u201c (=\u201cOstr\u00f6misches Reich\u201c, als unmittelbarer Nachfolger des christianisierten R\u00f6mischen Reichs), ein multi-ethnischer Staat, der vom West-Balkan (Illyrien) \u00fcber Peloponnes\/Griechenland, die gesamte heutige T\u00fcrkei, Antiochien, Syrien, Levante, die Sinai-Halbinsel bis Nord- und Ost-\u00c4gypten reichte : nicht den \u201ePal\u00e4stinensischen Staat\u201c.<\/strong><\/p>\n\n\n\n<p class=\"has-vivid-purple-color has-text-color has-background has-link-color wp-elements-e4b4ead6fd1522eee6479d73cfd3f05a\" style=\"background:linear-gradient(135deg,rgb(238,238,238) 100%,rgb(169,184,195) 100%)\"><strong>&#8212; Vor dem Byzantinischen Reich gab es das R\u00f6mische Reich, nicht den \u201ePal\u00e4stinensischen Staat\u201c.<\/strong><\/p>\n\n\n\n<p class=\"has-vivid-purple-color has-text-color has-background has-link-color wp-elements-a845534ac37ac0081ef1b88e9ca0b910\" style=\"background:linear-gradient(135deg,rgb(238,238,238) 100%,rgb(169,184,195) 100%)\"><strong>Es waren daher auch nicht \u201edie Juden\u201c, die \u201eJesus umbrachten\u201c, sondern -wenn \u00fcberhaupt- \u201edie R\u00f6mer\u201c bzw. alle Bewohner des multi-ethnischen \u201eHeiligen Landes\u201c.<\/strong><\/p>\n\n\n\n<p class=\"has-vivid-purple-color has-text-color has-background has-link-color wp-elements-ceaad92ef54cdc6c4b1a53c541844b71\" style=\"background:linear-gradient(135deg,rgb(238,238,238) 100%,rgb(169,184,195) 100%)\"><strong>&#8212; Lange vor dem \u201eByzantinischen Reich\u201c gab es das mazedonische Reich des so genannten \u201eAlexander der Gro\u00dfe\u201c, nicht den \u201ePal\u00e4stinensischen Staat\u201c.<\/strong><\/p>\n\n\n\n<p class=\"has-vivid-purple-color has-text-color has-background has-link-color wp-elements-1626402649c41a07668ed5a9cac1cf20\" style=\"background:linear-gradient(135deg,rgb(238,238,238) 100%,rgb(169,184,195) 100%)\"><strong>&#8212; Vor dem Kaiserreich des Alexander von Mazedonien gab es ein \u201ePersisches Reich\u201c, nicht den \u201ePal\u00e4stinensischen Staat\u201c.<\/strong><\/p>\n\n\n\n<p class=\"has-vivid-purple-color has-text-color has-background has-link-color wp-elements-3e0a97399577f0754a52e78cf616ca33\" style=\"background:linear-gradient(135deg,rgb(238,238,238) 100%,rgb(169,184,195) 100%)\"><strong>&#8212; Vor dem \u201ePersischen Reich\u201c gab es das \u201eBabylonische Reich\u201c, nicht den \u201ePal\u00e4stinensischen Staat\u201c.<\/strong><\/p>\n\n\n\n<p class=\"has-vivid-purple-color has-text-color has-background has-link-color wp-elements-6c80f7b6301213257af3d27cb721ee7b\" style=\"background:linear-gradient(135deg,rgb(238,238,238) 100%,rgb(169,184,195) 100%)\"><strong>&#8212; Vor dem Reich \u201eBabylon\u201c \u2013 und der \u201eBabylonischen Gefangenschaft\u201c gro\u00dfer Teile des J\u00fcdischen Volkes &#8211; gab es j\u00fcdische\/ israelische K\u00f6nigreiche, und auch Judaea war nicht ein \u201ePal\u00e4stinensischer Staat\u201c.<\/strong><\/p>\n\n\n\n<p class=\"has-vivid-purple-color has-text-color has-background has-link-color wp-elements-a5d6147fa4dd8e7b780a4f0a3b260b65\" style=\"background:linear-gradient(135deg,rgb(238,238,238) 100%,rgb(169,184,195) 100%)\"><strong>&#8212;Vor den K\u00f6nigreichen Israel und Judaea gab es weitere K\u00f6nigreiche Israel, nicht den \u201ePal\u00e4stinensischen Staat\u201c.<\/strong><\/p>\n\n\n\n<p class=\"has-vivid-purple-color has-text-color has-background has-link-color wp-elements-49048856c9e9aa8a3c0e4d1977f49ba0\" style=\"background:linear-gradient(135deg,rgb(238,238,238) 100%,rgb(169,184,195) 100%)\"><strong>&#8212; Vor dem K\u00f6nigreich Israel gab es eine Theokratie israelischer\/ j\u00fcdischer St\u00e4mme, nicht einen \u201ePal\u00e4stinensischen Staat\u201c.<\/strong><\/p>\n\n\n\n<p class=\"has-vivid-purple-color has-text-color has-background has-link-color wp-elements-e5010036df403595abce90dede2355eb\" style=\"background:linear-gradient(135deg,rgb(238,238,238) 100%,rgb(169,184,195) 100%)\"><strong>&#8212; Vor der Jahrhunderte w\u00e4hrenden \u201eTheokratie Israel\u201c hatte es eine Agglomeration unabh\u00e4ngiger kanaanischer St\u00e4dte gegeben, nicht einen \u201ePal\u00e4stinensischen Staat\u201c.<\/strong><\/p>\n\n\n\n<p class=\"has-vivid-purple-color has-text-color has-background has-link-color wp-elements-3ea2fddff6c5bba40f59fe779125298b\" style=\"background:linear-gradient(135deg,rgb(238,238,238) 100%,rgb(169,184,195) 100%)\"><strong>Tats\u00e4chlich war die \u201eLevante\u201c, und speziell dieser Teil der \u201eLevante\u201c \u2013 Judaea, Samaria, Galilaea, Kanaa \u2013 alles M\u00f6gliche : au\u00dfer einem \u201epal\u00e4stinensischen Staat\u201c.<\/strong><\/p>\n","protected":false},"excerpt":{"rendered":"<p>&nbsp;&nbsp;&nbsp;&nbsp;&nbsp;&nbsp;&nbsp;&nbsp;&nbsp;&nbsp;&nbsp;&nbsp;&nbsp;&nbsp;&nbsp; I\u00b4m in it \u2013 but it\u00b4s not about me \/ J\u2019y suis \u2013 mais c\u00b4est pas de moi \u00a0\u00a0\u00a0\u00a0\u00a0\u00a0\u00a0\u00a0\u00a0\u00a0\u00a0\u00a0\u00a0\u00a0\u00a0\u00a0\u00a0\u00a0\u00a0\u00a0\u00a0\u00a0\u00a0\u00a0\u00a0\u00a0\u00a0\u00a0\u00a0\u00a0\u00a0\u00a0\u00a0\u00a0 (07)\u00a0\u00a0\u00a0\u00a0\u00a0\u00a0\u00a0\u00a0\u00a0\u00a0\u00a0\u00a0 \u00a0\u00a0\u00a0\u00a0\u00a0\u00a0\u00a0\u00a0\u00a0\u00a0\u00a0\u00a0\u00a0\u00a0\u00a0 December 22, 2023 DER JUDENHASS, DIE \u201eISRAELKRITIK\u201c u.v.m. FiniTestiPublishing\u00a0\/ www.ricercando.eu \u25caBerlin\u25caGraz\u25caBregenz\u25ca Dec. 22,2023 \u2014\u2014\u2014\u2014\u2014\u2014\u2014\u2014\u2014\u2014\u2014\u2014\u2014\u2014\u2014\u2014\u2014\u2014\u2014\u2014\u2014\u2014\u2014\u2014\u2014\u2014\u2014\u2014\u2014\u2014\u2014\u2014\u2014\u2014\u2014\u2014\u2014\u2014\u2014\u2014\u2014\u2014\u00a0\u00a0 F\u00fcr leichtere Lesbarkeit k\u00f6nnen Sie den Beitrag HIER als pdf lesen und herunterladen. For an easier reading experience you &hellip; <\/p>\n<p class=\"link-more\"><a href=\"https:\/\/ricercando.eu\/?p=293\" class=\"more-link\"><span class=\"screen-reader-text\">\u201ePas vraiment \u00a0(du CAHIERS) \u00a0\u00a0\u2013 \u00a0\u00a0                                                        Not really \u00a0(from NOTEBOOKS)\u201c <\/span>weiterlesen<\/a><\/p>\n","protected":false},"author":2,"featured_media":291,"comment_status":"closed","ping_status":"closed","sticky":false,"template":"","format":"standard","meta":{"footnotes":""},"categories":[1],"tags":[],"class_list":["post-293","post","type-post","status-publish","format-standard","has-post-thumbnail","hentry","category-uncategorized"],"_links":{"self":[{"href":"https:\/\/ricercando.eu\/index.php?rest_route=\/wp\/v2\/posts\/293","targetHints":{"allow":["GET"]}}],"collection":[{"href":"https:\/\/ricercando.eu\/index.php?rest_route=\/wp\/v2\/posts"}],"about":[{"href":"https:\/\/ricercando.eu\/index.php?rest_route=\/wp\/v2\/types\/post"}],"author":[{"embeddable":true,"href":"https:\/\/ricercando.eu\/index.php?rest_route=\/wp\/v2\/users\/2"}],"replies":[{"embeddable":true,"href":"https:\/\/ricercando.eu\/index.php?rest_route=%2Fwp%2Fv2%2Fcomments&post=293"}],"version-history":[{"count":2,"href":"https:\/\/ricercando.eu\/index.php?rest_route=\/wp\/v2\/posts\/293\/revisions"}],"predecessor-version":[{"id":295,"href":"https:\/\/ricercando.eu\/index.php?rest_route=\/wp\/v2\/posts\/293\/revisions\/295"}],"wp:featuredmedia":[{"embeddable":true,"href":"https:\/\/ricercando.eu\/index.php?rest_route=\/wp\/v2\/media\/291"}],"wp:attachment":[{"href":"https:\/\/ricercando.eu\/index.php?rest_route=%2Fwp%2Fv2%2Fmedia&parent=293"}],"wp:term":[{"taxonomy":"category","embeddable":true,"href":"https:\/\/ricercando.eu\/index.php?rest_route=%2Fwp%2Fv2%2Fcategories&post=293"},{"taxonomy":"post_tag","embeddable":true,"href":"https:\/\/ricercando.eu\/index.php?rest_route=%2Fwp%2Fv2%2Ftags&post=293"}],"curies":[{"name":"wp","href":"https:\/\/api.w.org\/{rel}","templated":true}]}}