{"id":335,"date":"2025-10-19T15:16:05","date_gmt":"2025-10-19T15:16:05","guid":{"rendered":"https:\/\/ricercando.eu\/?p=335"},"modified":"2026-04-27T22:42:10","modified_gmt":"2026-04-27T22:42:10","slug":"geschichtsunterricht-fuer-selbst-ernannte-anti-kolonialisten-judenhasser-eine-der-groessten-luegen-der-weltgeschichte-die","status":"publish","type":"post","link":"https:\/\/ricercando.eu\/?p=335","title":{"rendered":"GESCHICHTSUNTERRICHT f\u00fcr selbst ernannte \u201eANTI-KOLONIALISTEN\u201c\/ JUDENHASSER:                                                     &lt; Eine der gr\u00f6\u00dften L\u00fcgen der Weltgeschichte: die Erfindung und islamische \u00dcberh\u00f6hung von `Pal\u00e4stina\u00b4 >"},"content":{"rendered":"\n<p>F\u00dcR EINFACHERE LESBARKEIT K\u00d6NNEN SIE <a href=\"https:\/\/ricercando.eu\/wp-content\/uploads\/2025\/10\/GESCHICHTSUNTERRICHT-fuer-selbst-ernannte-\u201eANTI-KOLONIALISTEN-und-JUDENHASSER.pdf\">HIER<\/a> diesen Beitrag als <a href=\"https:\/\/ricercando.eu\/wp-content\/uploads\/2025\/10\/GESCHICHTSUNTERRICHT-fuer-selbst-ernannte-\u201eANTI-KOLONIALISTEN-und-JUDENHASSER.pdf\">pdf<\/a><a href=\"https:\/\/ricercando.eu\/wp-content\/uploads\/2025\/10\/Karte-Israel-Arabische-Welt\u00b4.jpg\"> <\/a>ansehen und <a href=\"https:\/\/ricercando.eu\/wp-content\/uploads\/2025\/10\/GESCHICHTSUNTERRICHT-fuer-selbst-ernannte-\u201eANTI-KOLONIALISTEN-und-JUDENHASSER.pdf\">herunterladen<\/a>  &#8211; for an easier reading experience you might read and<a href=\"https:\/\/ricercando.eu\/wp-content\/uploads\/2025\/10\/GESCHICHTSUNTERRICHT-fuer-selbst-ernannte-\u201eANTI-KOLONIALISTEN-und-JUDENHASSER.pdf\"> download<\/a> this article <a href=\"https:\/\/ricercando.eu\/wp-content\/uploads\/2025\/10\/GESCHICHTSUNTERRICHT-fuer-selbst-ernannte-\u201eANTI-KOLONIALISTEN-und-JUDENHASSER.pdf\">HERE<\/a> as <a href=\"https:\/\/ricercando.eu\/wp-content\/uploads\/2025\/10\/GESCHICHTSUNTERRICHT-fuer-selbst-ernannte-\u201eANTI-KOLONIALISTEN-und-JUDENHASSER.pdf\">pdf<\/a><\/p>\n\n\n\n<p><\/p>\n\n\n\n<p><strong>01. <\/strong><strong>Ein kurzer Abriss der Geschichte Israels<\/strong><\/p>\n\n\n\n<p><strong>Bekannt ist die Geschichte von \u201eAlice im Wunderland\u201c&nbsp; des britischen Mathematikers, Photographen, Diakons und Schriftstellers Charles Dodgson (1832-98), bekannt als \u201eLewis Carroll\u201c &#8211; was hat das \u201eWunderland\u201c mit \u201ePal\u00e4stina\u201c gemeinsam? Es gibt beides nicht. \u201ePal\u00e4stina\u201c ist kein Staat, sondern eine politische Fiktion \u2013 eine psychologische Waffe gegen Israel. <\/strong><strong><\/strong><\/p>\n\n\n\n<p><strong>Der gr\u00fcne Punkt auf der <em><u>Karte <\/u><u>OBEN<\/u><\/em> markiert den Ursprungsort des so genannten \u201eIslam\u201c in Mekka (heute in Saudi-Arabien) im Jahr 610 n. Chr. \u2013 vor 1.415 Jahren. Der blaue Punkt markiert den Ort, an dem sich das Judentum \u2013 vor 3.500 Jahren \u2013 unter den Israeliten entwickelte, \u00fcber 2.000 Jahre *bevor* der Engel Gabriel Mohammed in einer H\u00f6hle in Mekka (gr\u00fcner Punkt) angeblich in\u00b4s Ohr fl\u00fcsterte, dass er der neue Prophet Gottes sein solle.<\/strong><\/p>\n\n\n\n<p><strong>Der erste j\u00fcdische Tempel wurde 960 v. Chr. (\u00fcber 1.500 Jahre vor dem Auftauchen des so genannten \u201eIslam\u201c) in Jerusalem (blau) erbaut. Drei\u00dfig Jahre sp\u00e4ter nannten die Juden die Region die K\u00f6nigreiche \u201e<em><u>Israel<\/u><\/em>\u201c und \u201e<em>J<u>udaea<\/u><\/em>\u201c.<\/strong><\/p>\n\n\n\n<p><strong>\u00dcber drei Jahrhunderte sp\u00e4ter, im Jahr 597 v. Chr., fielen die \u201eBabylonier\u201c ein, massakrierten und vertrieben Juden und zerst\u00f6rten 586 v. Chr. den Ersten Tempel. Als die Juden 516 v. Chr. aus dem Exil zur\u00fcckkehrten, bauten sie den Tempel wieder auf und lebten Jahrhunderte lang in eben dieser Gegend, ihrem Heimatland.<\/strong><\/p>\n\n\n\n<p><strong>Die R\u00f6mer begannen ihre Invasion in Judaea im Jahr 63 v. Chr.&#8211;Nach Jahren der Konflikte und Aufst\u00e4nde zerst\u00f6rten sie im Jahr 70 nach Christi Geburt den Zweiten Tempel und vertrieben die Juden erneut. Damals gaben die r\u00f6mischen Eroberer dem Gebiet auch die strafende, <em><u>kolonialistische<\/u><\/em> Bezeichnung \u201e<em>Syria Palestina<\/em>\u201c in der Absicht, die j\u00fcdische Identit\u00e4t aus dem Land zu tilgen.<\/strong><\/p>\n\n\n\n<p><strong>Einige Juden blieben w\u00e4hrend der vielen Exilzeiten oder kehrten nach dem Exil zur\u00fcck, weshalb es zudem <em><u>immer eine<\/u> j<u>\u00fcdische Pr\u00e4senz<\/u><\/em> gab; vor der Wiederherstellung Israels im Jahr 1948 wurden <em><u>alle<\/u><\/em> dort lebenden Araber und Juden mit der <em><u>kolonialistischen<\/u><\/em> Bezeichnung \u201ePal\u00e4stinenser\u201c benannt. Sowohl Juden als auch und <em><u>besonders Araber lehnten diese Bezeichnun<\/u>g<\/em> ab \u2026!<\/strong><\/p>\n\n\n\n<p><strong>Nach einer muslimischen Eroberung Jerusalems um 634 n. Chr. im Zuge der islamischen Expansion (=<em><u>Kolonialisierun<\/u>g<\/em>) errichteten die Araber den Felsendom und die Al-Aqsa-Moschee direkt auf dem \u201eAllerheiligsten\u201c der Juden \u2013 dem inneren Heiligtum des urspr\u00fcnglichen israelitischen Tempels, in dem sich die Bundeslade mit den Zehn Geboten befand. <em><u>Dies ist die heili<\/u>g<u>ste St\u00e4tte f\u00fcr Juden, doch ist es ihnen nicht mehr <\/u>g<u>estattet, dort zu beten<\/u><\/em>.<\/strong><\/p>\n\n\n\n<p><strong>Sie k\u00f6nnen nur noch die Anbetung an der einzigen noch erhaltenen Mauer der Tempelruinen, der Ha-Kotel oder \u201eKlagemauer\u201c erreichen.<\/strong><\/p>\n\n\n\n<p><strong>F\u00fcr Muslime, deren \u201eReligion\u201c ihren Ursprung auf der arabischen Halbinsel hat (daher der Name \u201eAraber\u201c), gilt der Felsendom als \u201edrittheiligste\u201c St\u00e4tte: Mekka im heutigen Saudi-Arabien \u2013 alle Muslime wenden sich beim Gebet der Kaaba in Mekka zu \u2013 ist ihre erste heilige St\u00e4tte, und Medina, ebenfalls in Saudi-Arabien, der Ort des ersten islamischen Staates und des Grabes des Propheten Mohammed, ebenfalls im heutigen Saudi-Arabien, ist ihre zweitheiligste St\u00e4tte.<\/strong><\/p>\n\n\n\n<p><strong>Durch brutale Eroberung und Zwangskonvertierung \u2013 <\/strong><strong>KOLONIALISIERUNG<\/strong><strong> <\/strong>\u2013 <strong>verbreitete sich der Islam von Mekka aus in alle heute arabischen L\u00e4nder, die rot markiert sind. Denken Sie daran, wenn Sie das Blau des heutigen Israel betrachten.<em><u> Dies<\/u><\/em> ist <em><u>keine<\/u><\/em> Kolonisierung und<em><u> keine<\/u><\/em> \u201eBesatzung\u201c. Es ist <em><u>Entkolonialisierun<\/u>g<\/em>und die Wiederherstellung der urspr\u00fcnglichen Heimat der Juden.<\/strong><\/p>\n\n\n\n<p><strong>&#8212; Gerade die arabische Bev\u00f6lkerung im Land Israel hatte niemals den Begriff \u201ePal\u00e4stinenser\u201c f\u00fcr sich selbst akzeptiert und hat ihn ausdr\u00fccklich abgelehnt !<\/strong><\/p>\n\n\n\n<p><strong>&#8212; Erst als Arafat um 1960 eine angeblich \u201epal\u00e4stinensische\u201c `Nation\u00b4und `Geschichte\u00b4erfand, um eine angebliche `Identit\u00e4t\u00b4 f\u00fcr seinen `Kampf\u00b4 zu erfinden, wurde der Name auf einmal `positiv besetzt\u00b4 als eine der gr\u00f6\u00dften L\u00fcgen der Weltgeschichte.<\/strong><\/p>\n\n\n\n<p><strong>G\u00e4be Israel das ihm <em><u>v\u00f6lkerrechtlich zustehende<\/u><\/em> Gebiet des heute weithin so genannten \u201eWestjordan-Land\u201c (\u201eWest Bank\u201c) &#8211; <em>korrekt<\/em>: <u>Judaea<\/u> und <u>Samaria<\/u> \u2013 preis \u2013 wo sich u.a. auch der Geburtsort von Jesus (Christus) befindet &#8211; , w\u00e4re das eine existenzielle Bedrohung f\u00fcr den j\u00fcdischen Staat.<\/strong><\/p>\n\n\n\n<p><strong>Gerade auch deshalb will \u201ePal\u00e4stina\u201c und die \u201eWeltgemeinschaft\u201c darauf insistieren.<\/strong><br><\/p>\n\n\n\n<p><strong>02. Gegenwart und \u201epolitischer\u201c Umgang mit Israel &#8211; Artikel 80 der UNO-Charta: \u201e<em><u>From the River to the Sea<\/u><\/em> :<em><u> ISRAEL shall be free<\/u><\/em>\u201c !<br><br>Die so genannte \u201eAnerkennung Pal\u00e4stinas\u201c wird als \u201eein Schritt zum Frieden\u201c beworben, ist aber eine gef\u00e4hrliche Illusion.<\/strong><\/p>\n\n\n\n<p><strong>Die territoriale Aufteilung des britischen Mandatsgebiets Pal\u00e4stina gilt als ein \u201eKompromiss\u201c, auf den sich die Staatengemeinschaft (UNO) vor etwa 80 Jahren geeinigt habe. Der Teilungsbeschluss der UNO 1947 sah grunds\u00e4tzlich die (M\u00f6glichkeit der) Gr\u00fcndung eines j\u00fcdisch-israelischen und eines pal\u00e4stinensisch-arabischen Staates vor, eine so genannte <\/strong><em><strong>\u00ab<\/strong><\/em><strong>Zweistaatenl\u00f6sung\u00bb<\/strong><strong>.<\/strong><\/p>\n\n\n\n<p><strong>Am 29. November 1947 befasste sich die UNO mit dem Thema. Doch Resolution 181 war lediglich ein&nbsp;<em><u>Vorschla<\/u>g<\/em>&nbsp;\u2013 <em><u>kein<\/u><\/em> rechtsverbindlicher \u201e<em>Beschluss<\/em>\u201c. Von einem \u201epal\u00e4stinensisch-arabischen Staat\u201c ist darin <em><u>keine Rede<\/u><\/em>. &nbsp;Auch der Begriff \u201eZweistaatenl\u00f6sung\u201c stammt aus sp\u00e4terer Zeit.<\/strong><\/p>\n\n\n\n<p><strong>Des Weiteren und vor allem werden in fast allen \u201eDiskussionen\u201c jegliche Hinweise auf die noch heute g\u00fcltigen rechtlichen Grundlagen Israels verschwiegen und unterlassen:<\/strong><\/p>\n\n\n\n<p><strong>&nbsp;&#8212; Die \u201eBalfour-Erkl\u00e4rung\u201c von 1917, in der die britische Regierung ihre Unterst\u00fctzung f\u00fcr die Errichtung einer&nbsp;nationalen Heimst\u00e4tte des j\u00fcdischen Volkes&nbsp;in Pal\u00e4stina zusicherte?<\/strong><strong><br><\/strong><strong>&#8212; Das V\u00f6lkerbundmandat von 1922, das <em><u>die Briten ver<\/u>p<u>flichtete<\/u><\/em>, <em>g<u>enau diese Heimst\u00e4tte<\/u><\/em> im <em><u>Gebiet zwischen Jordan und Mittelmeer <\/u><\/em>(\u201eFrom the River to the Sea\u201c) zu verwirklichen \u2013 also in dem<em><u> Gebiet<\/u><\/em>, <em><u>das v\u00f6lkerrechtlich bis heute Israel zusteht <\/u><\/em>! <\/strong><strong><\/strong><\/p>\n\n\n\n<p><strong><em><u>Diese Rechte sind durch Artikel 80 der UNO-Charta <\/u><\/em><\/strong><strong><em>g<u>esch\u00fctzt<\/u><\/em><\/strong><strong>.<\/strong><\/p>\n\n\n\n<p><strong>&#8212;- <\/strong><strong><em>Die Gr\u00fcndung Israels war kein<\/em><\/strong><strong> \u201e<em>einseitiger Akt<\/em>\u201c:<\/strong><\/p>\n\n\n\n<p><strong>W\u00e4hrend Juden Ja sagten zum Teilungsplan, lehnten die arabischen F\u00fchrer ihn ab \u2013 und der Krieg gegen die j\u00fcdische Bev\u00f6lkerung begann. Damit war der UNO-Vorschlag gescheitert, die <em><u>Landzusa<\/u>g<u>e von 1922 blieb<\/u> j<u>edoch <\/u>g<u>\u00fclti<\/u>g<\/em>.<\/strong><\/p>\n\n\n\n<p><strong>Am 14. Mai 1948 proklamierte David Ben-Gurion den Staat Israel \u2013 nicht \u201eeinseitig\u201c, sondern auf der Grundlage des Mandats von 1922. <\/strong><strong><\/strong><\/p>\n\n\n\n<p><strong>Nur einen Tag sp\u00e4ter griffen f\u00fcnf arabische Armeen den jungen Staat an, um ihn zu vernichten. Israel \u00fcberlebte und konnte sich behaupten.<\/strong><\/p>\n\n\n\n<p><strong>Doch besetzten Jordanien und \u00c4gypten<em><u> ille<\/u>g<u>al<\/u><\/em> Judaea\/Samaria (\u201eWestjordanland\u201c\/\u201cWest Bank\u201c), Ost-Jerusalem und den Gazastreifen \u2013 Gebiete, <em><u>die Israel 1967 im Sechsta<\/u>g<u>ekrie<\/u>g<u> zur\u00fcckeroberte<\/u><\/em>.<\/strong><strong><\/strong><\/p>\n\n\n\n<p><strong>&#8212; &#8212; <em>Der Mythos der<\/em> \u201e<em>pal\u00e4stinensischen Nakhba<\/em>\u201c, <em>die vors\u00e4tzliche Verewigung des<\/em> \u201e<em>Fl\u00fcchtlingsstatus<\/em>\u201c<br><\/strong><br><strong>Der sogenannte \u201eNakhba\u201c-Mythos ist ein <em><u>klassisches Beis<\/u>p<u>iel <\/u>p<u>olitischer Geschichtsklitterun<\/u>g<\/em>.<br>Es gab Vertreibungen \u2013 teils aus strategischen Gr\u00fcnden. Doch der Grossteil der rund 650,000 \u201ePal\u00e4stinenser\u201c (Araber), die im Krieg ihre H\u00e4user verliessen, folgten Anweisungen arabischer Stellen, wie z.B. britische Polizeiberichte aus Haifa belegen.<\/strong><br><strong><br>Verschwiegen wird auch, dass \u00fcber 800 000 Juden aus arabischen L\u00e4ndern fliehen mussten oder vertrieben \u2013 dass diese L\u00e4nder \u201e<em><u>JUDENREIN<\/u><\/em>\u201c gemacht \u2013 wurden, drei Jahre nach Ende des Juden vernichtenden Hitler-Regimes im \u201eDeutschen Reich\u201c.<br>Denn die nationalsozialistische, wie auch die sowjetisch-\u201ekommunistische\u201c, Ideologie waren in die \u201eArabische Welt\u201c infiltriert worden, die begeistert der Judenvernichtung applaudierte.<\/strong><\/p>\n\n\n\n<p><strong><br><\/strong><strong>Diese Juden fanden Zuflucht in Israel, w\u00e4hrend die pal\u00e4stinensischen Fl\u00fcchtlinge von den arabischen Staaten bewusst in Fl\u00fcchtlingslager gesteckt wurden, um k\u00fcnftig als psychologische Waffe gegen Israel zu dienen. Dazu wurde ihnen ein vererbbarer Fl\u00fcchtlingsstatus zuerkannt \u2013 ein <em><u>weltweit einmali<\/u>g<u>er Sonderfall<\/u><\/em>, der das <em><u>Problem absichtlich unl\u00f6sbar <\/u><\/em>machte. Heute sprechen wir von \u00fcber f\u00fcnf Millionen \u201epal\u00e4stinensischen Fl\u00fcchtlingen\u201c, mit nur noch wenigen Vertretern der ersten Generation.<\/strong><strong><br><\/strong><\/p>\n\n\n\n<p>&#8212; <strong>ISLAMISCHE PROPAGANDASCHLACHT<\/strong> &#8211; <strong><em>Das verzerrte und verzerrende \u201eGaza\u201c-Narrativ<\/em><\/strong>:<\/p>\n\n\n\n<p><strong>Die Ursache, der Ausl\u00f6ser des letzten \u201eGaza-Kriegs\u201c ist eindeutig: der beispiellose Terrorangriff der Hamas vom 7. Oktober 2023 auf israelische M\u00e4nner, Frauen, Kinder und S\u00e4uglinge \u2013 begleitet von Massenmord, Folter und Geiselnahme.<br><em><u>Israel f\u00fchrt keinen Krie<\/u>g<\/em> \u201e<em>g<u>e<\/u>g<u>en Pal\u00e4stinenser<\/u><\/em>\u201c, sondern <em>g<u>e<\/u>g<u>en eine Terroror<\/u>g<u>anisation<\/u><\/em>, die den Gazastreifen in ein Waffenlager mit Bombenfallen verwandelt, in Zivilkleidern k\u00e4mpft und <em><u>die ei<\/u>g<u>ene Bev\u00f6lkerun<\/u>g<u> als Schutzschild missbraucht<\/u><\/em> \u2013 und <em><u>bewu\u00dft und <\/u>g<u>ezielt<\/u><\/em> an den Folgen davon \u201e<em><u>Israel die Schuld<\/u> g<u>eben<\/u><\/em>\u201c will !<\/strong><\/p>\n\n\n\n<p><strong>Dass der Gazastreifen heute in Tr\u00fcmmern liegt, ist direkte Folge dieser Taktik \u2013 und <em><u>wird von der Hamas <\/u>p<u>ro<\/u>p<u>a<\/u>g<u>andistisch aus<\/u>g<u>eschlachtet<\/u><\/em>.<\/strong><\/p>\n\n\n\n<p><strong>Dies ist aber nur m\u00f6glich, weil die angeblich \u201ekritische\u201c Bev\u00f6lkerung der angeblich \u201edemokratischen\u201c\u00a0 \u201ewestlichen\u201c L\u00e4nder nirgends objektiv und sachlich zu informieren versucht wird, und diese Bev\u00f6lkerung das auch nicht selbst versucht: ist \u201ezu anstrengend\u201c.<br>Unz\u00e4hlige internationale \u201eFreie Medien\u201c \u00fcbernehmen die \u201epal\u00e4stinensischen\u201c Narrative ungepr\u00fcft und \u201eberichten\u201c tendenzi\u00f6s bis einseitig, selbst angeblich und selbst ernannt \u201eisraelfreundliche\u201c Journalisten und Politiker verwenden unsachliche, der Realit\u00e4t nicht entsprechende <em><u>einseiti<\/u>g<u>e<\/u><\/em> Aussagen, und angeblich \u201em\u00fcndige B\u00fcrger\u201c plappern dies nach, nicht zuletzt auch weil es viel mehr \u201emuslimische Mitb\u00fcrger\u201c gibt, welchen die \u201eDeutungshoheit\u201c erlaubt wird, u.a. auch um nicht als \u201eislamophob\u201c, \u201eausl\u00e4nderfeindlich\u201c und so weiter diffamiert zu werden, um nicht \u201eKunden\u201c oder \u201eMitarbeiter\u201c zu \u201ebr\u00fcskieren\u201c.<br><br>Doch wahrheitsgem\u00e4\u00dfe Aussagen k\u00f6nnen niemanden \u201everletzen\u201c oder \u201ebr\u00fcskieren\u201c, es sei denn, jemand \u00fcbernimmt gern oder aus \u201eBequemlichkeit\u201c oder Unwissenheit L\u00fcgen und alle gew\u00f6hnen sich daran, des \u201eFriedens\u201c zu Willen.<\/strong><\/p>\n\n\n\n<p><strong>Durch selektive Bildauswahl und \u201emoralische\u201c Zuspitzung entsteht ein verzerrtes Bild, das Israels <em><u>Verteidi<\/u>g<u>un<\/u>g<\/em> als \u201eAggression\u201c darstellt und so ungewollt die Rhetorik der Hamas st\u00fctzt.<\/strong><strong><br><\/strong><strong>Nicht \u201eNetanyahu\u201c<\/strong><strong>, <\/strong><strong>sondern die Hamas hat den Krieg verl\u00e4ngert<\/strong><strong>.<\/strong><\/p>\n\n\n\n<p><strong>Mit einer Freilassung der Geiseln h\u00e4tte sie ihn l\u00e4ngst fr\u00fcher stoppen k\u00f6nnen.<\/strong><\/p>\n\n\n\n<p>&#8212; <strong><em>Die Anerkennung<\/em><\/strong><strong> \u201e<\/strong><strong><em>Pal\u00e4stinas<\/em><\/strong><strong>\u201c \u2013 <\/strong><strong><em>historisch und v\u00f6lkerrechtlich <\/em><\/strong><strong>UNHALTBAR<\/strong><\/p>\n\n\n\n<p><strong>Etliche \u201eJournalisten\u201c, \u201ePolitiker\u201c und andere Fragw\u00fcrdige d\u00fcrfen unwidersprochen irreales Geschw\u00e4tz behaupten, wie, die Alternative zu einer \u201eAnerkennung\u201c von \u201ePal\u00e4stina\u201c sei \u201eendloser Krieg\u201c, der weder \u201ePal\u00e4stinensern\u201c noch Israeli ein Leben in Sicherheit erm\u00f6gliche, usw. usf.<\/strong><strong><br><\/strong><strong>Ein \u201eLeben in Sicherheit\u201c???<\/strong><\/p>\n\n\n\n<p><strong>Ein \u201ePal\u00e4stinenser\u201c-Staat w\u00fcrde Israels Existenz gef\u00e4hrden: Die <em><u>Charta der PLO<\/u><\/em>\/<em><u>Fatah will Israel ausl\u00f6schen<\/u><\/em> \u2013 <\/strong><strong>NICHT NUR DIE <\/strong><strong>der \u201eHamas\u201c !<br>Kinder an den <em>UNRWA<\/em>(!!!)-Schulen \u2013 Vertreter angeblich \u201efreier\u201c, \u201ewestlicher\u201c Nationen, die den Begriff \u201eHassrede\u201c erfunden haben, um \u201ezu kritische\u201c Stimmen verfolgen und aburteilen zu k\u00f6nnen (SIEHE u.a.:\u00a0 https:\/\/ricercando.eu\/?p=105 ) &#8211; lernen von klein auf, Juden und Israel zu hassen. Israel existiert in ihren B\u00fcchern nicht. \u00dcber 80% der \u201earmen unschuldigen friedlichen\u201c\u00a0 `Pal\u00e4stinenser\u00b4 anerkennen Israels Existenz nicht.<\/strong><\/p>\n\n\n\n<p><strong>Doch \u201eim freien Westen\u201c wird unbelehrbar, dumm und verdummend geplappert, wenn mehr westliche L\u00e4nder die Eigenstaatlichkeit Pal\u00e4stinas anerkennten, sei das \u201ekeine Belohnung des Terrors\u201c, auch \u201ekeine antiisraelische Geste\u201c, sondern sei angeblich eine Besinnung auf den UNO-Beschluss von 1947:\u00a0 <em>\u00ab<\/em>zwei Staaten f\u00fcr zwei V\u00f6lker\u00bb.<\/strong><\/p>\n\n\n\n<p><strong>Doch GENAU DAS ist <\/strong><strong><em><u>historisch<\/u><\/em><\/strong><strong>,<\/strong><strong><em><u> v\u00f6lkerrechtlich<\/u><\/em><\/strong><strong> und politisch <\/strong><strong><em><u>unhaltbar<\/u><\/em><\/strong><strong>.<\/strong><\/p>\n\n\n\n<p><strong>F\u00fcr die \u201eHamas\u201c ist die Anerkennung ein Triumph \u2013 ein Signal, dass Gewalt sich auszahlt.<\/strong><\/p>\n\n\n\n<p><strong>F\u00fcr andere Staaten ist es eine diplomatische Geste ohne Substanz, f\u00fcr manche schlicht Ausdruck antiisraelischer Haltung.<br>Der \u201eTeilungsvorschlag\u201c von 1947 ist l\u00e4ngst obsolet. Er scheiterte am\u00a0\u201eNein\u201c\u00a0der arabischen Seite.<\/strong><\/p>\n\n\n\n<p><strong>Zudem ging es seinerzeit nicht um \u201ePal\u00e4stinenser\u201c, sondern um einen <em><u>arabischen<\/u><\/em> Staat. In den 1960er Jahren erkl\u00e4rte Arafat in bester <em><u>HITLER<\/u><\/em>&#8211;<em><u>MANIER<\/u><\/em>, man habe ein neues Volk <em><u>erschaffen<\/u><\/em>, um K\u00e4mpfer statt Fl\u00fcchtlinge zu sein. Die \u201ePLO\u201c <em><u>erfand <\/u><\/em>eine \u201eNation\u201c, ein \u201eVolk\u201c, eine \u201eGeschichte\u201c, die es NIE GEGEBEN HAT.<\/strong><\/p>\n\n\n\n<p><strong>Nur, um ISRAEL zu VERNICHTEN.<\/strong><\/p>\n\n\n\n<p><strong>&#8212; <em>Illusion statt Realit\u00e4t<\/em><br>Die \u201eAnerkennung Pal\u00e4stinas\u201c wird als \u201eSchritt zum Frieden\u201c verkauft, ist aber in Wahrheit eine gef\u00e4hrliche Illusion.<\/strong><\/p>\n\n\n\n<p><strong><br>Seit \u00fcber hundert Jahren bek\u00e4mpfen islamisch-arabische Kr\u00e4fte die legale j\u00fcdische Pr\u00e4senz im Land Israel \u2013 unabh\u00e4ngig von Grenzen, Premierministern oder Friedensverhandlungen. Grundlage ist auch die (arabisch-)islamische Doktrin, wonach\u00a0\u201eDar al-Islam\u201c\u2013 einmal islamisches Gebiet \u2013 nie mehr unter nichtmuslimische Herrschaft geraten darf.<\/strong><\/p>\n\n\n\n<p><strong><br>Doch anstatt hierzu fundiertes <em><u>Wissen <\/u><\/em>zu f\u00f6rdern, werden TikTok- und Facebook-gerechte \u201eemotionale Narrative\u201c kolportiert, die Israels Handeln delegitimieren und das arabische \u201eOpferbild\u201c st\u00fctzen.<br>Geschichtsklitterung ist nicht \u201eJournalismus\u201c, ist nicht Bildung \u2013 sie bedeutet <em><u>Mani<\/u>p<u>ulation<\/u><\/em>.\u00a0<\/strong><\/p>\n\n\n\n<p><\/p>\n\n\n\n<p><strong>Copyright for this text is entirely and exclusively with:<\/strong><\/p>\n\n\n\n<p>FiNiTESTi PUBLISHING, <strong>Berlin<\/strong>\/Konstanz, Fed. Republic of Germany \u2013<\/p>\n\n\n\n<p><strong>Disregard of property and usage rights, unauthorized use, copying, linking, forwarding, commenting etc. of texts, parts of texts and all photos, individually, also in montage, contexts, compilations without permission will indictably be PROSECUTED !\u00a0\u00a0\u00a0\u00a0 <\/strong>\u00a0\u00a0\u00a0\u00a0\u00a0\u00a0\u00a0\u00a0\u00a0\u00a0\u00a0\u00a0\u00a0\u00a0\u00a0\u00a0\u00a0\u00a0\u00a0\u00a0\u00a0\u00a0\u00a0\u00a0\u00a0\u00a0\u00a0\u00a0\u00a0\u00a0\u00a0\u00a0\u00a0\u00a0\u00a0\u00a0\u00a0\u00a0\u00a0\u00a0\u00a0\u00a0\u00a0\u00a0\u00a0\u00a0\u00a0\u00a0\u00a0\u00a0\u00a0\u00a0\u00a0\u00a0\u00a0\u00a0\u00a0\u00a0\u00a0\u00a0\u00a0\u00a0\u00a0\u00a0\u00a0\u00a0\u00a0\u00a0\u00a0\u00a0\u00a0\u00a0\u00a0\u00a0\u00a0\u00a0\u00a0\u00a0\u00a0\u00a0\u00a0\u00a0\u00a0\u00a0\u00a0\u00a0\u00a0\u00a0\u00a0\u00a0\u00a0\u00a0\u00a0\u00a0\u00a0\u00a0\u00a0\u00a0\u00a0\u00a0\u00a0\u00a0\u00a0\u00a0\u00a0\u00a0\u00a0\u00a0\u00a0\u00a0\u00a0\u00a0\u00a0\u00a0\u00a0\u00a0\u00a0\u00a0\u00a0\u00a0\u00a0\u00a0\u00a0\u00a0\u00a0\u00a0\u00a0\u00a0\u00a0\u00a0\u00a0\u00a0\u00a0\u00a0\u00a0\u00a0\u00a0\u00a0\u00a0\u00a0\u00a0\u00a0\u00a0\u00a0\u00a0\u00a0\u00a0\u00a0\u00a0\u00a0\u00a0\u00a0\u00a0\u00a0\u00a0\u00a0\u00a0\u00a0\u00a0\u00a0\u00a0\u00a0\u00a0\u00a0\u00a0\u00a0\u00a0\u00a0\u00a0\u00a0 \u00a0\u00a0\u00a0\u00a0\u00a0\u00a0\u00a0\u00a0\u00a0\u00a0\u00a0\u00a0\u00a0 October 19th, 2025<\/p>\n\n\n\n<p><\/p>\n","protected":false},"excerpt":{"rendered":"<p>F\u00dcR EINFACHERE LESBARKEIT K\u00d6NNEN SIE HIER diesen Beitrag als pdf ansehen und herunterladen &#8211; for an easier reading experience you might read and download this article HERE as pdf 01. Ein kurzer Abriss der Geschichte Israels Bekannt ist die Geschichte von \u201eAlice im Wunderland\u201c&nbsp; des britischen Mathematikers, Photographen, Diakons und Schriftstellers Charles Dodgson (1832-98), bekannt &hellip; <\/p>\n<p class=\"link-more\"><a href=\"https:\/\/ricercando.eu\/?p=335\" class=\"more-link\"><span class=\"screen-reader-text\">\u201eGESCHICHTSUNTERRICHT f\u00fcr selbst ernannte \u201eANTI-KOLONIALISTEN\u201c\/ JUDENHASSER:                                                     &lt; Eine der gr\u00f6\u00dften L\u00fcgen der Weltgeschichte: die Erfindung und islamische \u00dcberh\u00f6hung von `Pal\u00e4stina\u00b4 >\u201c <\/span>weiterlesen<\/a><\/p>\n","protected":false},"author":2,"featured_media":334,"comment_status":"closed","ping_status":"closed","sticky":true,"template":"","format":"standard","meta":{"footnotes":""},"categories":[5],"tags":[27,26],"class_list":["post-335","post","type-post","status-publish","format-standard","has-post-thumbnail","hentry","category-actually-and-fundamentally","tag-geschichte-israels","tag-israel"],"_links":{"self":[{"href":"https:\/\/ricercando.eu\/index.php?rest_route=\/wp\/v2\/posts\/335","targetHints":{"allow":["GET"]}}],"collection":[{"href":"https:\/\/ricercando.eu\/index.php?rest_route=\/wp\/v2\/posts"}],"about":[{"href":"https:\/\/ricercando.eu\/index.php?rest_route=\/wp\/v2\/types\/post"}],"author":[{"embeddable":true,"href":"https:\/\/ricercando.eu\/index.php?rest_route=\/wp\/v2\/users\/2"}],"replies":[{"embeddable":true,"href":"https:\/\/ricercando.eu\/index.php?rest_route=%2Fwp%2Fv2%2Fcomments&post=335"}],"version-history":[{"count":2,"href":"https:\/\/ricercando.eu\/index.php?rest_route=\/wp\/v2\/posts\/335\/revisions"}],"predecessor-version":[{"id":339,"href":"https:\/\/ricercando.eu\/index.php?rest_route=\/wp\/v2\/posts\/335\/revisions\/339"}],"wp:featuredmedia":[{"embeddable":true,"href":"https:\/\/ricercando.eu\/index.php?rest_route=\/wp\/v2\/media\/334"}],"wp:attachment":[{"href":"https:\/\/ricercando.eu\/index.php?rest_route=%2Fwp%2Fv2%2Fmedia&parent=335"}],"wp:term":[{"taxonomy":"category","embeddable":true,"href":"https:\/\/ricercando.eu\/index.php?rest_route=%2Fwp%2Fv2%2Fcategories&post=335"},{"taxonomy":"post_tag","embeddable":true,"href":"https:\/\/ricercando.eu\/index.php?rest_route=%2Fwp%2Fv2%2Ftags&post=335"}],"curies":[{"name":"wp","href":"https:\/\/api.w.org\/{rel}","templated":true}]}}